{"id":118202,"date":"2025-09-16T06:29:11","date_gmt":"2025-09-16T06:29:11","guid":{"rendered":"https:\/\/www.europesays.com\/es\/118202\/"},"modified":"2025-09-16T06:29:11","modified_gmt":"2025-09-16T06:29:11","slug":"duplantis-vuela-630-metros-para-reescribir-su-record-del-mundo-en-salto-de-pertiga-el-pais-expres","status":"publish","type":"post","link":"https:\/\/www.europesays.com\/es\/118202\/","title":{"rendered":"Duplantis vuela 6,30 metros para reescribir su r\u00e9cord del mundo en salto de p\u00e9rtiga | El PA\u00cdS Expr\u00e9s"},"content":{"rendered":"<p><img fetchpriority=\"high\" alt=\"TOKYO, Sept. 15, 2025  -- Armand Duplantis of Sweden competes during the men's pole vault final at the 2025 World Athletics Championships in Tokyo, Japan, Sept. 15, 2025.,Image: 1037541315, License: Rights-managed, Restrictions: , Model Release: no, Credit line: Ju Huanzong \/ Xinhua News \/ ContactoPhoto&#10;Editorial licence valid only for Spain and 3 MONTHS from the date of the image, then delete it from your archive. For non-editorial and non-licensed use, please contact EUROPA PRESS.&#13;&#10;15\/09\/2025 ONLY FOR USE IN SPAIN\" decoding=\"auto\" class=\"_re  a_m-h\" height=\"414\"  width=\"414\"  src=\"https:\/\/www.europesays.com\/es\/wp-content\/uploads\/2025\/09\/7GNVIVYCFBBVTNDDVDR2VE3THI.jpg\" loading=\"eager\"\/>TOKYO, Sept. 15, 2025  &#8212; Armand Duplantis of Sweden competes during the men&#8217;s pole vault final at the 2025 World Athletics Championships in Tokyo, Japan, Sept. 15, 2025.,Image: 1037541315, License: Rights-managed, Restrictions: , Model Release: no, Credit line: Ju Huanzong \/ Xinhua News \/ ContactoPhoto<br \/>\nEditorial licence valid only for Spain and 3 MONTHS from the date of the image, then delete it from your archive. For non-editorial and non-licensed use, please contact EUROPA PRESS.&#13;<br \/>\n15\/09\/2025 ONLY FOR USE IN SPAINFOTO: XINHUA v\u00eda Europa Press<\/p>\n<p class=\"\">El sueco Mondo Duplantis ha vuelto a hacer historia al batir su propio r\u00e9cord del mundo con un salto de p\u00e9rtiga de 6,30 metros en el Mundial de Atletismo de Tokio, Jap\u00f3n.<\/p>\n<ul>\n<li>Hasta ahora, el registro estaba en los 6,27 metros que \u00e9l mismo logr\u00f3 en marzo.<\/li>\n<li>Y parece no tener l\u00edmites: a sus 25 a\u00f1os, el sueco ya ha batido 14\u00ba r\u00e9cord del mundo. La primera vez fue en 2020, cuando rebas\u00f3 un list\u00f3n de 6,17m.<\/li>\n<\/ul>\n<p class=\"\"><b>\u00bfC\u00f3mo les va a los atletas espa\u00f1oles en el Mundial?<\/b><\/p>\n<ul>\n<li>Mar\u00eda P\u00e9rez ha conseguido el primer oro espa\u00f1ol en la modalidad de 35 kil\u00f3metros marcha.<\/li>\n<li>Quique Llopis ya est\u00e1 en las semifinales de los 110 metros vallas.<\/li>\n<li>Paula Sevilla disputa hoy las semifinales de 400 metros.<\/li>\n<li>Adri\u00e1n Ben y Marta P\u00e9rez ya est\u00e1n en la final de los 1.500 metros lisos.<\/li>\n<li>Y por primera vez Espa\u00f1a tiene dos finalistas en longitud en un Campeonato del Mundo: Lester Lescay y Javi Guerra.<\/li>\n<\/ul>\n<p class=\"\"><b>A\u00fan queda mucho por ver. <\/b>El Mundial, que arranc\u00f3 el pasado 13 de septiembre, finalizar\u00e1 el domingo 21.<\/p>\n<p class=\"\">\u00a9Foto: XINHUA v\u00eda Europa Press<\/p>\n<p class=\"\"><a href=\"https:\/\/elpais.com\/deportes\/2025-09-15\/mondo-duplantis-salta-630-metros-y-bate-otra-vez-su-propio-record-del-mundo.html\" target=\"_self\" rel=\"nofollow noopener\" title=\"https:\/\/elpais.com\/deportes\/2025-09-15\/mondo-duplantis-salta-630-metros-y-bate-otra-vez-su-propio-record-del-mundo.html\">Si quieres saber m\u00e1s, puedes leer aqu\u00ed.<\/a><\/p>\n","protected":false},"excerpt":{"rendered":"TOKYO, Sept. 15, 2025 &#8212; Armand Duplantis of Sweden competes during the men&#8217;s pole vault final at the&hellip;\n","protected":false},"author":2,"featured_media":118203,"comment_status":"","ping_status":"","sticky":false,"template":"","format":"standard","meta":{"footnotes":""},"categories":[93],"tags":[11485,168,25,24,3564,6677,10410,39057,23,167],"class_list":{"0":"post-118202","1":"post","2":"type-post","3":"status-publish","4":"format-standard","5":"has-post-thumbnail","7":"category-deportes","8":"tag-atletismo","9":"tag-deportes","10":"tag-es","11":"tag-espana","12":"tag-japon","13":"tag-record-deportivo","14":"tag-record-mundial","15":"tag-salto-con-pertiga","16":"tag-spain","17":"tag-sports"},"share_on_mastodon":{"url":"","error":""},"_links":{"self":[{"href":"https:\/\/www.europesays.com\/es\/wp-json\/wp\/v2\/posts\/118202","targetHints":{"allow":["GET"]}}],"collection":[{"href":"https:\/\/www.europesays.com\/es\/wp-json\/wp\/v2\/posts"}],"about":[{"href":"https:\/\/www.europesays.com\/es\/wp-json\/wp\/v2\/types\/post"}],"author":[{"embeddable":true,"href":"https:\/\/www.europesays.com\/es\/wp-json\/wp\/v2\/users\/2"}],"replies":[{"embeddable":true,"href":"https:\/\/www.europesays.com\/es\/wp-json\/wp\/v2\/comments?post=118202"}],"version-history":[{"count":0,"href":"https:\/\/www.europesays.com\/es\/wp-json\/wp\/v2\/posts\/118202\/revisions"}],"wp:featuredmedia":[{"embeddable":true,"href":"https:\/\/www.europesays.com\/es\/wp-json\/wp\/v2\/media\/118203"}],"wp:attachment":[{"href":"https:\/\/www.europesays.com\/es\/wp-json\/wp\/v2\/media?parent=118202"}],"wp:term":[{"taxonomy":"category","embeddable":true,"href":"https:\/\/www.europesays.com\/es\/wp-json\/wp\/v2\/categories?post=118202"},{"taxonomy":"post_tag","embeddable":true,"href":"https:\/\/www.europesays.com\/es\/wp-json\/wp\/v2\/tags?post=118202"}],"curies":[{"name":"wp","href":"https:\/\/api.w.org\/{rel}","templated":true}]}}