{"id":118209,"date":"2025-09-16T06:34:07","date_gmt":"2025-09-16T06:34:07","guid":{"rendered":"https:\/\/www.europesays.com\/es\/118209\/"},"modified":"2025-09-16T06:34:07","modified_gmt":"2025-09-16T06:34:07","slug":"guerra-de-israel-en-gaza-ultima-hora-en-directo-hoy-2","status":"publish","type":"post","link":"https:\/\/www.europesays.com\/es\/118209\/","title":{"rendered":"Guerra de Israel en Gaza, \u00faltima hora en directo hoy"},"content":{"rendered":"<p>Cuando la <strong>guerra en Gaza<\/strong> va camino de cumplir dos a\u00f1os, este martes todo parece indicar que el Ej\u00e9rcito israel\u00ed ha iniciado la anunciada \u00abofensiva final\u00bb sobre la ciudad de Gaza, la capital del enclave, donde seg\u00fan la ONU viv\u00eda 1 mill\u00f3n de personas. Se han registrado ataques de aviaci\u00f3n y artiller\u00eda y la infanter\u00eda avanza. \u00abGaza est\u00e1 ardiendo\u00bb, ha presumido el ministro de Defensa israel\u00ed.<\/p>\n<p>Mientras, en el mundo se multiplican los actos de repulsa por la operaci\u00f3n militar israel\u00ed. Varios pa\u00edses, incluidos Francia, Canad\u00e1 y Australia, planean reconocer a Palestina como Estado en la pr\u00f3xima sesi\u00f3n de la Asamblea de la <strong>ONU<\/strong>. <\/p>\n<p>En Espa\u00f1a, tras el protagonismo de las protestas propalestinas en La Vuelta a Espa\u00f1a, el presidente, <strong>Pedro S\u00e1nchez<\/strong>, ha pedido que Israel sea excluido de todas las competiciones deportivas. El Consejo de Administraci\u00f3n de RTVE decide hoy si se retira del festival de <strong>Eurovisi\u00f3n<\/strong> si Israel participa en la pr\u00f3xima edici\u00f3n, como ya han anunciado otras televisiones p\u00fablicas europeas. <\/p>\n<p>En directo, guerra de Israel en Gaza:<\/p>\n<p>                    <img decoding=\"async\" alt=\"Miguel Charte\" src=\"https:\/\/img2.rtve.es\/aplicaciones\/rtve-app-mam\/imagen\/firmas\/5e15fdde6ce98_miguel-charte.jpg\"\/><\/p>\n<p>                    <strong>Miguel Charte<\/strong><\/p>\n<p>\n                Minuto<br \/>\n                Descripci\u00f3n\n            <\/p>\n<ul class=\"eventos\">\n<li class=\"idmam1584832 evento event \">\n<p>                        8:27<\/p>\n<p><strong>Acci\u00f3n con el benepl\u00e1cito de EE.UU.\u00a0<\/strong><\/p>\n<p>\u00a0<\/p>\n<p><strong>Jes\u00fas A. N\u00fa\u00f1ez Villaverde<\/strong>, codirector del Instituto de Estudios sobre Conflictos y Acci\u00f3n Humanitaria (IECAH), asegura en La Hora de La 1 de TVE que la ofensiva del Ej\u00e9rcito israel\u00ed se lleva a cabo \u00abcon el benepl\u00e1cito de EE.UU.\u00bb\u00a0<\/p>\n<p>\u00a0<\/p>\n<p>N\u00fa\u00f1ez destaca que \u00abno existe ninguna zona segura en la ciudad de Gaza\u00bb y que, para Israel, los palestinos que no hayan salido de la ciudad de Gaza \u00abquedan definidos como colaboracionistas de Ham\u00e1s, por lo tanto son terrotiroistas, por lo tanto objetivos legitimos&#8230; Todo ser humano que queda ah\u00ed se convierte en objetivo\u00bb. \u00abEs ejecutar una poblaci\u00f3n desarmada\u00bb, a\u00f1ade, y \u00abuna m\u00e1s de las violaciones del derecho internacional\u00bb.<\/p>\n<\/li>\n<li class=\"idmam1584831 evento event \">\n<p>                        8:21<\/p>\n<p><strong>V\u00eddeo:<\/strong> Israel inicia la ofensiva terrestre contra la ciudad de Gaza<\/p>\n<p>\t<a class=\"videoBox\" href=\"https:\/\/www.rtve.es\/play\/videos\/la-hora-de-la-1\/israel-ofensiva-terrestre-ocupar-gaza\/16730515\/\" rel=\"nofollow noopener\" target=\"_blank\"><\/p>\n<p>\t\t\t<img decoding=\"async\" alt=\"rtve\" src=\"https:\/\/img2.rtve.es\/css\/rtve.commons\/rtve.header.footer\/i\/logoRTVEes.png\" height=\"20\"\/><br \/>\n\t\t\t<strong>Soldados israel\u00edes posicionados en la frontera de la Ciudad de Gaza en una imagen captada desde el sur de Israel.<\/strong><\/p>\n<p>\t<\/a><\/p>\n<\/li>\n<li class=\"idmam1584830 evento event \">\n<p>                        8:19<\/p>\n<p><strong>Rubio advirti\u00f3 del comienzo de la operaci\u00f3n israel\u00ed\u00a0<\/strong><\/p>\n<p>\u00a0<\/p>\n<p>El secretario de Estado de EE.UU., que ha visit\u00f3 ayer Israel, advirti\u00f3 que Ham\u00e1s solo ten\u00eda unos d\u00edas para aceptar un acuerdo de tregua, antes de partir de Israel el martes hacia Qatar.<\/p>\n<p>\u00a0<\/p>\n<p>\u00abLos israel\u00edes han iniciado operaciones all\u00ed. Por lo tanto, creemos que tenemos un plazo muy breve para alcanzar un acuerdo\u00bb con el movimiento islamista palestino, declar\u00f3 Marco Rubio a la prensa, refiri\u00e9ndose a \u00abunos d\u00edas\u00bb o \u00absemanas\u00bb. (Afp)<\/p>\n<\/li>\n<li class=\"idmam1584829 evento event \">\n<p>                        7:59<\/p>\n<p>Tambi\u00e9n estaremos pendientes de las relaciones entre Espa\u00f1a e Israel y de las consecuencias de las protestas propalestinas en la Vuelta Ciclista a Espa\u00f1a.\u00a0<\/p>\n<p>\u00a0<\/p>\n<p><a href=\"https:\/\/www.rtve.es\/noticias\/20250915\/sanchez-defiende-ni-rusia-ni-israel-competiciones-deportivas-hasta-no-cese-barbarie\/16729447.shtml\" target=\"_blank\" rel=\"nofollow noopener\">Pedro S\u00e1nchez ha pedido que Israel sea excuido de todas las competiciones deportivas<\/a>, e <a href=\"https:\/\/www.rtve.es\/noticias\/20250915\/ministro-exteriores-israeli-sanchez-antisemita-pedir-expulsion-israel-competiciones\/16730040.shtml\" target=\"_blank\" rel=\"nofollow noopener\">Israel le ha acusado como hace habitualmente con todos los que le critican, de \u00abantisemita\u00bb<\/a>.<\/p>\n<p>\u00a0<\/p>\n<p>Hoy el Consejo de Administraci\u00f3n de RTVE decidir\u00e1 si se retira del concurso musical de Eurovisi\u00f3n en caso de que Israel participe en la pr\u00f3xima edici\u00f3n.\u00a0<\/p>\n<\/li>\n<li class=\"idmam1584828 evento event \">\n<p>                        7:56<\/p>\n<p>Durante toda la noche, las explosiones han mantenido en vilo a los habitantes del enclave. Al amanecer, las columnas de humo ya eran visibles. \u00abGaza est\u00e1 ardiendo\u00bb, ha presumido el ministro de Defensa israel\u00ed tras los ataques.<\/p>\n<p>\u00a0<\/p>\n<p>El portavoz de la Defensa Civil de Gaza, Mahmoud Bassal, ha declarado a la prensa que \u00ablos bombardeos contin\u00faan con intensidad en toda la ciudad\u00bb, y ha a\u00f1adido que \u00abel n\u00famero de muertos y heridos sigue aumentando\u00bb.<\/p>\n<p>\u00a0<\/p>\n<p>\u00abHay v\u00edctimas y desaparecidos bajo los escombros tras los ataques a\u00e9reos israel\u00edes contra un complejo residencial cerca de la plaza Al-Shawa en la ciudad de Gaza\u00bb, ha declarado, describi\u00e9ndolo como \u00ab<strong>una gran masacre<\/strong>\u00ab.<\/p>\n<\/li>\n<li class=\"idmam1584827 evento event \">\n<p>                        7:56<\/p>\n<p>Buenos d\u00edas. Abrimos\u00a0a esta hora un relato minuto a minuto de la actualidad sobre la guerra en Gaza y todo lo relacionado la situaci\u00f3n en Oriente Medio.\u00a0<\/p>\n<p>Desde la Franja llegan noticias de que <a href=\"https:\/\/www.rtve.es\/noticias\/20250916\/ejercito-israeli-ofensiva-terrestre-ocupar-ciudad-gaza\/16730472.shtml\" target=\"_blank\" rel=\"nofollow noopener\">el Ej\u00e9rcito israel\u00ed ha podido iniciar hoy la anunciada \u00abofensiva final\u00bb<\/a> sobre la ciudad de Gaza, la capital del enclave, donde seg\u00fan la ONU viv\u00eda 1\u00a0mill\u00f3n de personas.<\/p>\n<\/li>\n<\/ul>\n","protected":false},"excerpt":{"rendered":"Cuando la guerra en Gaza va camino de cumplir dos a\u00f1os, este martes todo parece indicar que el&hellip;\n","protected":false},"author":2,"featured_media":118210,"comment_status":"","ping_status":"","sticky":false,"template":"","format":"standard","meta":{"footnotes":""},"categories":[42],"tags":[17,18,13,14,11,61,62,63,64,19,20,9,10,15,16,12,21,22,65,66,67],"class_list":{"0":"post-118209","1":"post","2":"type-post","3":"status-publish","4":"format-standard","5":"has-post-thumbnail","7":"category-internacional","8":"tag-breaking-news","9":"tag-breakingnews","10":"tag-featured-news","11":"tag-featurednews","12":"tag-headlines","13":"tag-internacional","14":"tag-international","15":"tag-international-news","16":"tag-internationalnews","17":"tag-latest-news","18":"tag-latestnews","19":"tag-news","20":"tag-noticias","21":"tag-noticias-destacadas","22":"tag-noticiasdestacadas","23":"tag-titulares","24":"tag-ultimas-noticias","25":"tag-ultimasnoticias","26":"tag-world","27":"tag-world-news","28":"tag-worldnews"},"share_on_mastodon":{"url":"","error":""},"_links":{"self":[{"href":"https:\/\/www.europesays.com\/es\/wp-json\/wp\/v2\/posts\/118209","targetHints":{"allow":["GET"]}}],"collection":[{"href":"https:\/\/www.europesays.com\/es\/wp-json\/wp\/v2\/posts"}],"about":[{"href":"https:\/\/www.europesays.com\/es\/wp-json\/wp\/v2\/types\/post"}],"author":[{"embeddable":true,"href":"https:\/\/www.europesays.com\/es\/wp-json\/wp\/v2\/users\/2"}],"replies":[{"embeddable":true,"href":"https:\/\/www.europesays.com\/es\/wp-json\/wp\/v2\/comments?post=118209"}],"version-history":[{"count":0,"href":"https:\/\/www.europesays.com\/es\/wp-json\/wp\/v2\/posts\/118209\/revisions"}],"wp:featuredmedia":[{"embeddable":true,"href":"https:\/\/www.europesays.com\/es\/wp-json\/wp\/v2\/media\/118210"}],"wp:attachment":[{"href":"https:\/\/www.europesays.com\/es\/wp-json\/wp\/v2\/media?parent=118209"}],"wp:term":[{"taxonomy":"category","embeddable":true,"href":"https:\/\/www.europesays.com\/es\/wp-json\/wp\/v2\/categories?post=118209"},{"taxonomy":"post_tag","embeddable":true,"href":"https:\/\/www.europesays.com\/es\/wp-json\/wp\/v2\/tags?post=118209"}],"curies":[{"name":"wp","href":"https:\/\/api.w.org\/{rel}","templated":true}]}}