{"id":118211,"date":"2025-09-16T06:35:07","date_gmt":"2025-09-16T06:35:07","guid":{"rendered":"https:\/\/www.europesays.com\/es\/118211\/"},"modified":"2025-09-16T06:35:07","modified_gmt":"2025-09-16T06:35:07","slug":"bds-el-grupo-made-in-palestina-que-logro-boicotear-la-vuelta-en-madrid-le-dijimos-al-gobierno-espanol-que-no-vamos-a-parar-el-mundo","status":"publish","type":"post","link":"https:\/\/www.europesays.com\/es\/118211\/","title":{"rendered":"BDS, el grupo &#039;made in Palestina&#039; que logr\u00f3 boicotear la Vuelta en Madrid: &quot;Le dijimos al Gobierno Espa\u00f1ol que no vamos a parar&quot; &#8211; El Mundo"},"content":{"rendered":"<ol>\n<li><a href=\"https:\/\/news.google.com\/rss\/articles\/CBMiekFVX3lxTFBmNXVHMzZpNWl3dzFvcDlMbXN3ckwwN2E0UmJ3RGdJeFdDV2hrSnYxLWhuRWR3TnNIdWVXMHdGQjJyZTRHRENPNTgzdXFETXExdGVpY0FjemIyQW9kY0Nabmt5b21qNUNndks5VV85dW1rQy1MQWxUNjlB0gF6QVVfeXFMTzJWLWdKenQ3aDA4b1lQb1RDODRzUkpmZmRBbGtmUnU5Mmc1NnFfM1ZwcElhVlpxTkU4RmpzWm9xS3FLdk1EOUZoUXp6ME96UThqSGl3UGVfUV9JVFpwVkZmZHhDSG9XclJZQ1RCVVlPWFFaaHlWdW5EeEE?oc=5\" target=\"_blank\" rel=\"nofollow noopener\">BDS, el grupo &#8216;made in Palestina&#8217; que logr\u00f3 boicotear la Vuelta en Madrid: \u00abLe dijimos al Gobierno Espa\u00f1ol que no vamos a parar\u00bb<\/a>&nbsp;&nbsp;El Mundo<\/li>\n<li><a href=\"https:\/\/news.google.com\/rss\/articles\/CBMifEFVX3lxTE8wRDFWWVNOaklfcUpiYnR2ek1xVDhDallabDFlUUVDN0tqUndPTFNYUmFMeGtpRWUzZy1YM3ZfdlVsM3VIaHpVS1ZydURrLUpPZ0lVM1NkNmJJdkVBOWRodEZISkR2NXlxWGtBbDZwX0xHbDl5dFZzbFZNeWjSAXxBVV95cUxOLWplUkZIMnMzRTQ4Qk5rTEM1WW1tNkJIZTdhdzRlUW9BdUZ0bEZ5RFRiV1VFSWdqc3locTdDa2NVSGN0bWVrSkFtUUZlZmtXWUVQMGRrSnRaUXFQcEQ1UHNHQVFQZ3Z4X3lQT1RhUi1WOHVEUDBlQ0Z3cjVD?oc=5\" target=\"_blank\" rel=\"nofollow noopener\">Un 32% del Atl\u00e9tico, el 45% del Movistar y subvenciones para competiciones con victoria israel\u00ed: todos los &#8216;boicots&#8217; deportivos que el Gobierno no promovi\u00f3<\/a>&nbsp;&nbsp;El Mundo<\/li>\n<li><a href=\"https:\/\/news.google.com\/rss\/articles\/CBMi1AFBVV95cUxPU0YzX1hjNGJMZ3VLNDE0TEFyZXZra0ZRSmRkMjBoZHN3bFoxMkRoT2pZTHc4bEhRcVBENlhhVGFtVEdtcURvbVpQWUJIZkhncFh4V0REV2VKNnpKdXBiUzB3RmdMdENKdF82aVZqNnpMQlpfX0daeGVYZGx3NnVDVXNqdGhDVy01cUlRSHEzRzgtSUFSWHFxYXExeU1zN1Z1Umo2YWxYLWdTREs3LWh4Nk9fNnM4MUJQM25tc1BZcWF6NzdjLVFhVHJTcnk2LTB0SFYxRNIB6AFBVV95cUxOZEdjdl9UQVQzRkxrSWJuOVNzYVJBUzNSSVRkT2NKVkRMZFMzREs4RXpPX1h6dVMxMUxDeDFhNEJ6eWdHSGVXVTk4VU1qdVFxeExKTkZKLXFGSHEzWTJJWE9YdndHTE1Uci12Uk1KUHR2Ym1fM18wZUxEQTR2V05aTzBsRXVBSjdVOTBzRVJSNVdKTWw3Y2l3WExfWmZoQnVjNGJkLUprSUhrLV9NLXV5dlM5cnFJOVpGbVFKUkZMZTZaUW92Z25VNnhHN3dhUnh5ekFQUkt3aGxUSGpuS0h3VzZsbVNqalRY?oc=5\" target=\"_blank\" rel=\"nofollow noopener\">El Gobierno responde a la UCI: \u201cBlanquear a trav\u00e9s del deporte un genocidio s\u00ed es una posici\u00f3n pol\u00edtica\u201d<\/a>&nbsp;&nbsp;Diario AS<\/li>\n<li><a href=\"https:\/\/news.google.com\/rss\/articles\/CBMirAFBVV95cUxQVHZSOUNrU01fTVlFZGpRa2ROalFwNXdNeW5WSEJxY3NjU3BmaFNQd2NIT3dZRG5ua19nU0hlcEh1blhoeEpMTkJneEUxOHlsMEJycVBRa3MxWVhuUU9KOXFieXNqeUo1X0RGV2U0Skg4VEdwQ1VaeFRycl9mcGVhX1U0OTF0WjZ4Z05qX3lrX29XZXVRR19IeEYwdndURTJUSDBvWllfWVcxTlJE?oc=5\" target=\"_blank\" rel=\"nofollow noopener\">Los polic\u00edas denuncian qu\u00e9 fall\u00f3 en La Vuelta: \u00abHab\u00eda absoluto silencio, nadie daba \u00f3rdenes\u00bb<\/a>&nbsp;&nbsp;El Confidencial<\/li>\n<li><a href=\"https:\/\/news.google.com\/rss\/articles\/CBMi8wFBVV95cUxOM0RnLXM5Zm1ZRzc3ZUJXRjVpSlpJTTZXb29UYks1R3FEajYtVDRpNlNEVHJ1Wk02T0UxZFJ2UXpUeHVfenZOZlVqMHpQdk80VDNybFl1TXpCR2NTUGJBakoxNG56dGk0am92dDA3THQ3MWhRSG90bEMyTy1TZHlETmtNNk1BUzFkQXdOT0YwQ2FJVjhTUWZlMVRKTU84ZURKaGU4ZWxoUTdrZ3VwNC1PQW1GN0NaalVEaHhRX2ZLYk1FYUc1VTc0eFlvek15bmVGNzFsV2dHQklrZFFvUTR3ZmNzbDFOOTJfRnBRUk5XelBGekk?oc=5\" target=\"_blank\" rel=\"nofollow noopener\">S\u00e1nchez pide que se expulse a Israel de las competiciones deportivas mientras \u201cno cese la barbarie\u201d contra los palestinos<\/a>&nbsp;&nbsp;EL PA\u00cdS<\/li>\n<\/ol>\n","protected":false},"excerpt":{"rendered":"BDS, el grupo &#8216;made in Palestina&#8217; que logr\u00f3 boicotear la Vuelta en Madrid: \u00abLe dijimos al Gobierno Espa\u00f1ol&hellip;\n","protected":false},"author":2,"featured_media":118212,"comment_status":"","ping_status":"","sticky":false,"template":"","format":"standard","meta":{"footnotes":""},"categories":[8],"tags":[17,18,1467,25,24,13,14,11,19,20,205,9,10,15,16,76,23,257,12,21,22],"class_list":{"0":"post-118211","1":"post","2":"type-post","3":"status-publish","4":"format-standard","5":"has-post-thumbnail","7":"category-espana","8":"tag-breaking-news","9":"tag-breakingnews","10":"tag-comunidad-de-madrid","11":"tag-es","12":"tag-espana","13":"tag-featured-news","14":"tag-featurednews","15":"tag-headlines","16":"tag-latest-news","17":"tag-latestnews","18":"tag-madrid","19":"tag-news","20":"tag-noticias","21":"tag-noticias-destacadas","22":"tag-noticiasdestacadas","23":"tag-palestina","24":"tag-spain","25":"tag-sucesos","26":"tag-titulares","27":"tag-ultimas-noticias","28":"tag-ultimasnoticias"},"share_on_mastodon":{"url":"","error":""},"_links":{"self":[{"href":"https:\/\/www.europesays.com\/es\/wp-json\/wp\/v2\/posts\/118211","targetHints":{"allow":["GET"]}}],"collection":[{"href":"https:\/\/www.europesays.com\/es\/wp-json\/wp\/v2\/posts"}],"about":[{"href":"https:\/\/www.europesays.com\/es\/wp-json\/wp\/v2\/types\/post"}],"author":[{"embeddable":true,"href":"https:\/\/www.europesays.com\/es\/wp-json\/wp\/v2\/users\/2"}],"replies":[{"embeddable":true,"href":"https:\/\/www.europesays.com\/es\/wp-json\/wp\/v2\/comments?post=118211"}],"version-history":[{"count":0,"href":"https:\/\/www.europesays.com\/es\/wp-json\/wp\/v2\/posts\/118211\/revisions"}],"wp:featuredmedia":[{"embeddable":true,"href":"https:\/\/www.europesays.com\/es\/wp-json\/wp\/v2\/media\/118212"}],"wp:attachment":[{"href":"https:\/\/www.europesays.com\/es\/wp-json\/wp\/v2\/media?parent=118211"}],"wp:term":[{"taxonomy":"category","embeddable":true,"href":"https:\/\/www.europesays.com\/es\/wp-json\/wp\/v2\/categories?post=118211"},{"taxonomy":"post_tag","embeddable":true,"href":"https:\/\/www.europesays.com\/es\/wp-json\/wp\/v2\/tags?post=118211"}],"curies":[{"name":"wp","href":"https:\/\/api.w.org\/{rel}","templated":true}]}}