{"id":118215,"date":"2025-09-16T06:41:10","date_gmt":"2025-09-16T06:41:10","guid":{"rendered":"https:\/\/www.europesays.com\/es\/118215\/"},"modified":"2025-09-16T06:41:10","modified_gmt":"2025-09-16T06:41:10","slug":"el-tenista-danes-rune-habla-asi-del-publico-espanol-y-lo-compara-con-el-de-su-pais","status":"publish","type":"post","link":"https:\/\/www.europesays.com\/es\/118215\/","title":{"rendered":"El tenista dan\u00e9s Rune habla as\u00ed del p\u00fablico espa\u00f1ol y lo compara con el de su pa\u00eds"},"content":{"rendered":"<p>El tenista dan\u00e9s<b> Holger Rune critic\u00f3 la actitud del p\u00fablico espa\u00f1ol tras el cuarto partido de la eliminatoria de la Copa Davis <\/b>entre Espa\u00f1a y Dinamarca que se ha celebrado este fin de semana en el Club de Tenis Puente Romano de Marbella (M\u00e1laga) y que acab\u00f3 con la selecci\u00f3n capitaneada por David Ferrer firmando una remontada hist\u00f3rica y col\u00e1ndose en la Final a 8 de la competici\u00f3n.<\/p>\n<p>Rune en ese cuarto partido se enfrent\u00f3 a\u00a0Pedro Mart\u00ednez y, tras servir para ganar y clasificar a su pa\u00eds en el tercer set, <b>acab\u00f3 perdiendo en la muerte s\u00fabita por 6-1, 4-6 y 7-6 (3)<\/b> y frustrado y enfrentado al p\u00fablico espa\u00f1ol.<\/p>\n<p>En declaraciones posteriores, el tenista n\u00f3rdico conden\u00f3 la actitud que hab\u00eda tenido el p\u00fablico espa\u00f1ol: \u00abSimplemente, creo que hay diferencias entre los modales daneses y espa\u00f1oles. <b>Hay algunas diferencias en la educaci\u00f3n, pero eso es parte del juego, y he vivido situaciones peores\u00bb.\u00a0<\/b><\/p>\n<p>\u00abHay algunas cosas que, por supuesto,<b> son un poco antideportivas, pero, de nuevo, he vivido situaciones peores<\/b>\u00ab, aclar\u00f3 Rune, n\u00famero 11 del mundo en el ranking ATP.<\/p>\n<p>Adem\u00e1s, despu\u00e9s matiz\u00f3 sus palabras y en redes sociales<b> felicit\u00f3 al combinado espa\u00f1ol y quiso dar las gracias al p\u00fablico<\/b> por el ambiente que se vivi\u00f3 durante todo el fin de semana.\u00a0<\/p>\n<p>\u00abEspa\u00f1a, bien merecida. Estuvimos cerca, pero no lo tuvimos este a\u00f1o. Gracias por recibirnos estos d\u00edas, gracias a los compa\u00f1eros por las grandes peleas y <b>gracias a todos los incre\u00edbles espectadores que nos apoyan en Espa\u00f1a y desde casa<\/b>\u00ab, asegur\u00f3 el tenista a trav\u00e9s de su cuenta de X.\u00a0<\/p>\n<p>Espa\u00f1a, que no contaba ni con Carlos Alcaraz ni con Alejandro Davidovich, remont\u00f3 un 0-2 gracias a Pedro Mart\u00ednez (ganando en individuales y dobles), Jaume Munar (completando pareja con Mart\u00ednez en dobles) y Pablo Carre\u00f1o (individuales) <b>para clasificarse para esa Final a 8 que se disputar\u00e1 en Bolonia del 18 al 23 de noviembre.<\/b><\/p>\n","protected":false},"excerpt":{"rendered":"El tenista dan\u00e9s Holger Rune critic\u00f3 la actitud del p\u00fablico espa\u00f1ol tras el cuarto partido de la eliminatoria&hellip;\n","protected":false},"author":2,"featured_media":118216,"comment_status":"","ping_status":"","sticky":false,"template":"","format":"standard","meta":{"footnotes":""},"categories":[274],"tags":[8722,7423,168,25,24,4596,17786,23,167,327,6811,326],"class_list":{"0":"post-118215","1":"post","2":"type-post","3":"status-publish","4":"format-standard","5":"has-post-thumbnail","7":"category-tenis","8":"tag-asi","9":"tag-danes","10":"tag-deportes","11":"tag-es","12":"tag-espana","13":"tag-habla","14":"tag-rune","15":"tag-spain","16":"tag-sports","17":"tag-tenis","18":"tag-tenista","19":"tag-tennis"},"share_on_mastodon":{"url":"","error":""},"_links":{"self":[{"href":"https:\/\/www.europesays.com\/es\/wp-json\/wp\/v2\/posts\/118215","targetHints":{"allow":["GET"]}}],"collection":[{"href":"https:\/\/www.europesays.com\/es\/wp-json\/wp\/v2\/posts"}],"about":[{"href":"https:\/\/www.europesays.com\/es\/wp-json\/wp\/v2\/types\/post"}],"author":[{"embeddable":true,"href":"https:\/\/www.europesays.com\/es\/wp-json\/wp\/v2\/users\/2"}],"replies":[{"embeddable":true,"href":"https:\/\/www.europesays.com\/es\/wp-json\/wp\/v2\/comments?post=118215"}],"version-history":[{"count":0,"href":"https:\/\/www.europesays.com\/es\/wp-json\/wp\/v2\/posts\/118215\/revisions"}],"wp:featuredmedia":[{"embeddable":true,"href":"https:\/\/www.europesays.com\/es\/wp-json\/wp\/v2\/media\/118216"}],"wp:attachment":[{"href":"https:\/\/www.europesays.com\/es\/wp-json\/wp\/v2\/media?parent=118215"}],"wp:term":[{"taxonomy":"category","embeddable":true,"href":"https:\/\/www.europesays.com\/es\/wp-json\/wp\/v2\/categories?post=118215"},{"taxonomy":"post_tag","embeddable":true,"href":"https:\/\/www.europesays.com\/es\/wp-json\/wp\/v2\/tags?post=118215"}],"curies":[{"name":"wp","href":"https:\/\/api.w.org\/{rel}","templated":true}]}}