{"id":118217,"date":"2025-09-16T06:42:08","date_gmt":"2025-09-16T06:42:08","guid":{"rendered":"https:\/\/www.europesays.com\/es\/118217\/"},"modified":"2025-09-16T06:42:08","modified_gmt":"2025-09-16T06:42:08","slug":"miki-nadal-reacciona-al-podio-improvisado-de-la-vuelta-solo-falto-que-al-ganador-le-dieran-la-copa-lasexta","status":"publish","type":"post","link":"https:\/\/www.europesays.com\/es\/118217\/","title":{"rendered":"Miki Nadal reacciona al podio improvisado de La Vuelta: &quot;Solo falt\u00f3 que al ganador le dieran la &#039;copa &#8211; LaSexta"},"content":{"rendered":"<ol>\n<li><a href=\"https:\/\/news.google.com\/rss\/articles\/CBMi_AFBVV95cUxQZVhiR3ZTQU9ScnVBbHNXYmkybGpRWWE5YWptOGYtOHZZQndXQXhkUzEyclJoY0trb2xjQkpjNGZYNkxCWFZ4dGFQNkgtQTlJLUdyYVVkaERRb1R5TGRMWjRGbDFsN2RWaDdral9PeGNfcUptQV9QcDZlU1hwbWlmM2NhVU1lYU9uSE1kS3AydDB1dGNUQnJLMjJ6ajdneG1INHFsbC1wUEgzclZwVHVETXFiM0pIQU91a3lYR1A5N0dINUtBa3hBS21NQ1VuUHEwWjNtUVlPLXA3UXQ1MWlfQ2dWemYwMkY4Q2d4TVhuTndBZVd6SWpJR0dPVGLSAfwBQVVfeXFMTmNlY0RKTUFOMzVNX3E2WFZOZ3d0TjZNVjVyZzZ0bnBiM3ZWQ29BaWVsT185LUpiTjduYW9JQjlOeWI2Mld3MkNZOHRmVUJLaGRXZ1BVMDM3Z253Q240aC11dlgwTEx2QTU3RTdoZlZUX0tLb1hLUW5WTGxJempWQVlxZkJfZDgteVU2Y0p6SHByU3NrYVhvZkJPelNSS01aVm5PUTNlbTNHaUlDTXdPV21qTVZvT1pQaU5kSDRhMkhPdU4zUlJhZFBrYUpidkdSWDA1Z0VWbU5NODBPR1UwMTJYang0dXBkVkRic0VuQ3pfWi1ucE96cVNYbENj?oc=5\" target=\"_blank\" rel=\"nofollow noopener\">Miki Nadal reacciona al podio improvisado de La Vuelta: \u00abSolo falt\u00f3 que al ganador le dieran la &#8216;copa<\/a>&nbsp;&nbsp;LaSexta<\/li>\n<li><a href=\"https:\/\/news.google.com\/rss\/articles\/CBMingFBVV95cUxOZUpmSkw2bEpmNlFEYUw5aHhiNEdzbTZ6bTdnSHhrTUcyT0xycE9OWFdFYUtlZXd5bnVKOFZPR1EzdTdib0JRbmI2S0d5TnRuWnlkRnNqaExUbGlqNnBLNEVXRmZnZ3lrRC1jRTZGUkN6c1M4LWlJR2FCNnBySzRZRVlqd3RGdHY0bExyR0ljV29waVNYd0hVSnN1aDlCQdIBngFBVV95cUxPUkZOT1hOMGpVbXpFSVRNbi01X0xlSV9SYlF2bGVQTDdpYWpYZElqZDI2QU1NczJOaGRTWUVleWZnSWFJRVZRNEEycXUzczFHTklWX1o4TVpXVFVJcjlNY1ZHUXhhM0wxZjZUSy1oVmZWbmwtLTlYMmRMWm01bndudkF5SFlLZ0FuZUVRTkh2OVZ6UWc4cl9FMXpIdWxiQQ?oc=5\" target=\"_blank\" rel=\"nofollow noopener\">La Vuelta m\u00e1s accidentada acaba con un podio clandestino en un parking de hotel con los ganadores subidos a neveras port\u00e1tiles<\/a>&nbsp;&nbsp;El Mundo<\/li>\n<li><a href=\"https:\/\/news.google.com\/rss\/articles\/CBMizAFBVV95cUxOQkwtTEFhTzd2WEpZaFZPTGtFZ2JVZ0h3TGxJa2libURiT2NwSnhESzVJcWVxTnl1SWNSX1g2ZlR5ZUVJdFJvV180MDVSUklGZzlGVGFxc2JwNEFrRzNnY0k4d29yQzA4UC04WjFZSUlYVG9BcklBVE12eFd3dFlrZVhmaXpjU1B1bjNiQ3d6dmxkMFVNY0pHV2NPMmdJVGM2VHZSTU55UUVtS0JBNjFVaWtGYUFlTGlZTEk3T1JEQktSQXBtR0ZFRUJOaEU?oc=5\" target=\"_blank\" rel=\"nofollow noopener\">As\u00ed fue el podio improvisado del Visma: encima de unas neveras y en el hotel de concentraci\u00f3n<\/a>&nbsp;&nbsp;La Vanguardia<\/li>\n<li><a href=\"https:\/\/news.google.com\/rss\/articles\/CBMiowFBVV95cUxOeFlWMXdub0xMMjQwMTBNaThBZkNjTl9VMlhiZndHSkFwdVpxS05UZjI0VWVVWFVFTXpiQ1YzUzhQN2pfX2NoZEp0Z21KQzRnX0t3RDBpN3lGQ2lNVjRIV1kybG5SMWlGbzJxLVpXdmg1NzdaXzdlSFBxRDYzTTgtalJTNFFDMXpyOFpuWTROVnNia3B4cWduS3JWUVNSdmZGYlJB0gG3AUFVX3lxTE96R1p6elc5T1IzSUFDMnc1UjVFbktObDVmVFlKMXhqSkpDV2pmOUczalpqUHl2ekx0cmVtdWFJUG9sR0ppRHNoaERCTW0zb3Y3MjZDRE5Jb1l0cUY1a2F1QkVPLWgyZmUzaVZPaUZ6enpIWU1VQVhoUGxnMEo1RTZhZGdadHQzUzJYNWVKeUZTbHBoV0ZPWUdiRXd5UUtkNHphMGNLd0tMenQ1cm5Ud24yeXI4MWJXcw?oc=5\" target=\"_blank\" rel=\"nofollow noopener\">Vingegaard: \u201cEsta Vuelta fue la carrera m\u00e1s extra\u00f1a de mi vida\u201d<\/a>&nbsp;&nbsp;Diario AS<\/li>\n<li><a href=\"https:\/\/news.google.com\/rss\/articles\/CBMisAFBVV95cUxPUmJFRWVTVWw5TE1pU0JnSnZVRXlFQkJYQ29hdmpOWEhkaVo3TVI1M3lhTVB3dU11TUh2aWNubl9rNFZtVUdqdGVPQnE2UmdKNWpzQXFOVHZFYVUyeENhTThFSDIzVllZd2o3OUNGWlowc3RyV2lNRVZZc21fZGJPNFVlYS1pM1N3VjBhUFJ5SFlnSU96Zmh6Q2hqbFI2WFkxNHBBOUNHT25EbXY0RndiZ9IBtgFBVV95cUxQUkdLWVFRMlRxZ21zZWRBdVlEOHhPNWZMdUZmYnJacDZUNWdmOTVKbkoweWhlV1FnT1JLdG5aRG1yeWxHR1Z1cVBxR2p3NXVRZnl6YzRtbEplSTFzbUZ4X2VQY1N1dDN1MF9aREM1T25faFNmaUh5NTFmVmVvTk1Kb1JwZXR5NXhHZ0VZT1NUUV9ldVB3enMwQ0Y2UUhmbnplOVlHX0tObTJUN2x0blhCaTBPVzcxQQ?oc=5\" target=\"_blank\" rel=\"nofollow noopener\">El peor final para la Vuelta a Espa\u00f1a m\u00e1s an\u00f3mala: ni la pandemia dej\u00f3 una imagen as\u00ed<\/a>&nbsp;&nbsp;El Confidencial<\/li>\n<\/ol>\n","protected":false},"excerpt":{"rendered":"Miki Nadal reacciona al podio improvisado de La Vuelta: \u00abSolo falt\u00f3 que al ganador le dieran la &#8216;copa&nbsp;&nbsp;LaSexta&hellip;\n","protected":false},"author":2,"featured_media":113496,"comment_status":"","ping_status":"","sticky":false,"template":"","format":"standard","meta":{"footnotes":""},"categories":[273],"tags":[313,312,168,25,24,23,167],"class_list":{"0":"post-118217","1":"post","2":"type-post","3":"status-publish","4":"format-standard","5":"has-post-thumbnail","7":"category-ciclismo","8":"tag-ciclismo","9":"tag-cycling","10":"tag-deportes","11":"tag-es","12":"tag-espana","13":"tag-spain","14":"tag-sports"},"share_on_mastodon":{"url":"","error":""},"_links":{"self":[{"href":"https:\/\/www.europesays.com\/es\/wp-json\/wp\/v2\/posts\/118217","targetHints":{"allow":["GET"]}}],"collection":[{"href":"https:\/\/www.europesays.com\/es\/wp-json\/wp\/v2\/posts"}],"about":[{"href":"https:\/\/www.europesays.com\/es\/wp-json\/wp\/v2\/types\/post"}],"author":[{"embeddable":true,"href":"https:\/\/www.europesays.com\/es\/wp-json\/wp\/v2\/users\/2"}],"replies":[{"embeddable":true,"href":"https:\/\/www.europesays.com\/es\/wp-json\/wp\/v2\/comments?post=118217"}],"version-history":[{"count":0,"href":"https:\/\/www.europesays.com\/es\/wp-json\/wp\/v2\/posts\/118217\/revisions"}],"wp:featuredmedia":[{"embeddable":true,"href":"https:\/\/www.europesays.com\/es\/wp-json\/wp\/v2\/media\/113496"}],"wp:attachment":[{"href":"https:\/\/www.europesays.com\/es\/wp-json\/wp\/v2\/media?parent=118217"}],"wp:term":[{"taxonomy":"category","embeddable":true,"href":"https:\/\/www.europesays.com\/es\/wp-json\/wp\/v2\/categories?post=118217"},{"taxonomy":"post_tag","embeddable":true,"href":"https:\/\/www.europesays.com\/es\/wp-json\/wp\/v2\/tags?post=118217"}],"curies":[{"name":"wp","href":"https:\/\/api.w.org\/{rel}","templated":true}]}}