{"id":118218,"date":"2025-09-16T06:43:11","date_gmt":"2025-09-16T06:43:11","guid":{"rendered":"https:\/\/www.europesays.com\/es\/118218\/"},"modified":"2025-09-16T06:43:11","modified_gmt":"2025-09-16T06:43:11","slug":"una-promesa-para-fernando-alonso","status":"publish","type":"post","link":"https:\/\/www.europesays.com\/es\/118218\/","title":{"rendered":"Una promesa para Fernando Alonso"},"content":{"rendered":"<p class=\"parrafo\"><strong>Esta semana regresa la F\u00f3rmula 1 <\/strong>y, tras el fracaso de Monza, donde Fernando Alonso y Lance Stroll terminaron 19\u00ba y 18\u00ba, respectivamente, en Aston Martin han aprovechado estas dos semanas de par\u00f3n para intentar levantar la moral de sus dos pilotos de cara a la recta final de la temporada.<\/p>\n<p class=\"parrafo\">As\u00ed, <strong>Enrico Cardile, exdirector t\u00e9cnico de Ferrari y nuevo miembro de la plantilla verde<\/strong> desde el pasado mes de agosto, ha concedido su primera entrevista que ha sido difundida a trav\u00e9s de los medios oficiales de la escuder\u00eda brit\u00e1nica. Y en ella, les ha hecho una promesa a los dos pilotos actuales.<\/p>\n<p class=\"parrafo\"><strong>\u00abHe empezado con muchas ganas a trabajar por Aston Martin. <\/strong>Es s\u00faper emocionante formar parte de este equipo porque creo, de verdad y con convicci\u00f3n, que este equipo tiene todo lo que necesita\u00bb, ha subrayado un Cardile que asume su responsabilidad, que no ser\u00e1 otra que \u00absupervisar el desarrollo del coche, ocup\u00e1ndome del rendimiento, la aerodin\u00e1mica, la ingenier\u00eda, el dise\u00f1o, las pruebas\u2026 b\u00e1sicamente todas las actividades desde la idea hasta la pista\u00bb.<\/p>\n<p><a class=\"elementos-rel-t2\" href=\"https:\/\/www.estadiodeportivo.com\/motor\/formula-1\/aston-martin-despedida-anticipada-fernando-alonso-20250911-511601.html\" title=\"Aston Martin y su despedida anticipada a Fernando Alonso\" rel=\"nofollow noopener\" target=\"_blank\">Aston Martin y su despedida anticipada a Fernando Alonso<img decoding=\"async\" src=\"https:\/\/www.europesays.com\/es\/wp-content\/uploads\/2025\/09\/cc5f5ad0-90bf-4727-ab4d-30e58c3e457a_320x180.jpeg\" alt=\"Aston Martin y su despedida anticipada a Fernando Alonso\"\/><\/a><\/p>\n<p class=\"parrafo\">En este sentido, no ha ocultado su sorpresa ante el famoso t\u00fanel del viento, as\u00ed como frente a las novedosas instalaciones construidas en Silverstone: \u00abHay muchas cosas que me impresionan de forma muy positiva. <strong>El campus es absolutamente incre\u00edble <\/strong>y, siendo ingeniero, <strong>el t\u00fanel de viento es literalmente impresionante <\/strong>por toda la tecnolog\u00eda y lo avanzado que est\u00e1\u00bb.<\/p>\n<p><img decoding=\"async\" src=\"https:\/\/www.europesays.com\/es\/wp-content\/uploads\/2025\/09\/f1f60b2c-bc6a-4485-a631-835251feb537_800x533.jpeg\" loading=\"lazy\"\/><\/p>\n<p class=\"parrafo\"><strong>Con su fichaje y los de Andrian Newey y Andy Cowell<\/strong>, Lawrence Stroll se ha asegurado las mejores manos para construir un gigante de la F\u00f3rmula 1: \u00abEst\u00e1 la visi\u00f3n sin concesiones de Adrian y el impulso constante por mejorar, por perfeccionar cada detalle del coche. Con Andy me encontr\u00e9 a un ingeniero muy riguroso, que presta atenci\u00f3n, como Adrian, a cada detalle, al proceso y a la manera en que hacemos las cosas para guiarnos hacia ser el mejor equipo de la parrilla\u00bb.<\/p>\n<p class=\"parrafo\">Pero mientras llega y no ese gigante,<strong> Cardile ha querido tranquilizar <\/strong>a quienes, domingo tras domingo, tienen que defender al equipo en los distintos circuitos: \u00abNecesitaremos tiempo para crecer. Mientras crecemos,<strong> haremos todo lo posible por ofrecer grandes resultados\u00bb.<\/strong><\/p>\n<p><a class=\"elementos-rel-t2\" href=\"https:\/\/www.estadiodeportivo.com\/motor\/formula-1\/fernando-alonso-jefe-20250910-511443.html\" title=\"&quot;Fernando Alonso no es mi jefe&quot;\" rel=\"nofollow noopener\" target=\"_blank\">\u00abFernando Alonso no es mi jefe\u00bb<img decoding=\"async\" src=\"https:\/\/www.europesays.com\/es\/wp-content\/uploads\/2025\/09\/d956bc0e-20c8-4da3-990f-b3727d469c3b_320x180.jpeg\" alt=\"&quot;Fernando Alonso no es mi jefe&quot;\"\/><\/a><\/p>\n<p class=\"parrafo\">Cabe recordar que <strong>Aston Martin afrontar\u00e1 2026 con la alianza con Honda,<\/strong> que ser\u00e1 su socio exclusivo en la era de motores h\u00edbridos de 2026, y con un Fernando Alonso deseoso de que le den un coche competitivo para poder luchar por su ansiada 33\u00aa victoria en la F\u00f3rmula 1 y, por qu\u00e9 no, por su tercer campeonato del mundo.<\/p>\n","protected":false},"excerpt":{"rendered":"Esta semana regresa la F\u00f3rmula 1 y, tras el fracaso de Monza, donde Fernando Alonso y Lance Stroll&hellip;\n","protected":false},"author":2,"featured_media":118219,"comment_status":"","ping_status":"","sticky":false,"template":"","format":"standard","meta":{"footnotes":""},"categories":[270],"tags":[3077,1763,168,25,24,284,306,2096,271,272,2362,23,167],"class_list":{"0":"post-118218","1":"post","2":"type-post","3":"status-publish","4":"format-standard","5":"has-post-thumbnail","7":"category-formula-1","8":"tag-aston-martin","9":"tag-automovilismo","10":"tag-deportes","11":"tag-es","12":"tag-espana","13":"tag-estadio-deportivo","14":"tag-f1","15":"tag-fernando-alonso","16":"tag-formula-1","17":"tag-formula1","18":"tag-motor","19":"tag-spain","20":"tag-sports"},"share_on_mastodon":{"url":"","error":""},"_links":{"self":[{"href":"https:\/\/www.europesays.com\/es\/wp-json\/wp\/v2\/posts\/118218","targetHints":{"allow":["GET"]}}],"collection":[{"href":"https:\/\/www.europesays.com\/es\/wp-json\/wp\/v2\/posts"}],"about":[{"href":"https:\/\/www.europesays.com\/es\/wp-json\/wp\/v2\/types\/post"}],"author":[{"embeddable":true,"href":"https:\/\/www.europesays.com\/es\/wp-json\/wp\/v2\/users\/2"}],"replies":[{"embeddable":true,"href":"https:\/\/www.europesays.com\/es\/wp-json\/wp\/v2\/comments?post=118218"}],"version-history":[{"count":0,"href":"https:\/\/www.europesays.com\/es\/wp-json\/wp\/v2\/posts\/118218\/revisions"}],"wp:featuredmedia":[{"embeddable":true,"href":"https:\/\/www.europesays.com\/es\/wp-json\/wp\/v2\/media\/118219"}],"wp:attachment":[{"href":"https:\/\/www.europesays.com\/es\/wp-json\/wp\/v2\/media?parent=118218"}],"wp:term":[{"taxonomy":"category","embeddable":true,"href":"https:\/\/www.europesays.com\/es\/wp-json\/wp\/v2\/categories?post=118218"},{"taxonomy":"post_tag","embeddable":true,"href":"https:\/\/www.europesays.com\/es\/wp-json\/wp\/v2\/tags?post=118218"}],"curies":[{"name":"wp","href":"https:\/\/api.w.org\/{rel}","templated":true}]}}