{"id":118222,"date":"2025-09-16T06:51:09","date_gmt":"2025-09-16T06:51:09","guid":{"rendered":"https:\/\/www.europesays.com\/es\/118222\/"},"modified":"2025-09-16T06:51:09","modified_gmt":"2025-09-16T06:51:09","slug":"ojo-al-gesto-que-hace-al-final","status":"publish","type":"post","link":"https:\/\/www.europesays.com\/es\/118222\/","title":{"rendered":"ojo al gesto que hace al final"},"content":{"rendered":"<p>El presentador de El Intermedio, <a href=\"https:\/\/www.lasexta.com\/programas\/el-intermedio\/wyoming-aplaude-protestas-propalestinas-que-frenaron-vuelta-genocidio-hacer-ruido_2025091568c8783cd8e27966645e6c6a.html\" target=\"_blank\" rel=\"nofollow noopener\"><b>El Gran Wyoming, dedic\u00f3 su mon\u00f3logo de este lunes a las protestas<\/b><\/a> de <a href=\"https:\/\/www.huffingtonpost.es\/deporte\/la-organizacion-vuelta-modifica-recorrido-ultima-etapa-80-kilometros-meta-madrid.html\" target=\"_blank\" rel=\"nofollow noopener\">los manifestantes que este domingo pararon La Vuelta a Espa\u00f1a cortando la \u00faltima etapa en Madrid<\/a> por el paso del equipo Israel y mostraron su apoyo al pueblo palestino.<\/p>\n<p>\u00abVarias decenas de miles de personas se acordaron de Gaza en las calles de Madrid, se acordaron de Gaza y, ya que estaban de toda la familia de Netanyahu. <b>Las movilizaciones contra la participaci\u00f3n del equipo de Israel en La Vuelta cumplieron su objetivo<\/b>, que no es otro que hacer saber al mundo entero que la propaganda de un gobierno genocida no es bienvenida en nuestro pa\u00eds, ni deber\u00eda serlo en ning\u00fan otro lugar que respete los derechos y la dignidad humana\u00bb, comenz\u00f3 diciendo.\u00a0<\/p>\n<p>\u00abLos espa\u00f1oles debemos felicitarnos por ello porque <b>en el Tour de Francia este equipo se pase\u00f3 por todo el pa\u00eds sin movilizaciones ni protestas<\/b>\u00ab, a\u00f1adi\u00f3 el humorista con su habitual pizca de iron\u00eda.\u00a0<\/p>\n<p>Tambi\u00e9n tuvo un mensaje para aquellos pol\u00edticos y analistas que dicen que hay que separar la pol\u00edtica del deporte o que se puede protestar sin molestar: <b>\u00abMe temo que no, un genocidio no se para sin hacer ruido\u00bb.<\/b><\/p>\n<p>\u00abLos espa\u00f1oles hemos cumplido con nuestro deber y ahora solo queda esperar a que el ejemplo prenda en otros pa\u00edses\u2026 que <b>mientras Gaza siga viviendo un genocidio se excluya a Israel de los principales eventos deportivos o culturales <\/b>y lo que vimos ayer en Madrid no sea el final de nada, sino el primer paso de algo mucho m\u00e1s grande\u00bb, afirm\u00f3 tajante.<\/p>\n<p>Wyoming tambi\u00e9n record\u00f3\u00a0que en 16 d\u00edas fueron cinco personas los que cortaron el paso del equipo Israel en la crono por equipos de Figueres y que ahora han sido miles de personas las que han salido a la calle. \u00ab<b>No hay que parar hasta que seamos millones los que digamos &#8216;\u00a1No a la masacre en Gaza!&#8217;<\/b>\u00ab, exclam\u00f3.<\/p>\n<p>Finalmente, el presentador de laSexta afirm\u00f3 que \u00abtodo cambio social comienza con un peque\u00f1o gesto y una mayor\u00eda de espa\u00f1oles hemos comenzado dedicando al Gobierno de Netanyahu este gesto\u00bb. En ese momento, concluy\u00f3 <b>haciendo una peineta mientras a su espalda se proyectaba una imagen del primer ministro israel\u00ed.<\/b><\/p>\n","protected":false},"excerpt":{"rendered":"El presentador de El Intermedio, El Gran Wyoming, dedic\u00f3 su mon\u00f3logo de este lunes a las protestas de&hellip;\n","protected":false},"author":2,"featured_media":118223,"comment_status":"","ping_status":"","sticky":false,"template":"","format":"standard","meta":{"footnotes":""},"categories":[174],"tags":[255,14984,146,147,25,24,256,74,5622,23],"class_list":{"0":"post-118222","1":"post","2":"type-post","3":"status-publish","4":"format-standard","5":"has-post-thumbnail","7":"category-famosos","8":"tag-celebrities","9":"tag-el-gran-wyoming","10":"tag-entertainment","11":"tag-entretenimiento","12":"tag-es","13":"tag-espana","14":"tag-famosos","15":"tag-israel","16":"tag-lasexta","17":"tag-spain"},"share_on_mastodon":{"url":"","error":""},"_links":{"self":[{"href":"https:\/\/www.europesays.com\/es\/wp-json\/wp\/v2\/posts\/118222","targetHints":{"allow":["GET"]}}],"collection":[{"href":"https:\/\/www.europesays.com\/es\/wp-json\/wp\/v2\/posts"}],"about":[{"href":"https:\/\/www.europesays.com\/es\/wp-json\/wp\/v2\/types\/post"}],"author":[{"embeddable":true,"href":"https:\/\/www.europesays.com\/es\/wp-json\/wp\/v2\/users\/2"}],"replies":[{"embeddable":true,"href":"https:\/\/www.europesays.com\/es\/wp-json\/wp\/v2\/comments?post=118222"}],"version-history":[{"count":0,"href":"https:\/\/www.europesays.com\/es\/wp-json\/wp\/v2\/posts\/118222\/revisions"}],"wp:featuredmedia":[{"embeddable":true,"href":"https:\/\/www.europesays.com\/es\/wp-json\/wp\/v2\/media\/118223"}],"wp:attachment":[{"href":"https:\/\/www.europesays.com\/es\/wp-json\/wp\/v2\/media?parent=118222"}],"wp:term":[{"taxonomy":"category","embeddable":true,"href":"https:\/\/www.europesays.com\/es\/wp-json\/wp\/v2\/categories?post=118222"},{"taxonomy":"post_tag","embeddable":true,"href":"https:\/\/www.europesays.com\/es\/wp-json\/wp\/v2\/tags?post=118222"}],"curies":[{"name":"wp","href":"https:\/\/api.w.org\/{rel}","templated":true}]}}