{"id":118224,"date":"2025-09-16T06:54:08","date_gmt":"2025-09-16T06:54:08","guid":{"rendered":"https:\/\/www.europesays.com\/es\/118224\/"},"modified":"2025-09-16T06:54:08","modified_gmt":"2025-09-16T06:54:08","slug":"laura-munoz-la-concursante-navarra-de-ot-que-estudia-ingenieria","status":"publish","type":"post","link":"https:\/\/www.europesays.com\/es\/118224\/","title":{"rendered":"Laura Mu\u00f1oz, la concursante navarra de &#8216;OT&#8217; que estudia ingenier\u00eda"},"content":{"rendered":"<p>\n        Este lunes,15 de septiembre, se estren\u00f3 la nueva edici\u00f3n de <a href=\"https:\/\/www.noticiasdenavarra.com\/tags\/operacion-triunfo\/\" title=\"Operaci\u00f3n Triunfo\" target=\"_blank\" class=\"link copy\" rel=\"nofollow noopener\"><strong>Operaci\u00f3n Triunfo<\/strong><\/a> (OT) en <strong>Prime Video<\/strong> \u00abcon emisi\u00f3n <strong>en directo simult\u00e1nea en Espa\u00f1a<\/strong> y, por primera vez en la historia del formato, en <strong>seis pa\u00edses de Latinoam\u00e9rica<\/strong>: M\u00e9xico, Argentina, Brasil, Colombia, Chile y Per\u00fa\u00bb, tal y como as\u00ed lo explicaban desde la plataforma.\n<\/p>\n<p>  \u00abEmisi\u00f3n <strong>en directo simult\u00e1nea en Espa\u00f1a<\/strong> y en <strong>seis pa\u00edses de Latinoam\u00e9rica\u00bb<\/strong><\/p>\n<p class=\"article-body__text \">\n        La nueva edici\u00f3n del talent show musical\u00a0cuenta con el siguiente jurado: \u00ab<strong>Abraham Mateo<\/strong>, reconocido cantante, compositor y productor con una s\u00f3lida trayectoria internacional;<strong> <\/strong><a href=\"https:\/\/www.noticiasdenavarra.com\/tags\/leire-martinez\/\" title=\"Leire Mart\u00ednez\" target=\"_blank\" class=\"link copy\" rel=\"nofollow noopener\"><strong>Leire Mart\u00ednez<\/strong><\/a>, cantante, compositora y actriz con una exitosa carrera al frente de\u00a0La Oreja de Van Gogh;<strong> Guille Milkyway<\/strong>, l\u00edder de\u00a0La Casa Azul\u00a0y productor musical; y <strong>Cris Regatero<\/strong>, periodista musical y locutora que repite de la edici\u00f3n anterior\u00bb.\n<\/p>\n<p class=\"article-body__text \">\n        Mientras, \u00abel equipo de profesores estar\u00e1 liderado por <a href=\"https:\/\/www.noticiasdenavarra.com\/tags\/noemi-galera\/\" title=\"Noem\u00ed Galera\" target=\"_blank\" class=\"link copy\" rel=\"nofollow noopener\"><strong>Noem\u00ed Galera<\/strong><\/a>, directora de la Academia. A su lado, <strong>Manu Guix<\/strong> asumir\u00e1 la direcci\u00f3n musical, mientras que <strong>Mamen M\u00e1rquez<\/strong> se encargar\u00e1 de la t\u00e9cnica vocal. En el \u00e1rea de danza, <strong>Vicky G\u00f3mez<\/strong> continuar\u00e1 al frente de la coreograf\u00eda, y<strong> Judith Endje<\/strong> se ocupar\u00e1 de las clases de baile urbano. El repaso musical correr\u00e1 a cargo de <strong>Pablo Lluch y Vic Mirallas<\/strong>. Esta edici\u00f3n contar\u00e1 tambi\u00e9n con <strong>La Dani <\/strong>como nuevo profesor de interpretaci\u00f3n, y con el regreso de <strong>Andrea Vilallonga<\/strong> en imagen y comunicaci\u00f3n. Por \u00faltimo, <strong>Pol Cejas<\/strong> completar\u00e1 el claustro con entrenamiento f\u00edsico y yoga\u00bb.\n<\/p>\n<p class=\"article-body__text \">\n        Eso s\u00ed, de nada sirve contar con un equipo de profesionales tanto de jurado como de profesores si no hay concursantes. Este lunes los <strong>18 aspirantes de #OT2025<\/strong>\u00a0se enfrentaron, nada m\u00e1s y nada menos que, a su actuaci\u00f3n decisiva. De los 18 solo 16 consiguieron plaza en la academia.\u00a0<strong>Quique<\/strong>\u00a0y\u00a0<strong>Sam <\/strong>fueron los dos finalistas que se quedaron fuera de la Academia de &#8216;<strong>OT<\/strong>\u00a02025.\n<\/p>\n<p>  Laura Mu\u00f1oz, la concursante navarra que estudia ingenier\u00eda y canta en conciertos y misas<\/p>\n<p class=\"article-body__text \">\n        Unos de los rostros de los que los seguidores de &#8216;OT&#8217; pudieron disfrutar es del de la <strong>concursante <\/strong><a href=\"https:\/\/www.noticiasdenavarra.com\/tags\/navarra\/\" title=\"navarra\" target=\"_blank\" class=\"link copy\" rel=\"nofollow noopener\"><strong>navarra<\/strong><\/a><strong> Laura Mu\u00f1oz<\/strong>. La joven navarra de <strong>20 a\u00f1os <\/strong>llega desde <strong>Jerez de la Frontera <\/strong>para perseguir su sue\u00f1o.\n<\/p>\n<p class=\"article-body__text \">\n        Es estudiante de<strong> ingenier\u00eda electr\u00f3nica<\/strong> y, tal y como as\u00ed lo ha hecho saber, compagina su formaci\u00f3n con su trabajo como camarera, adem\u00e1s de mantener un fuerte v\u00ednculo con la m\u00fasica, a la que dedica todo el tiempo posible participando en conciertos y cantando en misas. \u00ab<strong>Mi d\u00eda a d\u00eda es la m\u00fasica<\/strong>, es lo que soy. No tendr\u00eda ni palabras para describirlo\u00bb, dice sobre la m\u00fasica. Y es que, seg\u00fan relata, desde peque\u00f1a ha seguido con pasi\u00f3n las galas de Operaci\u00f3n Triunfo, por lo que presentarse al casting supuso un\u00a0<strong>sue\u00f1o cumplido. <\/strong>\n<\/p>\n<p class=\"article-body__text \">\n        En su audici\u00f3n interpret\u00f3 &#8216;<strong>And I Am Telling You<\/strong>&#8216; de Jennifer Holliday. Una canci\u00f3n la que, seg\u00fan afirma, m\u00e1s la representa y con la que consigue dejar atr\u00e1s los nervios. La argentina Emilia Mernes tamib\u00e9n est\u00e1 entre sus referentes musicales.\n<\/p>\n<p class=\"article-body__text \">\n        Aunque, tal y como se ha mencionado previamente, es <strong>estudiante de ingenier\u00eda electr\u00f3nica<\/strong>, la navarra reconoce que la ingenier\u00eda \u00abno tiene nada que ver con la m\u00fasica\u00bb y que le gusta compaginar ambos mundos. Compagina las clases y horas de estudio con su <strong>trabajo como camarera<\/strong> y los peque\u00f1os escenarios donde hace sus pinitos como cantante.\n<\/p>\n<p class=\"article-body__text \">\n        \u00abCreo que eso es lo m\u00e1s importante. Yo intento siempre estar para los dem\u00e1s\u00bb, dice sobre los valores como el compa\u00f1erismo. Tambi\u00e9n admite que <strong>entrar supondr\u00eda un reto y un cambio radical<\/strong>: \u00abNo estoy preparada, porque nadie lo est\u00e1. Es un cambio muy grande, pero ser\u00eda una oportunidad enorme para aprender de los profesores y de mis compa\u00f1eros\u00bb. De dar el paso definitivo y convertirse en concursante, Laura lo tiene claro: lo que m\u00e1s echar\u00eda de menos ser\u00edan <strong>sus gatos, su familia y,<\/strong> con humor, reconoce que tambi\u00e9n los <strong>men\u00fas de McDonald\u2019s.<\/strong> En la gala 0, la navarra interpret\u00f3 &#8216;<strong>DESAT\u00c1ME<\/strong>&#8216;, de M\u00f3nica Naranjo.<\/p>\n","protected":false},"excerpt":{"rendered":"Este lunes,15 de septiembre, se estren\u00f3 la nueva edici\u00f3n de Operaci\u00f3n Triunfo (OT) en Prime Video \u00abcon emisi\u00f3n&hellip;\n","protected":false},"author":2,"featured_media":118225,"comment_status":"","ping_status":"","sticky":false,"template":"","format":"standard","meta":{"footnotes":""},"categories":[171],"tags":[36328,208,2884,3008,146,147,25,24,39367,3459,39368,8360,708,221,1358,23,214],"class_list":{"0":"post-118224","1":"post","2":"type-post","3":"status-publish","4":"format-standard","5":"has-post-thumbnail","7":"category-tv","8":"tag-canta","9":"tag-conciertos","10":"tag-concursante","11":"tag-de","12":"tag-entertainment","13":"tag-entretenimiento","14":"tag-es","15":"tag-espana","16":"tag-estudia-ingenieria","17":"tag-laura","18":"tag-misas","19":"tag-munoz","20":"tag-navarra","21":"tag-ot","22":"tag-pamplona","23":"tag-spain","24":"tag-tv"},"share_on_mastodon":{"url":"","error":""},"_links":{"self":[{"href":"https:\/\/www.europesays.com\/es\/wp-json\/wp\/v2\/posts\/118224","targetHints":{"allow":["GET"]}}],"collection":[{"href":"https:\/\/www.europesays.com\/es\/wp-json\/wp\/v2\/posts"}],"about":[{"href":"https:\/\/www.europesays.com\/es\/wp-json\/wp\/v2\/types\/post"}],"author":[{"embeddable":true,"href":"https:\/\/www.europesays.com\/es\/wp-json\/wp\/v2\/users\/2"}],"replies":[{"embeddable":true,"href":"https:\/\/www.europesays.com\/es\/wp-json\/wp\/v2\/comments?post=118224"}],"version-history":[{"count":0,"href":"https:\/\/www.europesays.com\/es\/wp-json\/wp\/v2\/posts\/118224\/revisions"}],"wp:featuredmedia":[{"embeddable":true,"href":"https:\/\/www.europesays.com\/es\/wp-json\/wp\/v2\/media\/118225"}],"wp:attachment":[{"href":"https:\/\/www.europesays.com\/es\/wp-json\/wp\/v2\/media?parent=118224"}],"wp:term":[{"taxonomy":"category","embeddable":true,"href":"https:\/\/www.europesays.com\/es\/wp-json\/wp\/v2\/categories?post=118224"},{"taxonomy":"post_tag","embeddable":true,"href":"https:\/\/www.europesays.com\/es\/wp-json\/wp\/v2\/tags?post=118224"}],"curies":[{"name":"wp","href":"https:\/\/api.w.org\/{rel}","templated":true}]}}