{"id":118226,"date":"2025-09-16T06:56:07","date_gmt":"2025-09-16T06:56:07","guid":{"rendered":"https:\/\/www.europesays.com\/es\/118226\/"},"modified":"2025-09-16T06:56:07","modified_gmt":"2025-09-16T06:56:07","slug":"insidious-6-tiene-fecha-de-estreno","status":"publish","type":"post","link":"https:\/\/www.europesays.com\/es\/118226\/","title":{"rendered":"&#8216;Insidious 6&#8217; tiene fecha de estreno"},"content":{"rendered":"<p class=\"c-paragraph\">El m\u00e1s all\u00e1 de la dimensi\u00f3n astral y los esp\u00edritus y demonios que aterrorizan a los vivos. Aunque parezca mentira, ya hace 15 a\u00f1os del estreno de <b>Insidious<\/b> dirigida por<b> James Wan<\/b> quien, junto con\u00a0<b>Leigh Whannell<\/b>, cre\u00f3 una de las sagas m\u00e1s longevas del cine de terror moderno. Protagonizada por <b>Patrick Wilson<\/b>, y que repetir\u00eda en tres de las cuatro secuelas siguientes, incluso dirigiendo la m\u00e1s reciente estrenada hasta el momento, <a href=\"https:\/\/www.20minutos.es\/cinemania\/criticas\/insidious-puerta-roja-saga-devora-sus-hijos-5149021\/\" title=\"&#039;Insidious: La puerta roja&#039;: la saga devora a sus hijos\" rel=\"nofollow noopener\" target=\"_blank\">Insidious: La puerta roja<\/a>, otro de los personajes m\u00e1s ic\u00f3nicos de la saga es la veterana actriz <b>Lin Shaye<\/b> interpretando a la investigadora de lo paranormal Elise Rainier.<\/p>\n<p class=\"c-paragraph\">La noticia es que, dos a\u00f1os despu\u00e9s de La puerta roja, se anuncia que habr\u00e1 <b>Insidious 6<\/b>, todav\u00eda sin t\u00edtulo oficial. Sin embargo, al menos se ha confirmado que<b> de nuevo regresar\u00e1 Shaye<\/b> y tambi\u00e9n a otra de las integrantes que formar\u00e1n parte del reparto, <b>Amelia Eve<\/b> conocida sobre todo por la serie <a href=\"https:\/\/www.20minutos.es\/cinemania\/series\/la-maldicion-de-bly-manor-es-un-estudio-aterradoramente-sensible-de-la-angustia-del-fantasma-161136\/\" title=\"https:\/\/www.20minutos.es\/cinemania\/series\/la-maldicion-de-bly-manor-es-un-estudio-aterradoramente-sensible-de-la-angustia-del-fantasma-161136\/\" rel=\"nofollow noopener\" target=\"_blank\">La maldici\u00f3n de Bly Manor<\/a> creada por <b>Mike Flanagan<\/b> para Netflix.<\/p>\n<p class=\"c-paragraph\">La productora Blumhouse y Stage 6 Films de Sony mantienen en secreto m\u00e1s detalles sobre el argumento, pero ya han puesto fecha de estreno,\u00a0<b>y ser\u00e1 el 21 de agosto de 2026<\/b>, de la nueva entrega de una franquicia que es tambi\u00e9n es una de las joyas de su corona. Ha ido acumulando fans desde el taquillazo sorpresa que fue la primera, <b>que apenas cost\u00f3 un mill\u00f3n y medio de d\u00f3lares y recaud\u00f3 99,5 en todo el mundo<\/b>. Con presupuestos igualmente modestos, La puerta roja cost\u00f3 16 millones y, en total, las cinco pel\u00edculas hasta ahora de la saga demoniaca han necesitado una inversi\u00f3n de poco m\u00e1s de 40 millones y que en taquilla ha dado m\u00e1s de 730.<\/p>\n<p class=\"c-paragraph\">Insidious 6 tiene previsto iniciar su rodaje la pr\u00f3xima semana y tendr\u00e1 a\u00a0<b>Jacob Chase <\/b>como director, de <b>Ven a jugar <\/b>y la serie\u00a0<b>The Girl in the Woods<\/b>. \u00c9l mismo se ha encargado de la escritura del guion junto a\u00a0<b>David Leslie Johnson<\/b>, con pr\u00e1cticamente un \u00fanico mediometraje de una hora acreditado, <b>La noche del demonio<\/b>.<\/p>\n","protected":false},"excerpt":{"rendered":"El m\u00e1s all\u00e1 de la dimensi\u00f3n astral y los esp\u00edritus y demonios que aterrorizan a los vivos. Aunque&hellip;\n","protected":false},"author":2,"featured_media":118227,"comment_status":"","ping_status":"","sticky":false,"template":"","format":"standard","meta":{"footnotes":""},"categories":[169],"tags":[177,146,147,25,24,176,175,6385,2074,11498,7745,23,6667],"class_list":{"0":"post-118226","1":"post","2":"type-post","3":"status-publish","4":"format-standard","5":"has-post-thumbnail","7":"category-cine","8":"tag-cine","9":"tag-entertainment","10":"tag-entretenimiento","11":"tag-es","12":"tag-espana","13":"tag-film","14":"tag-movies","15":"tag-otra","16":"tag-que","17":"tag-saga","18":"tag-se","19":"tag-spain","20":"tag-terror"},"share_on_mastodon":{"url":"","error":""},"_links":{"self":[{"href":"https:\/\/www.europesays.com\/es\/wp-json\/wp\/v2\/posts\/118226","targetHints":{"allow":["GET"]}}],"collection":[{"href":"https:\/\/www.europesays.com\/es\/wp-json\/wp\/v2\/posts"}],"about":[{"href":"https:\/\/www.europesays.com\/es\/wp-json\/wp\/v2\/types\/post"}],"author":[{"embeddable":true,"href":"https:\/\/www.europesays.com\/es\/wp-json\/wp\/v2\/users\/2"}],"replies":[{"embeddable":true,"href":"https:\/\/www.europesays.com\/es\/wp-json\/wp\/v2\/comments?post=118226"}],"version-history":[{"count":0,"href":"https:\/\/www.europesays.com\/es\/wp-json\/wp\/v2\/posts\/118226\/revisions"}],"wp:featuredmedia":[{"embeddable":true,"href":"https:\/\/www.europesays.com\/es\/wp-json\/wp\/v2\/media\/118227"}],"wp:attachment":[{"href":"https:\/\/www.europesays.com\/es\/wp-json\/wp\/v2\/media?parent=118226"}],"wp:term":[{"taxonomy":"category","embeddable":true,"href":"https:\/\/www.europesays.com\/es\/wp-json\/wp\/v2\/categories?post=118226"},{"taxonomy":"post_tag","embeddable":true,"href":"https:\/\/www.europesays.com\/es\/wp-json\/wp\/v2\/tags?post=118226"}],"curies":[{"name":"wp","href":"https:\/\/api.w.org\/{rel}","templated":true}]}}