{"id":118228,"date":"2025-09-16T06:57:08","date_gmt":"2025-09-16T06:57:08","guid":{"rendered":"https:\/\/www.europesays.com\/es\/118228\/"},"modified":"2025-09-16T06:57:08","modified_gmt":"2025-09-16T06:57:08","slug":"aso-el-imperio-de-capital-frances-especializado-en-la-organizacion-de-eventos-deportivos-que-esta-detras-de-la-vuelta-a-espana-ciclismo-deportes","status":"publish","type":"post","link":"https:\/\/www.europesays.com\/es\/118228\/","title":{"rendered":"ASO, el imperio de capital franc\u00e9s especializado en la organizaci\u00f3n de eventos deportivos que est\u00e1 detr\u00e1s de la Vuelta a Espa\u00f1a | Ciclismo | Deportes"},"content":{"rendered":"<p class=\"\">Desde 2009, la Vuelta ciclista a Espa\u00f1a marcha en la direcci\u00f3n que marca Javier Guill\u00e9n. El madrile\u00f1o, de 52 a\u00f1os, asumi\u00f3 el mandato de la carrera despu\u00e9s de siete a\u00f1os en Unipublic, la empresa que organiza la prueba desde 1979. \u00c9l es quien ha lidiado estos d\u00edas con <a href=\"https:\/\/elpais.com\/espana\/2025-09-15\/sanchez-pide-que-se-expulse-a-israel-de-las-competiciones-deportivas-mientras-no-cese-la-barbarie-contra-los-palestinos.html\" target=\"_self\" rel=\"nofollow noopener\" title=\"https:\/\/elpais.com\/espana\/2025-09-15\/sanchez-pide-que-se-expulse-a-israel-de-las-competiciones-deportivas-mientras-no-cese-la-barbarie-contra-los-palestinos.html\">las protestas contra el equipo Israel-Premier Tech<\/a> y quien ha dado la cara este lunes en Madrid, epicentro de las manifestaciones pro-Palestina que provocaron este domingo la suspensi\u00f3n de la \u00faltima etapa con salida en Alalpardo y final previsto en la plaza de Cibeles. No es Guill\u00e9n, sin embargo, la c\u00faspide de la pir\u00e1mide que hace y deshace en la Vuelta a Espa\u00f1a. Desde 2014, la propietaria \u00fanica de la carrera es ASO (Amaury Sport Organisation), empresa francesa del grupo Amaury que ya hab\u00eda adquirido en 2008 el 49% de la propiedad de la Vuelta.<\/p>\n<p class=\"\">ASO es la promotora de la carrera ciclista m\u00e1s relevante del planeta, el Tour de Francia (as\u00ed como de la Vuelta a Espa\u00f1a; mientras que el Giro de Italia, la gran vuelta restante, pertenece a la italiana RCS Sports); de dos de los cinco monumentos, la Par\u00eds-Roubaix y la Lieja-Basto\u00f1a-Lieja; as\u00ed como de la Par\u00eds-Niza, la Volta a Catalunya o, ya fuera del ciclismo, el Rally Dakar, el Bal\u00f3n de Oro o la marat\u00f3n de Par\u00eds. Bajo el paraguas de negocio del Amaury Group, ASO es solo la rama destinada a los eventos deportivos. Dentro del mismo grupo, \u00c9ditions Philippe Amaury tambi\u00e9n es due\u00f1a de medios de comunicaci\u00f3n como L\u2019Equipe, el diario deportivo m\u00e1s influyente del mundo, Le Parisien o France Football.<\/p>\n<p class=\"\">Detr\u00e1s de semejante transatl\u00e1ntico econ\u00f3mico se encuentra la francesa Marie-Odile Amaury, viuda del fundador del grupo, Philippe Amaury, fallecido en 2006. El pasado a\u00f1o se estim\u00f3 que la fortuna de la m\u00e1xima accionista del Amaury Group, nacida en Estrasburgo hace 85 a\u00f1os, se acerca a los 675 millones de euros, cifras que la sit\u00faan como la cabeza visible de una de las 200 familias m\u00e1s ricas de toda Francia. Su hija, Aurore Amaury, es codirectora general del grupo y directora del grupo L\u2019Equipe, mientras que su hijo, Jean-Etienne Amaury, ostenta el mismo cargo al frente del grupo Amaury y es, adem\u00e1s, el presidente de ASO.<\/p>\n<p class=\"\">La Vuelta es, por tanto, una de las muchas fuentes de las que bebe la promotora francesa. M\u00e1s a\u00fan en los \u00faltimos a\u00f1os, desde que la carrera espa\u00f1ola ha disparado su rentabilidad. El pasado a\u00f1o, sin ir m\u00e1s lejos, <a href=\"https:\/\/elpais.com\/deportes\/ciclismo\/2025-09-15\/el-deporte-es-politica-la-vuelta-al-origen.html\" target=\"_self\" rel=\"nofollow noopener\" title=\"https:\/\/elpais.com\/deportes\/ciclismo\/2025-09-15\/el-deporte-es-politica-la-vuelta-al-origen.html\">la ronda ciclista elev\u00f3 un 10% su facturaci\u00f3n<\/a>, seg\u00fan datos de 2Playbook. En esa edici\u00f3n, la de 2024, ganada por Primoz Roglic, Unipublic (matriz espa\u00f1ola propiedad de ASO) obtuvo cerca de 11,5 millones de euros de beneficios por la prueba, algo a lo que ayud\u00f3, y mucho, la gran salida desde Lisboa (Portugal). No era la primera vez que la carrera iniciaba su recorrido desde el extranjero. Tampoco ser\u00e1 la \u00faltima, visto el impulso econ\u00f3mico que ello supone. Tanto es as\u00ed, que desde 2022 y, al menos, hasta 2026, la Vuelta arrancar\u00e1 cuatro veces desde el extranjero: Utrecht, en 2022; Lisboa, en 2024; Tur\u00edn, este a\u00f1o; y M\u00f3naco, el curso que viene.<\/p>\n<p>El director de La Vuelta, Javier Guill\u00e9n, comparece  tras las protestas pro-Palestina en Madrid.Foto: A. P\u00e9rez Meca | V\u00eddeo: EPV (EFE)<\/p>\n<p class=\"\">Lo cierto es que, de vuelta a las protestas pro-Palestina que han interrumpido el transcurso de la Vuelta a Espa\u00f1a, tanto ASO como Unipublic se han visto estos d\u00edas atadas de pies y manos. Esa es, al menos, la postura que han transmitido ambas empresas en todo momento. \u201cLa posici\u00f3n de la Vuelta en todo esto es clara\u201d, ha asegurado Javier Guill\u00e9n este lunes; \u201c<a href=\"https:\/\/eur01.safelinks.protection.outlook.com\/?url=https%3A%2F%2Felpais.com%2Fdeportes%2Fciclismo%2F2025-09-03%2Fsolo-la-uci-puede-descalificar-al-israel-premier-tech-de-la-vuelta.html&amp;data=05%7C02%7Cdarribas%40elpais.es%7C3044dbab27aa487c9a5108ddf469cae0%7Cc4fd49f3e15a44d882e2c909735d2e45%7C0%7C0%7C638935457387284399%7CUnknown%7CTWFpbGZsb3d8eyJFbXB0eU1hcGkiOnRydWUsIlYiOiIwLjAuMDAwMCIsIlAiOiJXaW4zMiIsIkFOIjoiTWFpbCIsIldUIjoyfQ%3D%3D%7C0%7C%7C%7C&amp;sdata=l8hWP0yHYCxLbAKC%2BkOPqyGRDeHNGsHNjEIU02fMB9s%3D&amp;reserved=0\" rel=\"nofollow noopener\" title=\"Direcci\u00f3n URL original: https:\/\/elpais.com\/deportes\/ciclismo\/2025-09-03\/solo-la-uci-puede-descalificar-al-israel-premier-tech-de-la-vuelta.html. Haga clic o pulse si conf\u00eda en este v\u00ednculo.\" target=\"_blank\">nosotros nos guiamos por la normativa de la Uni\u00f3n Ciclista Internacional (UCI)<\/a>. Es a ella a quien le corresponde establecer el derecho de sanci\u00f3n o de exclusi\u00f3n [de un equipo] durante las carreras. En todo momento nos hemos movido en esa legalidad. Es m\u00e1s, hablamos con ellos para hacerles ver cu\u00e1les eran los acontecimientos que est\u00e1bamos viviendo aqu\u00ed y para que tomaran posici\u00f3n. Y s\u00ed, la UCI tom\u00f3 una posici\u00f3n: la de mantener al equipo Israel-Premier Tech en carrera. Nosotros nos hemos guiado en todo momento por lo que ellos nos han dicho. Cualquier movimiento sin su consentimiento hubiera derivado en una serie de consecuencias legales muy negativas, algo que hubiera afectado a Espa\u00f1a en el marco del deporte internacional\u00bb.<\/p>\n<p class=\"\">Tal es as\u00ed, que de no seguir las pautas marcadas por la UCI, la Vuelta podr\u00eda llegar al extremo de, por ejemplo, perder la categor\u00eda World Tour, la denominada primera divisi\u00f3n del ciclismo internacional, algo que afectar\u00eda no solo a la relevancia de la prueba, sino al impacto econ\u00f3mico generado por, entre otros aspectos, los derechos de televisi\u00f3n de la carrera. Es esa distinci\u00f3n, la de prueba World Tour, la que, por otro lado, obliga a la Vuelta a acatar las directrices de la UCI y, a mayor escala, del Comit\u00e9 Ol\u00edmpico Internacional (COI), <a href=\"https:\/\/elpais.com\/deportes\/ciclismo\/2025-09-06\/el-equipo-israel-premier-tech-borra-la-palabra-israel-de-su-maillot-en-la-vuelta.html\" target=\"_self\" rel=\"nofollow noopener\" title=\"https:\/\/elpais.com\/deportes\/ciclismo\/2025-09-06\/el-equipo-israel-premier-tech-borra-la-palabra-israel-de-su-maillot-en-la-vuelta.html\">reacios en todo momento, al menos hasta la fecha, a expulsar al equipo Israel-Premier Tech<\/a> de cualquier prueba para la que se han clasificado por m\u00e9ritos deportivos.<\/p>\n<p>Los ciclistas, con la organizaci\u00f3n de la Vuelta<\/p>\n<p class=\"\">La justificaci\u00f3n de la Vuelta, de Unipublic, y por ende, de ASO, es secundada por la mayor\u00eda del pelot\u00f3n, si bien es cierto que solo unos pocos apuntaron sus cr\u00edticas m\u00e1s arriba. \u201cSi la UCI no pudo tomar las decisiones correctas a su debido tiempo, quiz\u00e1s lleg\u00f3 un momento en el que ya era demasiado tarde\u201d, lament\u00f3 este domingo, tras la suspensi\u00f3n de la \u00faltima etapa de la Vuelta, el ex campe\u00f3n del mundo Michal Kwiatkowski, del equipo Ineos. \u201cNo pueden simplemente fingir que no pasa nada\u201d, a\u00f1adi\u00f3 en sus redes sociales; \u201cde ahora en adelante, queda claro que una carrera ciclista puede usarse como escenario para este tipo de protestas, y me temo que solo ir\u00e1 a peor, porque alguien decidi\u00f3 permitirlo y mirar hacia otro lado\u201d.<\/p>\n<p><img alt=\"Varios ciclistas pasan por una zona con protestas propalestinas durante la 20\u00aa etapa de la Vuelta Ciclista a Espa\u00f1a.\" decoding=\"auto\" class=\"_re lazyload a_m-h\" height=\"276\"  width=\"414\"  src=\"https:\/\/www.europesays.com\/es\/wp-content\/uploads\/2025\/09\/KFSVIZZYEFPVJESM4BUIPJF4EE.jpg\" loading=\"lazy\"\/>Varios ciclistas pasan por una zona con protestas propalestinas durante la 20\u00aa etapa de la Vuelta Ciclista a Espa\u00f1a.Rafael Bastante (Europa Press)<\/p>\n<p class=\"\">No fue el \u00fanico corredor en pronunciarse al respecto, pero s\u00ed uno de los pocos en posicionarse de manera tan tajante. D\u00edas antes, <a href=\"https:\/\/elpais.com\/deportes\/ciclismo\/2025-09-14\/jonas-vingegaard-el-campeon-sin-fiesta-radiografia-de-un-triunfo-marcado-por-las-protestas-en-defensa-de-gaza.html\" target=\"_self\" rel=\"nofollow noopener\" title=\"https:\/\/elpais.com\/deportes\/ciclismo\/2025-09-14\/jonas-vingegaard-el-campeon-sin-fiesta-radiografia-de-un-triunfo-marcado-por-las-protestas-en-defensa-de-gaza.html\">Jonas Vingegaard<\/a>, el vencedor de la Vuelta, se mostr\u00f3 comprensivo con los manifestantes en la cadena TV2 danesa. \u201cLa gente protesta por algo\u201d, sugiri\u00f3; \u201ces horrible lo que est\u00e1 pasando ahora mismo, y creo que quienes protestan lo hacen aqu\u00ed porque necesitan un lugar en el que ser escuchados. Necesitan que los medios les den esa oportunidad, est\u00e1n desesperados por ello, as\u00ed que lo hacen aqu\u00ed, en la Vuelta\u201d.<\/p>\n<p class=\"\">El espa\u00f1ol <a href=\"https:\/\/elpais.com\/deportes\/ciclismo\/2025-09-04\/carlos-verona-en-el-centro-de-las-criticas-tras-las-protestas-en-bilbao-hay-que-mantener-el-deporte-alejado-de-la-politica.html\" target=\"_self\" rel=\"nofollow noopener\" title=\"https:\/\/elpais.com\/deportes\/ciclismo\/2025-09-04\/carlos-verona-en-el-centro-de-las-criticas-tras-las-protestas-en-bilbao-hay-que-mantener-el-deporte-alejado-de-la-politica.html\">Carlos Verona<\/a>, por su parte, recibi\u00f3 muchas cr\u00edticas tras las protestas que desencadenaron en la cancelaci\u00f3n de la etapa de Bilbao. \u201cEsperemos que a quien le corresponda dentro de la UCI tome medidas para que esto no se vuelva a repetir\u201d, lament\u00f3 en Eurosport; \u201ctenemos que intentar mantener el deporte alejado de la pol\u00edtica, porque creo que la mayor\u00eda de los que estamos aqu\u00ed no hemos venido a hablar de pol\u00edtica ni a meternos en esos temas, lo que queremos es disfrutar con el deporte, dar nuestro 100% y hacer de este mundo un lugar mejor\u201d.<\/p>\n<p>La UCI, dura con Espa\u00f1a, pero no con la Vuelta<\/p>\n<p class=\"\">A las seis de la tarde de este lunes, y por primera vez desde las protestas en Bilbao del pasado 3 de septiembre, <a href=\"https:\/\/www.uci.org\/pressrelease\/uci-statement-concerning-la-vuelta-ciclista-a-espana-2025\/sg0nB3573AbWtW5P8JVAw\" rel=\"nofollow noopener\" title=\"https:\/\/www.uci.org\/pressrelease\/uci-statement-concerning-la-vuelta-ciclista-a-espana-2025\/sg0nB3573AbWtW5P8JVAw\" target=\"_blank\">la Uni\u00f3n Ciclista Internacional se ha pronunciado<\/a> en un comunicado en el que, adem\u00e1s de condenar lo ocurrido este domingo en las calles de Madrid, ha cargado duramente contra el gobierno de Espa\u00f1a.<\/p>\n<p class=\"\">\u201cDesde la llegada de la carrera al territorio espa\u00f1ol, la Vuelta se ha visto perturbada casi a diario por acciones de car\u00e1cter militante: intrusiones de individuos en el pelot\u00f3n, lanzamiento de orina y puesta en peligro de los corredores, atentando contra su integridad f\u00edsica, ya que algunos sufrieron ca\u00eddas, lesiones y se vieron obligados a abandonar la prueba\u201d, lamentan; \u201clos actos reiterados que afectaron a un n\u00famero considerable de etapas constituyen una grave violaci\u00f3n de la Carta Ol\u00edmpica y de los principios fundamentales del deporte\u201d.<\/p>\n<p class=\"\">\u201cLamentamos asimismo que el presidente del Gobierno espa\u00f1ol [Pedro S\u00e1nchez] y su equipo hayan respaldado acciones realizadas en el marco de una competici\u00f3n deportiva que pueden obstaculizar su buen desarrollo y que, en algunos casos, hayan expresado su admiraci\u00f3n hacia los manifestantes\u201d, sentencian; \u201cesta postura contradice totalmente los valores ol\u00edmpicos de uni\u00f3n, respeto mutuo y paz. Adem\u00e1s, pone en tela de juicio la capacidad de Espa\u00f1a para acoger grandes eventos deportivos internacionales, garantizando su buen desarrollo en condiciones de seguridad y de conformidad con los principios de la Carta Ol\u00edmpica\u201d.<\/p>\n","protected":false},"excerpt":{"rendered":"Desde 2009, la Vuelta ciclista a Espa\u00f1a marcha en la direcci\u00f3n que marca Javier Guill\u00e9n. El madrile\u00f1o, de&hellip;\n","protected":false},"author":2,"featured_media":118229,"comment_status":"","ping_status":"","sticky":false,"template":"","format":"standard","meta":{"footnotes":""},"categories":[93],"tags":[33642,313,2838,1540,68,168,25,24,74,33643,76,23,167,11214,31839,29262,7603],"class_list":{"0":"post-118228","1":"post","2":"type-post","3":"status-publish","4":"format-standard","5":"has-post-thumbnail","7":"category-deportes","8":"tag-aso","9":"tag-ciclismo","10":"tag-ciclistas","11":"tag-competiciones","12":"tag-conflicto-arabe-israeli","13":"tag-deportes","14":"tag-es","15":"tag-espana","16":"tag-israel","17":"tag-javier-guillen","18":"tag-palestina","19":"tag-spain","20":"tag-sports","21":"tag-uci","22":"tag-union-ciclista-internacional","23":"tag-unipublic","24":"tag-vuelta-espana"},"share_on_mastodon":{"url":"","error":""},"_links":{"self":[{"href":"https:\/\/www.europesays.com\/es\/wp-json\/wp\/v2\/posts\/118228","targetHints":{"allow":["GET"]}}],"collection":[{"href":"https:\/\/www.europesays.com\/es\/wp-json\/wp\/v2\/posts"}],"about":[{"href":"https:\/\/www.europesays.com\/es\/wp-json\/wp\/v2\/types\/post"}],"author":[{"embeddable":true,"href":"https:\/\/www.europesays.com\/es\/wp-json\/wp\/v2\/users\/2"}],"replies":[{"embeddable":true,"href":"https:\/\/www.europesays.com\/es\/wp-json\/wp\/v2\/comments?post=118228"}],"version-history":[{"count":0,"href":"https:\/\/www.europesays.com\/es\/wp-json\/wp\/v2\/posts\/118228\/revisions"}],"wp:featuredmedia":[{"embeddable":true,"href":"https:\/\/www.europesays.com\/es\/wp-json\/wp\/v2\/media\/118229"}],"wp:attachment":[{"href":"https:\/\/www.europesays.com\/es\/wp-json\/wp\/v2\/media?parent=118228"}],"wp:term":[{"taxonomy":"category","embeddable":true,"href":"https:\/\/www.europesays.com\/es\/wp-json\/wp\/v2\/categories?post=118228"},{"taxonomy":"post_tag","embeddable":true,"href":"https:\/\/www.europesays.com\/es\/wp-json\/wp\/v2\/tags?post=118228"}],"curies":[{"name":"wp","href":"https:\/\/api.w.org\/{rel}","templated":true}]}}