{"id":118238,"date":"2025-09-16T07:02:17","date_gmt":"2025-09-16T07:02:17","guid":{"rendered":"https:\/\/www.europesays.com\/es\/118238\/"},"modified":"2025-09-16T07:02:17","modified_gmt":"2025-09-16T07:02:17","slug":"dolar-inflacion-consumo-y-pbi-cuales-son-las-pautas-macro-del-proyecto-del-presupuesto-2026","status":"publish","type":"post","link":"https:\/\/www.europesays.com\/es\/118238\/","title":{"rendered":"D\u00f3lar, inflaci\u00f3n, consumo y PBI: cu\u00e1les son las pautas macro del proyecto del Presupuesto\u00a02026"},"content":{"rendered":"<p><img alt=\"El presidente argentino Javier Milei,\" class=\"global-image\" decoding=\"async\" fetchpriority=\"high\" height=\"1529\" loading=\"eager\" src=\"https:\/\/www.europesays.com\/es\/wp-content\/uploads\/2025\/09\/4NP3SF7KGCL3XOIYDFSU25LQVE.jpg\" width=\"2293\"\/>El presidente argentino Javier Milei, a la derecha, y su ministro de Econom\u00eda, Luis Caputo, ingresan al Ministerio de Econom\u00eda despu\u00e9s de una reuni\u00f3n con el secretario del Tesoro de Estados Unidos, Scott Bessent, en Buenos Aires, Argentina, el lunes 14 de abril de 2025. (AP Foto\/Natacha Pisarenko)<\/p>\n<p class=\"paragraph\">El Gobierno de<b> Javier Milei <\/b>espera que el precio del <b>d\u00f3lar oficial <\/b>finalice el 2025 en $1.325, que la<b> inflaci\u00f3n<\/b> acumule 24,5% y que el <b>Producto Bruto Interno (PBI)<\/b> avance 5,4% en el mismo per\u00edodo, de acuerdo al proyecto de Presupuesto 2026 que envi\u00f3 este lunes el Poder Ejecutivo al Congreso. <\/p>\n<p class=\"paragraph\">Las proyecciones oficiales para el a\u00f1o pr\u00f3ximo son un d\u00f3lar en $1.423 al cierre de diciembre, una variaci\u00f3n acumulada del IPC del 10,1% y un avance del PBI del 5 por ciento.<\/p>\n<p class=\"paragraph\">El proyecto prev\u00e9 la continuidad del equilibrio fiscal en 2026, con un resultado primario superavitario de 0,3% del PBI, similar al esperado para 2025 y 2027, seg\u00fan los primeros n\u00fameros que comparti\u00f3 el <b>Ministerio de Econom\u00eda<\/b>. El resultado financiero (despu\u00e9s de intereses de la deuda) tambi\u00e9n se equilibra, tras una d\u00e9cada de d\u00e9ficits persistentes y profundos, con picos de hasta -8,4% del PBI en 2020 (pandemia).<\/p>\n<p class=\"paragraph\">Otra de las principales novedades es que el Gobierno espera que este a\u00f1o y hasta 2028 exista un d\u00e9ficit en la balanza comercial de bienes y servicios.<\/p>\n<p class=\"paragraph\">El proyecto de Presupuesto 2026 contempl\u00f3 las principales proyecciones macroecon\u00f3micas que servir\u00e1n de base para la formulaci\u00f3n del Presupuesto 2026. Los n\u00fameros informados por la cartera que conduce el ministro de Econom\u00eda, Luis Caputo, son los siguientes:<\/p>\n<p class=\"paragraph\"><b>Actividad econ\u00f3mica (variaci\u00f3n interanual):<\/b><\/p>\n<ul data-icon=\"\u2b24\" class=\"list\">\n<li data-icon=\"\u2b24\">El <b>PIB<\/b> crecer\u00eda <b>5,4% en 2025<\/b> y <b>5% en 2026<\/b>, con una expansi\u00f3n similar de 5% en 2027 y 2028.<\/li>\n<li data-icon=\"\u2b24\">El <b>consumo privado<\/b> se recuperar\u00eda tras la ca\u00edda de 2024: crecer\u00eda <b>10,2% en 2025<\/b>, <b>4,9% en 2026<\/b>, y se estabilizar\u00eda con alzas del 4,5% y 4,6% en 2027 y 2028.<\/li>\n<li data-icon=\"\u2b24\">El <b>consumo p\u00fablico<\/b> mostrar\u00eda estabilidad: -0,2% en 2025, seguido de subas de <b>1,2% en 2026<\/b>, y de 1,3% anual en 2027 y 2028.<\/li>\n<li data-icon=\"\u2b24\">La <b>inversi\u00f3n<\/b> tendr\u00eda un fuerte repunte de <b>26,5% en 2025<\/b>, para luego crecer a tasas m\u00e1s moderadas: <b>9,4% anual entre 2026 y 2028<\/b>.<\/li>\n<li data-icon=\"\u2b24\">Las <b>exportaciones<\/b> crecer\u00edan <b>9% en 2025<\/b>, acelerando a <b>10,6% en 2026<\/b>, y luego desacelerando a 6,9% en 2027 y 6,1% en 2028.<\/li>\n<li data-icon=\"\u2b24\">Las <b>importaciones<\/b> aumentar\u00edan <b>33,3% en 2025<\/b>, luego <b>11,1% en 2026<\/b>, y continuar\u00edan con alzas de 6,2% y 9,1% en 2027 y 2028.<\/li>\n<\/ul>\n<p class=\"paragraph\"><b>Sector externo (en millones de d\u00f3lares):<\/b><\/p>\n<ul data-icon=\"\u2b24\" class=\"list\">\n<li data-icon=\"\u2b24\">Las <b>exportaciones<\/b> alcanzar\u00edan <b>USD 103.313 millones en 2025<\/b>, con un incremento del 6,6% interanual, y subir\u00edan a <b>USD 112.695 millones en 2026<\/b>, creciendo 9,1%.<\/li>\n<li data-icon=\"\u2b24\">Las <b>importaciones<\/b> se ubicar\u00edan en <b>USD 105.760 millones en 2025<\/b>, con un alza de 31,8%, y en <b>USD 118.447 millones en 2026<\/b>, aumentando 12%.<\/li>\n<li data-icon=\"\u2b24\">El <b>saldo comercial<\/b> ser\u00eda deficitario: <b>USD -2.447 millones en 2025<\/b> y <b>USD -5.751 millones en 2026<\/b>.<\/li>\n<\/ul>\n<p class=\"paragraph\"><b>Precios y tipo de cambio (diciembre de cada a\u00f1o):<\/b><\/p>\n<ul data-icon=\"\u2b24\" class=\"list\">\n<li data-icon=\"\u2b24\">La inflaci\u00f3n anual medida por el <b>IPC<\/b> se reducir\u00eda significativamente: <b>117,8% en 2024<\/b>, <b>24,5% en 2025<\/b>, <b>10,1% en 2026<\/b>, <b>5,9% en 2027<\/b> y <b>3,7% en 2028<\/b>.<\/li>\n<li data-icon=\"\u2b24\">El <b>tipo de cambio nominal<\/b> cerr\u00f3 en <b>$1.021 por d\u00f3lar en 2024<\/b>, <b>$1.325 finalizar\u00eda en 2025<\/b>, <b>$1.423 en 2026<\/b>, <b>$1.470 en 2027<\/b> y <b>$1.488 en 2028<\/b>.<\/li>\n<\/ul>\n<p class=\"paragraph\">En cuanto a la <b>descomposici\u00f3n del equilibrio fiscal de 2026<\/b> (en % del PBI):<\/p>\n<ul data-icon=\"\u2b24\" class=\"list\">\n<li data-icon=\"\u2b24\"><b>Gastos principales<\/b>:\n<ul data-icon=\"\u2b24\">\n<li data-icon=\"\u2b24\">Previsi\u00f3n social: <b>6,5% del PBI<\/b><\/li>\n<li data-icon=\"\u2b24\">Asistencia social: <b>2,3% del PBI<\/b><\/li>\n<li data-icon=\"\u2b24\">Salarios: <b>1,6% del PBI<\/b><\/li>\n<li data-icon=\"\u2b24\">Subsidios: <b>0,7% del PBI<\/b><\/li>\n<li data-icon=\"\u2b24\">Universidades: <b>0,5% del PBI<\/b><\/li>\n<li data-icon=\"\u2b24\">Gasto de capital: <b>0,3% del PBI<\/b><\/li>\n<li data-icon=\"\u2b24\">Otros (\u201cresto\u201d): <b>1,0% del PBI<\/b><\/li>\n<li data-icon=\"\u2b24\">Intereses de la deuda: <b>1,4% del PBI<\/b><\/li>\n<\/ul>\n<\/li>\n<li data-icon=\"\u2b24\"><b>Recursos<\/b>: el total proyectado asciende a <b>14,3% del PBI<\/b>, suficiente para cubrir las erogaciones y sostener el equilibrio primario.<\/li>\n<\/ul>\n<p class=\"paragraph\"><a href=\"https:\/\/www.infobae.com\/economia\/2025\/09\/16\/equilibrio-fiscal-y-mas-gasto-en-salud-y-jubilaciones-cuales-fueron-las-claves-economicas-del-discurso-de-milei\/\" target=\"_blank\" rel=\"noreferrer nofollow noopener\" title=\"https:\/\/www.infobae.com\/economia\/2025\/09\/16\/equilibrio-fiscal-y-mas-gasto-en-salud-y-jubilaciones-cuales-fueron-las-claves-economicas-del-discurso-de-milei\/\">Milei afirm\u00f3 en cadena nacional <\/a>que el Presupuesto 2026 constituye \u201cla ratificaci\u00f3n de nuestro compromiso inquebrantable con sacar al pa\u00eds adelante\u201d, al sostener el equilibrio fiscal como \u201cpiedra angular de nuestro plan de gobierno y un principio no negociable\u201d. Subray\u00f3 que si la Argentina mantiene el orden fiscal, \u201ctenemos asegurado un crecimiento inimaginable luego de d\u00e9cadas de estancamiento\u201d, aunque advirti\u00f3 que si el pa\u00eds falla en este objetivo, se enfrentar\u00e1 nuevamente a un escenario de \u201cinflaci\u00f3n descontrolada y la destrucci\u00f3n de toda expectativa sobre el pa\u00eds\u201d.<\/p>\n<p class=\"paragraph\">Entre los lineamientos principales, Milei indic\u00f3 que el presupuesto presenta \u201cel menor nivel de gasto a nivel nacional en relaci\u00f3n al PBI de los \u00faltimos treinta a\u00f1os\u201d, pero destac\u00f3 excepciones en partidas clave que en las \u00faltimas semanas estuvieron en el centro del debate p\u00fablico.<\/p>\n<p class=\"paragraph\">\u201cEste presupuesto le asigna 4.8 billones de pesos a las universidades nacionales, aumenta el gasto en jubilaciones un 5% y en salud un 17%, ambas partidas por encima de la inflaci\u00f3n. El gasto en educaci\u00f3n tambi\u00e9n aumenta un 8%\u201d, se\u00f1al\u00f3. El mandatario puntualiz\u00f3 adem\u00e1s que \u201cel monto recibido por cada pensionado por discapacidad tambi\u00e9n aumentar\u00e1 en un 5% por encima de la inflaci\u00f3n del 2026\u201d, reforzando el eje puesto en el capital humano.<\/p>\n<p><img alt=\"Entre los lineamientos principales, Milei\" class=\"global-image\" decoding=\"async\" fetchpriority=\"low\" height=\"1080\" loading=\"lazy\" src=\"https:\/\/www.europesays.com\/es\/wp-content\/uploads\/2025\/09\/2B6WODSTVFCGTPPBNFKRZ4HVEE.jpg\" width=\"1920\"\/>Entre los lineamientos principales, Milei indic\u00f3 que el presupuesto presenta \u201cel menor nivel de gasto a nivel nacional en relaci\u00f3n al PBI de los \u00faltimos treinta a\u00f1os\u201d<\/p>\n<p class=\"paragraph\">En cuanto al financiamiento, Milei remarc\u00f3: \u201cEste presupuesto cuenta con restricciones de financiamiento, impidi\u00e9ndole al Tesoro financiarse a trav\u00e9s del Banco Central, porque esto implicar\u00eda emisi\u00f3n monetaria y el retorno al infierno inflacionario\u201d. Tambi\u00e9n explic\u00f3 la inclusi\u00f3n de reglas de estabilidad fiscal que obligan a ajustar partidas si los ingresos caen o los gastos se exceden, para preservar el equilibrio fiscal.<\/p>\n<p class=\"paragraph\">Milei, adem\u00e1s, asegur\u00f3 que la etapa m\u00e1s cr\u00edtica del ajuste ya habr\u00eda quedado atr\u00e1s: \u201cPodemos afirmar, como hemos hecho en tantas otras veces, y pese a las turbulencias coyunturales, que lo peor ya pas\u00f3\u201d.<\/p>\n<p class=\"paragraph\">Por otra parte, anticip\u00f3 que el <b>super\u00e1vit fiscal<\/b> le permitir\u00e1 al Estado \u201cotorgar financiamiento del Tesoro para aquellos actores del sector privado que quieran invertir en el pa\u00eds en las grandes concesiones que vamos a llevar adelante\u201d, lo cual implica una modificaci\u00f3n hist\u00f3rica en la relaci\u00f3n entre el sector p\u00fablico y el privado para obras de infraestructura.<\/p>\n<p class=\"paragraph\">El presidente insisti\u00f3 en que \u201cning\u00fan pa\u00eds del mundo puede funcionar correctamente sin un presupuesto equilibrado\u201d y subray\u00f3 la imposibilidad de recurrir a soluciones como el d\u00e9ficit financiado con emisi\u00f3n o deuda, debido a sus consecuencias negativas reiteradas en el pasado argentino.<\/p>\n","protected":false},"excerpt":{"rendered":"El presidente argentino Javier Milei, a la derecha, y su ministro de Econom\u00eda, Luis Caputo, ingresan al Ministerio&hellip;\n","protected":false},"author":2,"featured_media":118239,"comment_status":"","ping_status":"","sticky":false,"template":"","format":"standard","meta":{"footnotes":""},"categories":[42],"tags":[17,18,13,14,11,61,62,63,64,19,20,9,10,15,16,12,21,22,65,66,67],"class_list":{"0":"post-118238","1":"post","2":"type-post","3":"status-publish","4":"format-standard","5":"has-post-thumbnail","7":"category-internacional","8":"tag-breaking-news","9":"tag-breakingnews","10":"tag-featured-news","11":"tag-featurednews","12":"tag-headlines","13":"tag-internacional","14":"tag-international","15":"tag-international-news","16":"tag-internationalnews","17":"tag-latest-news","18":"tag-latestnews","19":"tag-news","20":"tag-noticias","21":"tag-noticias-destacadas","22":"tag-noticiasdestacadas","23":"tag-titulares","24":"tag-ultimas-noticias","25":"tag-ultimasnoticias","26":"tag-world","27":"tag-world-news","28":"tag-worldnews"},"share_on_mastodon":{"url":"","error":""},"_links":{"self":[{"href":"https:\/\/www.europesays.com\/es\/wp-json\/wp\/v2\/posts\/118238","targetHints":{"allow":["GET"]}}],"collection":[{"href":"https:\/\/www.europesays.com\/es\/wp-json\/wp\/v2\/posts"}],"about":[{"href":"https:\/\/www.europesays.com\/es\/wp-json\/wp\/v2\/types\/post"}],"author":[{"embeddable":true,"href":"https:\/\/www.europesays.com\/es\/wp-json\/wp\/v2\/users\/2"}],"replies":[{"embeddable":true,"href":"https:\/\/www.europesays.com\/es\/wp-json\/wp\/v2\/comments?post=118238"}],"version-history":[{"count":0,"href":"https:\/\/www.europesays.com\/es\/wp-json\/wp\/v2\/posts\/118238\/revisions"}],"wp:featuredmedia":[{"embeddable":true,"href":"https:\/\/www.europesays.com\/es\/wp-json\/wp\/v2\/media\/118239"}],"wp:attachment":[{"href":"https:\/\/www.europesays.com\/es\/wp-json\/wp\/v2\/media?parent=118238"}],"wp:term":[{"taxonomy":"category","embeddable":true,"href":"https:\/\/www.europesays.com\/es\/wp-json\/wp\/v2\/categories?post=118238"},{"taxonomy":"post_tag","embeddable":true,"href":"https:\/\/www.europesays.com\/es\/wp-json\/wp\/v2\/tags?post=118238"}],"curies":[{"name":"wp","href":"https:\/\/api.w.org\/{rel}","templated":true}]}}