{"id":118244,"date":"2025-09-16T07:09:03","date_gmt":"2025-09-16T07:09:03","guid":{"rendered":"https:\/\/www.europesays.com\/es\/118244\/"},"modified":"2025-09-16T07:09:03","modified_gmt":"2025-09-16T07:09:03","slug":"el-joven-talento-que-aspira-a-romper-el-reinado-de-carlos-alcaraz-en-la-laver-cup-si-agassi-me-escoge-estare-ahi","status":"publish","type":"post","link":"https:\/\/www.europesays.com\/es\/118244\/","title":{"rendered":"El joven talento que aspira a romper el reinado de Carlos Alcaraz en la Laver Cup: \u00abSi Agassi me escoge, estar\u00e9 ah\u00ed\u00bb"},"content":{"rendered":"<p>Est\u00e1 claro que <b data-testid=\"body-text-bold\">Carlos Alcaraz<\/b> es el hombre a batir en la Laver Cup 2025 tras una edici\u00f3n de 2024 en la que el murciano se convirti\u00f3 en gran protagonista de la victoria del equipo Europa ante el Resto del Mundo. Estos \u00faltimos ya preparan el escenario, liderados por Andre Agassi, para asaltar el trono de la competici\u00f3n en la que se retir\u00f3 Roger Federer.<\/p>\n<p>En el equipo del Resto del Mundo se encuentra <b data-testid=\"body-text-bold\">Joao Fonseca<\/b>. La perla del tenis brasile\u00f1o, del que se esperaba que el 2025 fuera su gran a\u00f1o de eclosi\u00f3n, no ha terminado de encontrar esa regularidad que prometi\u00f3 a principios de temporada, pero ha expresado su deseo de manera p\u00fablica de jugar contra los dos mejores rivales de toda la Laver Cup, Carlos Alcaraz y Alexander Zverev.<\/p>\n","protected":false},"excerpt":{"rendered":"Est\u00e1 claro que Carlos Alcaraz es el hombre a batir en la Laver Cup 2025 tras una edici\u00f3n&hellip;\n","protected":false},"author":2,"featured_media":118245,"comment_status":"","ping_status":"","sticky":false,"template":"","format":"standard","meta":{"footnotes":""},"categories":[274],"tags":[545,39370,168,25,24,26277,23,167,327,326],"class_list":{"0":"post-118244","1":"post","2":"type-post","3":"status-publish","4":"format-standard","5":"has-post-thumbnail","7":"category-tenis","8":"tag-carlos-alcaraz","9":"tag-copa-laver-individual-2025","10":"tag-deportes","11":"tag-es","12":"tag-espana","13":"tag-joao-fonseca","14":"tag-spain","15":"tag-sports","16":"tag-tenis","17":"tag-tennis"},"share_on_mastodon":{"url":"","error":""},"_links":{"self":[{"href":"https:\/\/www.europesays.com\/es\/wp-json\/wp\/v2\/posts\/118244","targetHints":{"allow":["GET"]}}],"collection":[{"href":"https:\/\/www.europesays.com\/es\/wp-json\/wp\/v2\/posts"}],"about":[{"href":"https:\/\/www.europesays.com\/es\/wp-json\/wp\/v2\/types\/post"}],"author":[{"embeddable":true,"href":"https:\/\/www.europesays.com\/es\/wp-json\/wp\/v2\/users\/2"}],"replies":[{"embeddable":true,"href":"https:\/\/www.europesays.com\/es\/wp-json\/wp\/v2\/comments?post=118244"}],"version-history":[{"count":0,"href":"https:\/\/www.europesays.com\/es\/wp-json\/wp\/v2\/posts\/118244\/revisions"}],"wp:featuredmedia":[{"embeddable":true,"href":"https:\/\/www.europesays.com\/es\/wp-json\/wp\/v2\/media\/118245"}],"wp:attachment":[{"href":"https:\/\/www.europesays.com\/es\/wp-json\/wp\/v2\/media?parent=118244"}],"wp:term":[{"taxonomy":"category","embeddable":true,"href":"https:\/\/www.europesays.com\/es\/wp-json\/wp\/v2\/categories?post=118244"},{"taxonomy":"post_tag","embeddable":true,"href":"https:\/\/www.europesays.com\/es\/wp-json\/wp\/v2\/tags?post=118244"}],"curies":[{"name":"wp","href":"https:\/\/api.w.org\/{rel}","templated":true}]}}