{"id":118246,"date":"2025-09-16T07:10:08","date_gmt":"2025-09-16T07:10:08","guid":{"rendered":"https:\/\/www.europesays.com\/es\/118246\/"},"modified":"2025-09-16T07:10:08","modified_gmt":"2025-09-16T07:10:08","slug":"mario-aparicio-ciclista-decian-que-estaba-controlado-para-llegar-a-la-castellana-pero-se-vio-que-no-y-paramos","status":"publish","type":"post","link":"https:\/\/www.europesays.com\/es\/118246\/","title":{"rendered":"Mario Aparicio, ciclista, \u00abDec\u00edan que estaba controlado para llegar a la Castellana, pero se vio que no y paramos\u00bb"},"content":{"rendered":"<p>Mario Aparicio (Aranda de Duero, 23 de abril de 2000) est\u00e1 \u00absatisfecho\u00bb con su primera Vuelta a Espa\u00f1a. El corredor ribere\u00f1o de 25 a\u00f1os acaba  &#8230; de superar su mayor reto deportivo como ciclista profesional, aunque el regustillo post carrera no es el que esperaba, como le ha sucedido a la mayor\u00eda del pelot\u00f3n.<\/p>\n<p class=\"v-p\">Aparicio, al igual de los casi 150 corredores que llegaron a la \u00faltima jornada de la ronda espa\u00f1ola, no tuvieron el final esperado debido a las protestas pro Palestina que marcaron la carrera durante las \u00faltimas jornadas. El corredor del Burgos Burpellet BH, como ya han hecho otros compa\u00f1eros, admite que no se pudo cumplir ni siquiera el plan &#8216;B&#8217; de La Vuelta, y cerrar una de las rondas m\u00e1s controvertidas de la historia, en el Paseo de La Castellana. <\/p>\n<p><a href=\"http:\/\/www.elnortedecastilla.es\/deportes\/ciclismo\/vuelta-espana\/ganna-multan-exceso-velocidad-zorrilla-20250911222703-nt.html#vtm_modulosEngag=mod-rel:deportes:noticia:1:cmp:1-not\" class=\"v-a-link\" aria-label=\"Imagen\" rel=\"nofollow noopener\" target=\"_blank\"><\/p>\n<p><img decoding=\"async\" loading=\"lazy\" src=\"https:\/\/www.europesays.com\/es\/wp-content\/uploads\/2025\/09\/1500663639-kJxC--366x256@El Norte.jpg\" class=\"v-a-img\" width=\"258\" height=\"180\" alt=\"\" data-voc-vtm-id=\"in-text-traffic\"\/><\/p>\n<p><\/a><\/p>\n<p class=\"v-p\">\u00abYa nos hab\u00edan advertido que si no se pod\u00eda completar el circuito en Madrid, se pondr\u00eda fin en La Castellana, al primer paso por meta. Nos dijeron que estaba todo controlado para llegar, pero se vio que no, y paramos\u00bb, afirma Aparicio en relaci\u00f3n a esa decisi\u00f3n de los corredores, de los &#8216;capos&#8217; de la carrera de parar la etapa, tras los primeros incidentes y las noticias que llegaban de la situaci\u00f3n en las calles m\u00e1s c\u00e9ntricas de la capital. <\/p>\n<p class=\"v-p\">\u00abEs una pena, porque era mi primera Vuelta y ten\u00eda esa ilusi\u00f3n de terminar ah\u00ed, con el ambiente, como el punto final al trabajo de tantos d\u00edas\u00bb, indica el deportista que adem\u00e1s, como el resto de su equipo, ha tenido que sobreponerse a un virus que ha hecho estragos durante las tres semanas de la ronda.<\/p>\n<p class=\"v-p\">\u00abNo sabemos c\u00f3mo lo cogimos, pero ha sido dur\u00edsimo. No sabemos si covid o qu\u00e9&#8230; Yo estaba grogui en la contrarreloj por equipos y casi no me recuper\u00e9 hasta la primera jornada de descanso\u00bb, admite el ribere\u00f1o en relaci\u00f3n a una enfermedad que afect\u00f3 a toda la formaci\u00f3n burgalesa y que termin\u00f3 con su compa\u00f1ero, el vallisoletano Dani Cavia en casa. \u00abUna l\u00e1stima, porque Dani lo estaba haciendo muy bien. Iba a por los esprines, ten\u00eda que estar ahi, y ya rasc\u00f3 puntos UCI en la primera jornada\u00bb, agrega Aparicio.<\/p>\n<p class=\"v-p\">\u00abOjal\u00e1 el a\u00f1o que viene, volvamos a estar entre los equipos de La Vuelta, y podamos disfrutar en plenitud, sin protestas y sin enfermedad\u00bb, a\u00f1ade un corredor que ten\u00eda el papel de caza etapas en la ronda.<\/p>\n<p class=\"v-p\">\u00abTodos ten\u00edamos muy claro nuestro rol. Pude meterme en un par de escapadas, pero la victoria estaba muy dif\u00edcil. Ya no es solo estar en ese primer grupo, es coger luego la buena y aguantar\u00bb, a\u00f1ade, para enseguida incidir en los problemas derivados de solo terminar cuatro corredores. \u00abCada vez que ten\u00edamos que coger la escapada, hab\u00eda muchos intentos. Si estamos los ocho, una vez va uno, otra otro, pero estando cuatro, el desgaste es mucho mayor que el que hacen otros equipos\u00bb, analiza.<\/p>\n<p class=\"v-p\">Aparicio tambi\u00e9n desvela las principales diferencias a las que se ha enfrentando como profesional en esta primera ronda de tres semanas. \u00abEl ritmo de la primera semana era una locura&#8230; Luego te acostumbras algo\u00bb, destaca para luego valorar que, en su caso, opt\u00f3 como estrategia por dividir La Vuelta en tres bloques. \u00abEl primero de nueve d\u00edas hasta el primer descanso, luego de seis hasta el segundo d\u00eda de descanso; y por \u00faltimo de cinco hasta la etapa final de Madrid\u00bb, concluye.<\/p>\n","protected":false},"excerpt":{"rendered":"Mario Aparicio (Aranda de Duero, 23 de abril de 2000) est\u00e1 \u00absatisfecho\u00bb con su primera Vuelta a Espa\u00f1a.&hellip;\n","protected":false},"author":2,"featured_media":118247,"comment_status":"","ping_status":"","sticky":false,"template":"","format":"standard","meta":{"footnotes":""},"categories":[273],"tags":[39372,313,14070,312,39371,168,25,24,660,39373,23,167,23337],"class_list":{"0":"post-118246","1":"post","2":"type-post","3":"status-publish","4":"format-standard","5":"has-post-thumbnail","7":"category-ciclismo","8":"tag-castellana","9":"tag-ciclismo","10":"tag-controlado","11":"tag-cycling","12":"tag-decian","13":"tag-deportes","14":"tag-es","15":"tag-espana","16":"tag-llegar","17":"tag-paramos","18":"tag-spain","19":"tag-sports","20":"tag-vio"},"share_on_mastodon":{"url":"","error":""},"_links":{"self":[{"href":"https:\/\/www.europesays.com\/es\/wp-json\/wp\/v2\/posts\/118246","targetHints":{"allow":["GET"]}}],"collection":[{"href":"https:\/\/www.europesays.com\/es\/wp-json\/wp\/v2\/posts"}],"about":[{"href":"https:\/\/www.europesays.com\/es\/wp-json\/wp\/v2\/types\/post"}],"author":[{"embeddable":true,"href":"https:\/\/www.europesays.com\/es\/wp-json\/wp\/v2\/users\/2"}],"replies":[{"embeddable":true,"href":"https:\/\/www.europesays.com\/es\/wp-json\/wp\/v2\/comments?post=118246"}],"version-history":[{"count":0,"href":"https:\/\/www.europesays.com\/es\/wp-json\/wp\/v2\/posts\/118246\/revisions"}],"wp:featuredmedia":[{"embeddable":true,"href":"https:\/\/www.europesays.com\/es\/wp-json\/wp\/v2\/media\/118247"}],"wp:attachment":[{"href":"https:\/\/www.europesays.com\/es\/wp-json\/wp\/v2\/media?parent=118246"}],"wp:term":[{"taxonomy":"category","embeddable":true,"href":"https:\/\/www.europesays.com\/es\/wp-json\/wp\/v2\/categories?post=118246"},{"taxonomy":"post_tag","embeddable":true,"href":"https:\/\/www.europesays.com\/es\/wp-json\/wp\/v2\/tags?post=118246"}],"curies":[{"name":"wp","href":"https:\/\/api.w.org\/{rel}","templated":true}]}}