{"id":118248,"date":"2025-09-16T07:11:10","date_gmt":"2025-09-16T07:11:10","guid":{"rendered":"https:\/\/www.europesays.com\/es\/118248\/"},"modified":"2025-09-16T07:11:10","modified_gmt":"2025-09-16T07:11:10","slug":"alianza-estrategica-con-motul-de-cara-a-2026","status":"publish","type":"post","link":"https:\/\/www.europesays.com\/es\/118248\/","title":{"rendered":"Alianza estrat\u00e9gica con Motul de cara a 2026"},"content":{"rendered":"<p data-journey-content=\"true\" data-node-id=\"3\" class=\"css-i9p093 emevuu60\">McLaren Racing ha anunciado un acuerdo con la empresa de lubricantes Motul como proveedora oficial del equipo McLaren de F\u00f3rmula 1 a partir de la temporada 2026, coincidiendo con la entrada en vigor de un nuevo reglamento t\u00e9cnico en el que se incrementa la electrificaci\u00f3n en las unidades de potencia. <\/p>\n<p>Nuevo proveedor de lubricantes para McLaren F1<\/p>\n<p data-journey-content=\"true\" data-node-id=\"7\" class=\"css-i9p093 emevuu60\">Zak Brown, m\u00e1ximo responsable de McLaren, encuentra por fin un socio que cumpla sus expectativas tras no lograr en los \u00faltimos a\u00f1os el acuerdo que deseaba hasta el punto de que este 2025 ha acabado no luciendo el logo de ning\u00fan proveedor de combustibles y\/o lubricantes. <\/p>\n<p data-journey-content=\"true\" data-node-id=\"9\" class=\"css-i9p093 emevuu60\">\u201cMotul y McLaren est\u00e1n unidos por la b\u00fasqueda de la excelencia y un orgulloso legado en sus respectivos campos.\u201d, rezaban los art\u00edfices de este provechoso acuerdo para las dos partes. <\/p>\n<p data-journey-content=\"true\" data-node-id=\"13\" class=\"css-i9p093 emevuu60\">Uno de los primeros grandes logros de Zak Brown a su llegada a McLaren, fue un ambicioso acuerdo con PetroBras, que desafortunadamente se cancel\u00f3 antes de efectuarse tras un cambio de gobierno en Brasil, tras esto, unieron fuerzas con Castrol, aunque fue en 2021 cuando se alcanz\u00f3 un gran acuerdo, en este caso, con un hist\u00f3rico de la competici\u00f3n como Gulf. Aunque el acuerdo fue renov\u00e1ndose a\u00f1o a a\u00f1o, en la \u00faltima revisi\u00f3n \u00e9ste solo se mantuvo en McLaren Automotive y no en la parte de F\u00f3rmula 1, quedando hu\u00e9rfano. <\/p>\n<p data-journey-content=\"true\" data-node-id=\"15\" class=\"css-i9p093 emevuu60\">\u201cEstamos encantados de dar la bienvenida a Motul al equipo McLaren de F\u00f3rmula 1. Motul tiene una historia basada en la innovaci\u00f3n y la excelencia t\u00e9cnica, atributos que reflejan estrechamente nuestro propio legado. Esperamos trabajar juntos en esta emocionante colaboraci\u00f3n.\u201d, ha afirmado Nick Martin, responsable de los acuerdos comerciales de McLaren Racing. <\/p>\n<p><img draggable=\"true\" alt=\"grand prix of belgium\" title=\"Grand Prix of Belgium\" loading=\"lazy\" width=\"2670\" height=\"1591\" decoding=\"async\" data-nimg=\"1\" style=\"color:transparent;width:100%;height:auto;\"   src=\"https:\/\/www.europesays.com\/es\/wp-content\/uploads\/2025\/09\/carlos-pace-of-brazil-drives-the-team-williams-motul-march-news-photo-1757949548.pjpeg\" class=\"css-0 e1g79fud0\"\/><a target=\"_blank\" rel=\"noopener nofollow\" data-theme-key=\"base-link\" href=\"https:\/\/pinterest.com\/pin\/create\/button\/?url=https:\/\/www.caranddriver.com\/es\/formula-1\/a66105082\/mclaren-f1-alianza-estrategica-motul-2026\/&amp;description=&amp;media=https:\/\/hips.hearstapps.com\/hmg-prod\/images\/carlos-pace-of-brazil-drives-the-team-williams-motul-march-news-photo-1757949548.pjpeg?resize=1600:*\" class=\"pinterest css-on9hn5 e1c1bym14\"><img decoding=\"async\" data-dynamic-svg=\"true\" src=\"https:\/\/www.caranddriver.com\/_assets\/design-tokens\/fre\/static\/icons\/social\/pinterest.e8cf655.svg?primary=%2523ffffff\" loading=\"lazy\" data-testid=\"dynamic-svg-base\" height=\"auto\" width=\"auto\" alt=\"pinterest\" class=\"css-4lml0h e1mlxuuw1\"\/><\/a><\/p>\n<p>Grand Prix Photo\/\/Getty Images<\/p>\n<p>Regreso de Motul a la F\u00f3rmula 1<\/p>\n<p data-journey-content=\"true\" data-node-id=\"19\" class=\"css-i9p093 emevuu60\">Desde Motul, Andreea Culcea ha afirmado que \u201cEsta colaboraci\u00f3n con McLaren marca el regreso de Motul a la F\u00f3rmula 1, una disciplina en la que hemos escrito algunos de los momentos m\u00e1s emocionantes de nuestra historia. Es una gran oportunidad para combinar nuestra experiencia en la b\u00fasqueda del rendimiento y la innovaci\u00f3n. Nos sentimos especialmente orgullosos de que nuestros productos contribuyan al rendimiento excepcional de uno de los equipos de carreras m\u00e1s prestigiosos del mundo.\u201d<\/p>\n<p>Contenidos relacionados<img src=\"https:\/\/www.europesays.com\/es\/wp-content\/uploads\/2025\/09\/1758006670_545_8d34be8d-e2ac-402f-bb28-b7bf4889b6bb_1655374969.file\" alt=\"Headshot of Sergio Mart\u00ednez\" title=\"Headshot of Sergio Mart\u00ednez\" width=\"100%\" height=\"100%\" decoding=\"async\" loading=\"lazy\" class=\"css-o0wq4v ev8dhu53\"\/><\/p>\n<p>Experto en F\u00f3rmula 1 y Motorsport, especializado en el mundo de las carreras y la competici\u00f3n a motor, la cual lleva cubriendo m\u00e1s de una d\u00e9cada en diferentes medios del sector. Obsesionado de las categor\u00edas de formaci\u00f3n y desconfiado por naturaleza de todo lo que le cuentan. \u00a0\u00a0\u00a0<\/p>\n","protected":false},"excerpt":{"rendered":"McLaren Racing ha anunciado un acuerdo con la empresa de lubricantes Motul como proveedora oficial del equipo McLaren&hellip;\n","protected":false},"author":2,"featured_media":118249,"comment_status":"","ping_status":"","sticky":false,"template":"","format":"standard","meta":{"footnotes":""},"categories":[270],"tags":[168,253,25,24,306,271,272,23,167],"class_list":{"0":"post-118248","1":"post","2":"type-post","3":"status-publish","4":"format-standard","5":"has-post-thumbnail","7":"category-formula-1","8":"tag-deportes","9":"tag-discover","10":"tag-es","11":"tag-espana","12":"tag-f1","13":"tag-formula-1","14":"tag-formula1","15":"tag-spain","16":"tag-sports"},"share_on_mastodon":{"url":"","error":""},"_links":{"self":[{"href":"https:\/\/www.europesays.com\/es\/wp-json\/wp\/v2\/posts\/118248","targetHints":{"allow":["GET"]}}],"collection":[{"href":"https:\/\/www.europesays.com\/es\/wp-json\/wp\/v2\/posts"}],"about":[{"href":"https:\/\/www.europesays.com\/es\/wp-json\/wp\/v2\/types\/post"}],"author":[{"embeddable":true,"href":"https:\/\/www.europesays.com\/es\/wp-json\/wp\/v2\/users\/2"}],"replies":[{"embeddable":true,"href":"https:\/\/www.europesays.com\/es\/wp-json\/wp\/v2\/comments?post=118248"}],"version-history":[{"count":0,"href":"https:\/\/www.europesays.com\/es\/wp-json\/wp\/v2\/posts\/118248\/revisions"}],"wp:featuredmedia":[{"embeddable":true,"href":"https:\/\/www.europesays.com\/es\/wp-json\/wp\/v2\/media\/118249"}],"wp:attachment":[{"href":"https:\/\/www.europesays.com\/es\/wp-json\/wp\/v2\/media?parent=118248"}],"wp:term":[{"taxonomy":"category","embeddable":true,"href":"https:\/\/www.europesays.com\/es\/wp-json\/wp\/v2\/categories?post=118248"},{"taxonomy":"post_tag","embeddable":true,"href":"https:\/\/www.europesays.com\/es\/wp-json\/wp\/v2\/tags?post=118248"}],"curies":[{"name":"wp","href":"https:\/\/api.w.org\/{rel}","templated":true}]}}