{"id":118252,"date":"2025-09-16T07:13:09","date_gmt":"2025-09-16T07:13:09","guid":{"rendered":"https:\/\/www.europesays.com\/es\/118252\/"},"modified":"2025-09-16T07:13:09","modified_gmt":"2025-09-16T07:13:09","slug":"quiero-ver-al-sporting-de-portugal-en-el-tartiere","status":"publish","type":"post","link":"https:\/\/www.europesays.com\/es\/118252\/","title":{"rendered":"Quiero ver al Sporting de Portugal en el Tartiere"},"content":{"rendered":"<p class=\"ft-text\">LA NUEVA ESPA\u00d1A inicia una serie de peque\u00f1os test mate\u00ednos en los que van a participar personalidades locales del universo deportivo. Con Oviedo reci\u00e9n designada Ciudad Europea del Deporte en 2026, nadie mejor que destacados representantes de distintas especialidades para mostrar otra versi\u00f3n de s\u00ed mismos, m\u00e1s festiva y desenfadada, alejada de los estadios, los pabellones y los terrenos de juego<\/p>\n<p class=\"ft-text\">Si algo tiene Oviedo es una gran tradici\u00f3n deportiva. Varios de los principales equipos de Asturias tienen su sede en la capital del Principado y durante los fines de semana gran parte de los pabellones de la ciudad se llenan de aficionados que disfrutan de las diferentes modalidades que se practican en la ciudad. Si hay una disciplina que mueve pasiones es el deporte rey, el <a class=\"ft-link ft-link--decoration\" href=\"https:\/\/www.lne.es\/tags\/futbol\/\" rel=\"nofollow noopener\" target=\"_blank\">f\u00fatbol<\/a>. Que se lo digan a Javi Rozada, exentrenador del <a class=\"ft-link ft-link--decoration\" href=\"https:\/\/www.lne.es\/real-oviedo\/\" rel=\"nofollow noopener\" target=\"_blank\">Real Oviedo<\/a>, Avil\u00e9s o Racing, entre otros equipos, y ovetense de pro, que cada mes de septiembre, siempre y cuando sus compromisos profesionales se lo permiten, no pierde la oportunidad de disfrutar al m\u00e1ximo San Mateo.<\/p>\n<p class=\"ft-text\"><strong>\u00bfCu\u00e1l es el mejor \u00aboutfit\u00bb para salir a dar una vuelta por los chiringuitos de San Mateo?<\/strong><\/p>\n<p class=\"ft-text\">Un pantal\u00f3n vaquero y un polo chulo.<\/p>\n<p class=\"ft-text\"><strong>\u00bfD\u00f3nde suele ir a comer el bollo el d\u00eda 21?<\/strong><\/p>\n<p class=\"ft-text\">Siempre suelo ir con mis amigos. Este a\u00f1o creo que vamos a apostar por ir a comerlo a Montecerrao.<\/p>\n<p class=\"ft-text\"><strong>\u00bfTeam Paxarina o bollo pre\u00f1ao?<\/strong><\/p>\n<p class=\"ft-text\">Bolo pre\u00f1ao, sin duda.<\/p>\n<p class=\"ft-text\"><strong>\u00bfCu\u00e1l es su plan nocturno ideal en San Mateo?<\/strong><\/p>\n<p class=\"ft-text\">Primero quedar en casa abriendo la noche con los amigos. Luego, bajar hasta los chiringuitos que hay enel Bomb\u00e9, que siempre tienen un gran ambiente, y cerramos la noche en el Aman\u00e1, que es de los mejores sitios de Oviedo.<\/p>\n<p class=\"ft-text\"><strong>Si se organizase un torneo San Mateo de f\u00fatbol, \u00bfqui\u00e9n le gustar\u00eda que fuese el rival del Oviedo?<\/strong><\/p>\n<p class=\"ft-text\">Hay muchos equipos que me gustar\u00eda ver en el Tartiere, pero si me tengo que quedar con uno ser\u00eda con el <a class=\"ft-link ft-link--decoration\" href=\"https:\/\/www.lne.es\/sporting\/\" rel=\"nofollow noopener\" target=\"_blank\">Sporting<\/a> de Portugal.<\/p>\n<p class=\"ft-text\"><strong>\u00bfCu\u00e1l es su rutina para el D\u00eda de Am\u00e9rica?<\/strong><\/p>\n<p class=\"ft-text\">No suelo hacer nada especial, la verdad.<\/p>\n<p class=\"ft-text\"><strong>\u00bfSu mejor recuerdo en una noche de San Mateo?<\/strong><\/p>\n<p class=\"ft-text\">Tengo grandes recuerdos, pero si tengo que elegir uno, me quedar\u00eda con una noche que pas\u00e9 con mis amigos en la calle Mon. Fue una noche en la que nos juntamos todo el grupo, antes hicimos una cena de compa\u00f1eros del colegio y fuimos a un local a jugar al martillo. Quedamos dos en la final y gan\u00e9 a mi amigo Pelayo Iglesias. Hubo muchas risas ese d\u00eda.<\/p>\n<p class=\"ft-text\"><strong>\u00bfSi llueve en San Mateo se queda en casa o sale igualmente?<\/strong><\/p>\n<p class=\"ft-text\">Hay que salir igualmente, San Mateo es una vez al a\u00f1o, hay que aprovechar.<\/p>\n<p class=\"ft-text\"><strong>\u00bfCu\u00e1l es el momento m\u00e1s m\u00edtico de las fiestas para Javi Rozada?<\/strong><\/p>\n<p class=\"ft-text\">Fue en alguno de los conciertos especiales que se celebran. Fueron a los primeros que fui, a aquellos que se hac\u00edan en la plaza de toros. Me quedo con esos conciertos, eran momentos \u00fanicos en las fiestas.<\/p>\n<p data-close=\"closedContent\" class=\"subscribeHideForDisplay\">Suscr\u00edbete para seguir leyendo<\/p>\n","protected":false},"excerpt":{"rendered":"LA NUEVA ESPA\u00d1A inicia una serie de peque\u00f1os test mate\u00ednos en los que van a participar personalidades locales&hellip;\n","protected":false},"author":2,"featured_media":118253,"comment_status":"","ping_status":"","sticky":false,"template":"","format":"standard","meta":{"footnotes":""},"categories":[268],"tags":[168,25,24,280,282,11191,7862,1462,39374,2228,39375,281,23,4782,167,28976,6313],"class_list":{"0":"post-118252","1":"post","2":"type-post","3":"status-publish","4":"format-standard","5":"has-post-thumbnail","7":"category-futbol","8":"tag-deportes","9":"tag-es","10":"tag-espana","11":"tag-football","12":"tag-futbol","13":"tag-javi","14":"tag-mateo","15":"tag-portugal","16":"tag-rozada","17":"tag-san","18":"tag-san-mateo","19":"tag-soccer","20":"tag-spain","21":"tag-sporting","22":"tag-sports","23":"tag-tartiere","24":"tag-test"},"share_on_mastodon":{"url":"","error":""},"_links":{"self":[{"href":"https:\/\/www.europesays.com\/es\/wp-json\/wp\/v2\/posts\/118252","targetHints":{"allow":["GET"]}}],"collection":[{"href":"https:\/\/www.europesays.com\/es\/wp-json\/wp\/v2\/posts"}],"about":[{"href":"https:\/\/www.europesays.com\/es\/wp-json\/wp\/v2\/types\/post"}],"author":[{"embeddable":true,"href":"https:\/\/www.europesays.com\/es\/wp-json\/wp\/v2\/users\/2"}],"replies":[{"embeddable":true,"href":"https:\/\/www.europesays.com\/es\/wp-json\/wp\/v2\/comments?post=118252"}],"version-history":[{"count":0,"href":"https:\/\/www.europesays.com\/es\/wp-json\/wp\/v2\/posts\/118252\/revisions"}],"wp:featuredmedia":[{"embeddable":true,"href":"https:\/\/www.europesays.com\/es\/wp-json\/wp\/v2\/media\/118253"}],"wp:attachment":[{"href":"https:\/\/www.europesays.com\/es\/wp-json\/wp\/v2\/media?parent=118252"}],"wp:term":[{"taxonomy":"category","embeddable":true,"href":"https:\/\/www.europesays.com\/es\/wp-json\/wp\/v2\/categories?post=118252"},{"taxonomy":"post_tag","embeddable":true,"href":"https:\/\/www.europesays.com\/es\/wp-json\/wp\/v2\/tags?post=118252"}],"curies":[{"name":"wp","href":"https:\/\/api.w.org\/{rel}","templated":true}]}}