{"id":118254,"date":"2025-09-16T07:14:11","date_gmt":"2025-09-16T07:14:11","guid":{"rendered":"https:\/\/www.europesays.com\/es\/118254\/"},"modified":"2025-09-16T07:14:11","modified_gmt":"2025-09-16T07:14:11","slug":"chenoa-vuelve-a-ot-y-deja-la-puerta-abierta-a-reencontrarse-con-sus-companeros-de-la-primera-edicion-ojala","status":"publish","type":"post","link":"https:\/\/www.europesays.com\/es\/118254\/","title":{"rendered":"Chenoa vuelve a OT y deja la puerta abierta a reencontrarse con sus compa\u00f1eros de la primera edici\u00f3n: \u00abOjal\u00e1\u00bb"},"content":{"rendered":"<p id=\"eidIk7nzsa\" data-wc=\"125\">Quedan solo unas horas para uno de los momentos televisivos m\u00e1s esperados del arranque de temporada: <a class=\"hm-link ho-link\" href=\"https:\/\/www.hola.com\/actualidad\/20250913855447\/ot-2025-cuando-empieza-y-donde-verlo-online-o-en-television\/\" data-mrf-recirculation=\"article-body-link\" rel=\"nofollow noopener\" target=\"_blank\">el estreno de OT 2025.<\/a> El exitoso formato llega a Prime Video cargado de novedades y sorpresas, pero tambi\u00e9n con elementos que se mantienen porque forman parte de la esencia del concurso. De esta nueva edici\u00f3n se pone al frente<strong>\u00a0Chenoa,<\/strong> quien conoce mejor que nadie los entresijos de la academia y los sentimientos que invaden a los concursantes. No en vano, ella misma estuvo en su lugar en la primera edici\u00f3n, que bati\u00f3 r\u00e9cords y marc\u00f3 un punto de inflexi\u00f3n en la industria del entretenimiento. <strong>Asume este reto con ilusi\u00f3n, dispuesta a exprimir al m\u00e1ximo la oportunidad y con un deseo que hace so\u00f1ar a los m\u00e1s nost\u00e1lgicos.<\/strong><\/p>\n<p> <img src=\"https:\/\/www.europesays.com\/es\/wp-content\/uploads\/2025\/09\/4dc645ec65ed-chenota-ot.jpg\"   width=\"1024\" height=\"808\" loading=\"lazy\" decoding=\"async\" alt=\"Chenoa, en la presentaci\u00f3n de Operaci\u00f3n Triunfo 2025\" fetchpriority=\"auto\" class=\"image ho-image\"\/>\u00a9 Amazon MGM Studios<\/p>\n<p id=\"eP86-EGovf\" data-wc=\"165\">Durante la gala 0 conoceremos los nombres de los <a class=\"hm-link ho-link\" href=\"https:\/\/www.hola.com\/actualidad\/20250914855505\/ot-2025-llega-con-polemica-y-estas-son-las-mas-virales-de-toda-la-historia-del-programa\/\" data-mrf-recirculation=\"article-body-link\" rel=\"nofollow noopener\" target=\"_blank\">16 concursantes elegidos,<\/a> talentos que ver\u00e1n c\u00f3mo su deseo se hace realidad tras un largo proceso de casting al que se han presentado 11.500 personas. Al mirarlos, de alguna manera Chenoa revive su historia. Porque empez\u00f3 a trabajar como artista con solo 16 a\u00f1os, pero participar en OT1 marc\u00f3 para siempre su vida a todos los niveles, como ha contado en El Televisero: \u00ab<strong>\u00a0Nunca jam\u00e1s me he arrepentido de entrar en la academia. Al contrario, fue como un antes y un despu\u00e9s en mi vida total.\u00a0<\/strong>Tambi\u00e9n es verdad que ven\u00eda de trabajar duro, yo empec\u00e9 con 16 a cantar, y entr\u00e9 con 26 en la academia, y cargar equipos y doblar cables a las cinco de la ma\u00f1ana muerta de fr\u00edo diez a\u00f1os es durillo. Pero bueno, sarna con gusto no pica. Al final entr\u00e9 y la vida me prepar\u00f3 para recibir tambi\u00e9n hachazos, y los pude llevar yo creo que por experiencia previa\u00bb.<\/p>\n<p id=\"eU6LzG-Jtz\" data-wc=\"126\">Mar\u00eda Laura Corradini, como se llama en realidad, solo tiene un consejo para los aspirantes: que vayan a por todas si tienen claro su objetivo. Es lo que ella hizo desde que aquel 22 de octubre de 2001 en el que pis\u00f3 la academia por primera vez y conoci\u00f3 a sus compa\u00f1eros, con los que form\u00f3 una gran familia. Con algunos de ellos sigue teniendo una gran amistad, y tambi\u00e9n recuerda con gran cari\u00f1o a aquellos con los que ha perdido el contacto. Es por eso que deja las puertas abiertas a que se produzca un reencuentro, como el que protagonizaron en 2016. \u00ab<strong>Estar\u00eda bien. Nos faltar\u00eda nuestro \u00c1lex,<\/strong><strong>\u00a0lo notar\u00edamos much\u00edsimo. Y<a class=\"hm-link ho-link\" href=\"https:\/\/www.hola.com\/actualidad\/20250711843788\/muere-toni-cruz-pionero-del-entretenimiento-en-espana-y-creador-de-operacion-triunfo\/\" data-mrf-recirculation=\"article-body-link\" rel=\"nofollow noopener\" target=\"_blank\">\u00a0Toni Cruz por supuesto que tambi\u00e9n.<\/a> Pero bueno, ojal\u00e1\u00bb<\/strong>, ha confesado en Vertele.<\/p>\n<p> <img src=\"https:\/\/www.europesays.com\/es\/wp-content\/uploads\/2025\/09\/805b2530e5f6-benidorm-alicante-valencia-sp-spain-singer-chenoa-performs-during-the-second-sem.jpg\"   width=\"1024\" height=\"683\" loading=\"lazy\" decoding=\"async\" alt=\"Media Image\" fetchpriority=\"auto\" class=\"image ho-image\"\/>\u00a9 Getty Images<\/p>\n<p id=\"eWW4JD7qvVs\" data-wc=\"101\">Cabe recordar que<strong> \u00c1lex Casademunt muri\u00f3 en 2021 a causa de un accidente de tr\u00e1fico y<a class=\"hm-link ho-link\" href=\"https:\/\/www.hola.com\/actualidad\/20210316301796\/alex-casademunt-ultimo-adios-companeros-ot\/\" data-mrf-recirculation=\"article-body-link\" rel=\"nofollow noopener\" target=\"_blank\">\u00a0a su \u00faltimo adi\u00f3s acudieron la inmensa parte de los concursantes de OT1<\/a>, todos devastados por tener que despedir de forma tan temprana a su amigo<\/strong>. Este mismo verano, el concurso ha perdido a uno de sus &#8216;padres&#8217;, Toni Cruz. \u00a0Era uno de los fundadores de La Trinca y de la productora Gestmusic, responsable de algunos de los programas m\u00e1s ic\u00f3nicos y exitosos de la televisi\u00f3n en Espa\u00f1a, como Cr\u00f3nicas Marcianas, Lluvia de estrellas, La parodia nacional, \u00a1Mira qui\u00e9n baila! y, por supuesto,\u00a0Operaci\u00f3n Triunfo.<\/p>\n<p id=\"e8lvg29mmr\" data-wc=\"107\">Chenoa vuelve a ejercer como maestra de ceremonias en OT tras su experiencia en el concurso hace dos a\u00f1os. Este desaf\u00edo llega en el que considera el mejor momento de su vida, que<a class=\"hm-link ho-link\" href=\"https:\/\/www.hola.com\/actualidad\/20250625839984\/chenoa-cumple-50-hablamos-amigos-anecdotas-secretos\/\" data-mrf-recirculation=\"article-body-link\" rel=\"nofollow noopener\" target=\"_blank\">\u00a0coincide con sus 50 a\u00f1os.<\/a> Profesionalment<strong>e se muestra imparable, compaginando la m\u00fasica y la televisi\u00f3n, donde se siente muy c\u00f3moda y se lo pasa muy bien.<\/strong> Adem\u00e1s, la avala su impecable labor en espacios como Tu cara me suena, The Floor y Dog House. Personalmente se siente plena, rodeada de familiares y amigos que la quieren y apoyan de forma incondicional y la elevan para dar su mejor versi\u00f3n siempre, pase lo que pase.<\/p>\n<p> <img src=\"https:\/\/www.europesays.com\/es\/wp-content\/uploads\/2025\/09\/ca7b0875e514-madrid-spain-chenoa-poses-during-the-presentation-of-the-program-dog-house-on-ju.jpg\"   width=\"1024\" height=\"682\" loading=\"lazy\" decoding=\"async\" alt=\"Media Image\" fetchpriority=\"auto\" class=\"image ho-image\"\/>\u00a9 Getty Images<\/p>\n<p id=\"e0Xullu6FE\" data-wc=\"0\">\u00a0<\/p>\n","protected":false},"excerpt":{"rendered":"Quedan solo unas horas para uno de los momentos televisivos m\u00e1s esperados del arranque de temporada: el estreno&hellip;\n","protected":false},"author":2,"featured_media":118255,"comment_status":"","ping_status":"","sticky":false,"template":"","format":"standard","meta":{"footnotes":""},"categories":[174],"tags":[517,255,17945,146,147,25,24,256,185,222,13086,23],"class_list":{"0":"post-118254","1":"post","2":"type-post","3":"status-publish","4":"format-standard","5":"has-post-thumbnail","7":"category-famosos","8":"tag-actualidad","9":"tag-celebrities","10":"tag-chenoa","11":"tag-entertainment","12":"tag-entretenimiento","13":"tag-es","14":"tag-espana","15":"tag-famosos","16":"tag-musica","17":"tag-operacion-triunfo","18":"tag-prime-video","19":"tag-spain"},"share_on_mastodon":{"url":"","error":""},"_links":{"self":[{"href":"https:\/\/www.europesays.com\/es\/wp-json\/wp\/v2\/posts\/118254","targetHints":{"allow":["GET"]}}],"collection":[{"href":"https:\/\/www.europesays.com\/es\/wp-json\/wp\/v2\/posts"}],"about":[{"href":"https:\/\/www.europesays.com\/es\/wp-json\/wp\/v2\/types\/post"}],"author":[{"embeddable":true,"href":"https:\/\/www.europesays.com\/es\/wp-json\/wp\/v2\/users\/2"}],"replies":[{"embeddable":true,"href":"https:\/\/www.europesays.com\/es\/wp-json\/wp\/v2\/comments?post=118254"}],"version-history":[{"count":0,"href":"https:\/\/www.europesays.com\/es\/wp-json\/wp\/v2\/posts\/118254\/revisions"}],"wp:featuredmedia":[{"embeddable":true,"href":"https:\/\/www.europesays.com\/es\/wp-json\/wp\/v2\/media\/118255"}],"wp:attachment":[{"href":"https:\/\/www.europesays.com\/es\/wp-json\/wp\/v2\/media?parent=118254"}],"wp:term":[{"taxonomy":"category","embeddable":true,"href":"https:\/\/www.europesays.com\/es\/wp-json\/wp\/v2\/categories?post=118254"},{"taxonomy":"post_tag","embeddable":true,"href":"https:\/\/www.europesays.com\/es\/wp-json\/wp\/v2\/tags?post=118254"}],"curies":[{"name":"wp","href":"https:\/\/api.w.org\/{rel}","templated":true}]}}