{"id":118264,"date":"2025-09-16T07:22:10","date_gmt":"2025-09-16T07:22:10","guid":{"rendered":"https:\/\/www.europesays.com\/es\/118264\/"},"modified":"2025-09-16T07:22:10","modified_gmt":"2025-09-16T07:22:10","slug":"javier-cansado-anuncia-su-retirada-temporal-para-tratarse-un-tumor","status":"publish","type":"post","link":"https:\/\/www.europesays.com\/es\/118264\/","title":{"rendered":"Javier Cansado anuncia su retirada temporal para tratarse un tumor"},"content":{"rendered":"<p>El humorista explic\u00f3 a trav\u00e9s de las redes sociales que pasar\u00eda \u00abvarios meses sin participar en mis movidas\u00bb <\/p>\n<p><img fetchpriority=\"high\" class=\"voc-img\" src=\"https:\/\/www.europesays.com\/es\/wp-content\/uploads\/2025\/09\/cansado-RXIDlWFXNkj51UrTjL1ANhM-1200x840@diario_abc.jpg\" loading=\"eager\" decoding=\"async\" alt=\"Javier Cansado\" width=\"1200\" height=\"840\"\/><\/p>\n<p>Javier Cansado    ABC  <\/p>\n<p><img decoding=\"async\" class=\"voc-author__img\" src=\"https:\/\/www.europesays.com\/es\/wp-content\/uploads\/2025\/07\/autor-1618-foto-8.jpeg\" alt=\"Roc\u00edo F. de Buj\u00e1n\"\/><\/p>\n<p>16\/09\/2025<br \/>\n<br \/><strong><br \/>\nActualizado a las 09:03h.<br \/>\n<\/strong><\/p>\n<p class=\"voc-p\" style=\"\">\u00abMe puse enfermo, un tumor era el culpable. Me han operado y esta semana empiezo el tratamiento, as\u00ed que<a href=\"https:\/\/www.abc.es\/cultura\/javier-cansado-ridley-scott-20231202182225-nt.html\" target=\"_self\" data-voc-vtm-id=\"in-text-traffic\" title=\" estar\u00e9 varios meses sin participar en mis movidas\" data-mrf-link=\"www.abc.es\" rel=\"nofollow noopener\"> estar\u00e9 varios meses sin participar en mis movidas<\/a>\u00bb. Con este mensaje publicado en la red social X, el humorista <strong>Javier Cansado<\/strong>, de 69 a\u00f1os, anunci\u00f3 su retirada temporal de los escenarios para comenzar un tratamiento contra el c\u00e1ncer que padece. <\/p>\n<blockquote class=\"twitter-tweet\">\n<p lang=\"es\" dir=\"ltr\">Amigos, amigas, este verano me puse enfermo, un tumor era el culpable. Me han operado y esta semana empiezo el tratamiento, as\u00ed que estar\u00e9 varios meses sin participar en mis movidas. Un abrazo<\/p>\n<p>\u2014 javier cansado (@cansado) <a href=\"https:\/\/twitter.com\/cansado\/status\/1967558377506217991?ref_src=twsrc%5Etfw\" rel=\"nofollow noopener\" target=\"_blank\">September 15, 2025<\/a><\/p><\/blockquote>\n<p class=\"voc-p\" style=\"\">Tras recibir incontables muestras de \u00e1nimo y mensajes de apoyo, el comediante volvi\u00f3 a utilizar su cuenta en la red social para agradecer todo el cari\u00f1o recibido: \u00abMuchas gracias. Despu\u00e9s de leeros<a href=\"https:\/\/www.abc.es\/cultura\/javier-cansado-ridley-scott-20231202182225-nt.html\" target=\"_self\" data-voc-vtm-id=\"in-text-traffic\" title=\" no me queda otra que curarme\" data-mrf-link=\"www.abc.es\" rel=\"nofollow noopener\"> no me queda otra que curarme<\/a>!!!!\u00bb, escribi\u00f3. <\/p>\n<p class=\"voc-p\" style=\"\">Uno de los mensajes que ha sonado con m\u00e1s fuerza ha sido el de su compa\u00f1ero de profesi\u00f3n <strong>Dani Rovira<\/strong> (44), quien fue diagnosticado con un linfoma de Hodgkin, un tipo de c\u00e1ncer de la sangre, en 2020, del cual anunci\u00f3 haber superado el tratamiento tras ocho meses de terapia. \u00abTe esperamos a la vuelta\u00bb, ha escrito el actor junto a un emoticono de un coraz\u00f3n rojo. Cabe recordar que Rovira decidi\u00f3 compartir su experiencia p\u00fablicamente, convirti\u00e9ndose en un referente de superaci\u00f3n para muchos pacientes y seguidores.<\/p>\n<p class=\"voc-p\" style=\"\">El protagonista de la famosa pel\u00edcula &#8216;Ocho apellidos vascos&#8217; no ha sido el \u00fanico que le ha dedicado unas palabras de apoyo y \u00e1nimo al humorista a trav\u00e9s de la red social. \u00ab\u00a1Un abrazo enorme y mucha suerte, maestro!\u00bb, escribi\u00f3 tambi\u00e9n el presentador <strong>I\u00f1aki L\u00f3pez<\/strong>; <a href=\"https:\/\/www.abc.es\/cultura\/javier-cansado-ridley-scott-20231202182225-nt.html\" target=\"_self\" data-voc-vtm-id=\"in-text-traffic\" title=\"\u00ab\u00c1nimo y fuerza, tit\u00e1n\u00bb\" data-mrf-link=\"www.abc.es\" rel=\"nofollow noopener\">\u00ab\u00c1nimo y fuerza, tit\u00e1n\u00bb<\/a>, a\u00f1adi\u00f3 <strong>J.J Vaquero<\/strong>; \u00abJoder! Mucho \u00e1nimo, Javier. Mucho reposo y buenas viandas. Aprovecha para a leer a Kierkegaard. Ver\u00e1s como eso ser\u00e1 un mal ratito y ya!\u00bb, apunt\u00f3 <strong>Dani Mateo<\/strong>; o \u00abCu\u00eddate mucho, Javier\u00bb, del escritor <strong>Javier Castillo<\/strong>, son tan solo algunos de los cientos de mensajes publicados en X. <\/p>\n<p>Reportar un error<\/p>\n<p><script async src=\"https:\/\/platform.twitter.com\/widgets.js\" charset=\"utf-8\"><\/script><\/p>\n","protected":false},"excerpt":{"rendered":"El humorista explic\u00f3 a trav\u00e9s de las redes sociales que pasar\u00eda \u00abvarios meses sin participar en mis movidas\u00bb&hellip;\n","protected":false},"author":2,"featured_media":118265,"comment_status":"","ping_status":"","sticky":false,"template":"","format":"standard","meta":{"footnotes":""},"categories":[91],"tags":[4187,34742,146,147,25,24,5264,1367,23,19255,39378,20957],"class_list":{"0":"post-118264","1":"post","2":"type-post","3":"status-publish","4":"format-standard","5":"has-post-thumbnail","7":"category-entretenimiento","8":"tag-anuncia","9":"tag-cansado","10":"tag-entertainment","11":"tag-entretenimiento","12":"tag-es","13":"tag-espana","14":"tag-javier","15":"tag-retirada","16":"tag-spain","17":"tag-temporal","18":"tag-tratarse","19":"tag-tumor"},"share_on_mastodon":{"url":"","error":""},"_links":{"self":[{"href":"https:\/\/www.europesays.com\/es\/wp-json\/wp\/v2\/posts\/118264","targetHints":{"allow":["GET"]}}],"collection":[{"href":"https:\/\/www.europesays.com\/es\/wp-json\/wp\/v2\/posts"}],"about":[{"href":"https:\/\/www.europesays.com\/es\/wp-json\/wp\/v2\/types\/post"}],"author":[{"embeddable":true,"href":"https:\/\/www.europesays.com\/es\/wp-json\/wp\/v2\/users\/2"}],"replies":[{"embeddable":true,"href":"https:\/\/www.europesays.com\/es\/wp-json\/wp\/v2\/comments?post=118264"}],"version-history":[{"count":0,"href":"https:\/\/www.europesays.com\/es\/wp-json\/wp\/v2\/posts\/118264\/revisions"}],"wp:featuredmedia":[{"embeddable":true,"href":"https:\/\/www.europesays.com\/es\/wp-json\/wp\/v2\/media\/118265"}],"wp:attachment":[{"href":"https:\/\/www.europesays.com\/es\/wp-json\/wp\/v2\/media?parent=118264"}],"wp:term":[{"taxonomy":"category","embeddable":true,"href":"https:\/\/www.europesays.com\/es\/wp-json\/wp\/v2\/categories?post=118264"},{"taxonomy":"post_tag","embeddable":true,"href":"https:\/\/www.europesays.com\/es\/wp-json\/wp\/v2\/tags?post=118264"}],"curies":[{"name":"wp","href":"https:\/\/api.w.org\/{rel}","templated":true}]}}