{"id":118270,"date":"2025-09-16T07:25:24","date_gmt":"2025-09-16T07:25:24","guid":{"rendered":"https:\/\/www.europesays.com\/es\/118270\/"},"modified":"2025-09-16T07:25:24","modified_gmt":"2025-09-16T07:25:24","slug":"sheinbaum-celebra-a-las-heroinas-de-la-independencia-de-mexico","status":"publish","type":"post","link":"https:\/\/www.europesays.com\/es\/118270\/","title":{"rendered":"Sheinbaum celebra a las hero\u00ednas de la independencia de M\u00e9xico"},"content":{"rendered":"<p>La presidenta de M\u00e9xico, <strong>Claudia Sheinbaum<\/strong>, celebr\u00f3 este lunes su primer Grito de Independencia en el Z\u00f3calo de la Ciudad de M\u00e9xico en un evento masivo donde destac\u00f3 su papel pionero como mujer en encabezar la ceremonia que durante <strong>m\u00e1s de dos siglos estuvo a cargo de 65 hombres<\/strong>.<\/p>\n<p>A las 23:00 horas (05:00 GMT del martes), Sheinbaum sali\u00f3 al balc\u00f3n central de Palacio Nacional con la bandera mexicana para dar el tradicional <strong>\u00abGrito\u00bb en conmemoraci\u00f3n del 215 aniversario <\/strong>del inicio de la lucha por la Independencia de M\u00e9xico.<\/p>\n<p>Frente a m\u00e1s de 150.000 personas en un Z\u00f3calo desbordado, la mayor plaza p\u00fablica del pa\u00eds, Sheinbaum se convirti\u00f3 en la primera mujer en evocar el llamado a la emancipaci\u00f3n del imperio espa\u00f1ol que hizo el<strong> cura Miguel Hidalgo en 1810<\/strong>.<\/p>\n<p><strong>\u00ab\u00a1Viva la Independencia!\u00bb<\/strong>, inici\u00f3 Sheinbaum, seguido de los tradicionales \u00ab\u00a1viva!\u00bb a los h\u00e9roes y hero\u00ednas independentistas, comenzando por Miguel Hidalgo.<\/p>\n<p>Reivindicaci\u00f3n de hero\u00ednas y mujeres <\/p>\n<p>Inmediatamente, mencion\u00f3 a <strong>Josefa Ortiz T\u00e9llez Quir\u00f3n,<\/strong> -conocida hist\u00f3ricamente como Josefa Ortiz de Dom\u00ednguez-, en un gesto de reivindicaci\u00f3n femenina, al <strong>rescatar su nombre propio <\/strong>y no el que la ligaba a su esposo, y despu\u00e9s fue nombrando a h\u00e9roes y hero\u00ednas de forma intercalada.<\/p>\n<p>Sigui\u00f3 con Jos\u00e9 Mar\u00eda Morelos y Pav\u00f3n, <strong>Leona Vicario<\/strong>, Ignacio Allende, <strong>Gertrudis Bocanegra<\/strong>, Vicente Guerrero, y <strong>Manuela Medina, <\/strong><strong>la Capitana<\/strong><strong>.<\/strong> <\/p>\n<p>Luego, exclam\u00f3 \u00ab\u00a1viva!\u00bb a las <strong>hero\u00ednas an\u00f3nimas, a las mujeres ind\u00edgenas <\/strong>y a las \u00abhermanas y hermanos migrantes\u00bb, para continuar con arengas a la dignidad del pueblo de M\u00e9xico, la libertad, la igualdad, la democracia, la justicia y la soberan\u00eda.<\/p>\n<p>Y cerr\u00f3 con tres en\u00e9rgicos \u00ab\u00a1Viva M\u00e9xico!\u00bb para despu\u00e9s izar la bandera mexicana y <strong>repicar la campana de Dolores <\/strong>que, seg\u00fan la tradici\u00f3n, Miguel Hidalgo hizo sonar en 1810 para llamar al inicio de la gesta de Independencia.<\/p>\n<p>La presidenta, ataviada con la <strong>banda presidencial <\/strong>-confeccionada por mujeres militares- y un vestido morado con un bordado blanco con detalles en la parte superior, estuvo acompa\u00f1ada por su esposo Jos\u00e9 Mar\u00eda Tarriba, quien portaba un traje y una corbata negra con una camisa blanca.<\/p>\n<p>Antes de llegar al balc\u00f3n, Sheinbaum realiz\u00f3 el tradicional <strong>pase\u00edllo dentro del Palacio Nacional<\/strong>, su residencia oficial, donde cadetes del Colegio Militar le entregaron la bandera mexicana que despu\u00e9s onde\u00f3 frente al Z\u00f3calo.<\/p>\n<p>Por primera vez en la historia, la escolta estuvo compuesta \u00fanicamente por <strong>cadetes mujeres<\/strong>.<\/p>\n<p>Una celebraci\u00f3n masiva <\/p>\n<p>La celebraci\u00f3n promet\u00eda ser austera, seg\u00fan hab\u00eda adelantado la propia presidenta, quien alcanza <strong>m\u00e1s del 70% de aprobaci\u00f3n <\/strong>de la poblaci\u00f3n, en los primeros 11 meses de su Gobierno que comenz\u00f3 el 1 de octubre de 2024.<\/p>\n<p>Aun as\u00ed, el evento reuni\u00f3 a m\u00e1s de 150.000 personas que tambi\u00e9n disfrutaron de las presentaciones de los <strong>conciertos de Alejandra \u00c1valos<\/strong>, el grupo <strong>Legado de Grandeza y La Arrolladora Banda El Lim\u00f3n<\/strong>.<\/p>\n<p>Desde 1810, el Grito de Independencia ha sido encabezado por l\u00edderes pol\u00edticos y, en la etapa moderna, exclusivamente por 65 presidentes hombres.<\/p>\n<p>En M\u00e9xico, esta ceremonia la encabeza la presidenta y autoridades locales en la <strong>mayor\u00eda de las plazas p\u00fablicas<\/strong> de los 2.457 municipios del pa\u00eds.<\/p>\n<p>Doce gobernadoras<\/p>\n<p>Adem\u00e1s de la presidenta, en 12 de los 32 estados del pa\u00eds la ceremonia estuvo a cargo de gobernadoras, como <strong>Mar\u00eda Teresa Jim\u00e9nez<\/strong>, en Aguascalientes; <strong>Marina del Pilar<\/strong>, en Baja Californa; <strong>Layda Sansores<\/strong>, en Campeche; <strong>Mar\u00eda Eugenia Campos<\/strong>, en Chihuahua; <strong>Indira Vizca\u00edno<\/strong>, en Colima; <strong>Delfina G\u00f3mez<\/strong>, en Estado de M\u00e9xico.<\/p>\n<p>As\u00ed como Libia Denisse Garc\u00eda, en Guanajuato; Evelyn Salgado, en Guerrero; Margarita Gonz\u00e1lez, en Morelos; Mara Lezama, en Quintana Roo; Lorena Cu\u00e9llar, en Tlaxcala, y Roc\u00edo Nahle, en Veracruz.<\/p>\n<p>En la <strong>noche del 15 al 16 de septiembre de 1810<\/strong>, Miguel Hidalgo y Costilla inici\u00f3 el levantamiento armado para proclamar la independencia de Espa\u00f1a tras ser avisado de que la conspiraci\u00f3n que fraguaba en la ciudad de Quer\u00e9taro (centro del pa\u00eds) hab\u00eda sido descubierta.<\/p>\n<p>Hidalgo, tambi\u00e9n llamado el Padre de la Patria, dio el <strong>\u00abGrito\u00bb reivindicativo en el pueblo de Dolores<\/strong>, en el estado de Guanajuato, a unos 300 kil\u00f3metros de la capital, dando comienzo a la lucha de independencia que se consum\u00f3 el 27 de septiembre de 1821.<\/p>\n","protected":false},"excerpt":{"rendered":"La presidenta de M\u00e9xico, Claudia Sheinbaum, celebr\u00f3 este lunes su primer Grito de Independencia en el Z\u00f3calo de&hellip;\n","protected":false},"author":2,"featured_media":118271,"comment_status":"","ping_status":"","sticky":false,"template":"","format":"standard","meta":{"footnotes":""},"categories":[42],"tags":[17,18,13,14,11,61,62,63,64,19,20,9,10,15,16,12,21,22,65,66,67],"class_list":{"0":"post-118270","1":"post","2":"type-post","3":"status-publish","4":"format-standard","5":"has-post-thumbnail","7":"category-internacional","8":"tag-breaking-news","9":"tag-breakingnews","10":"tag-featured-news","11":"tag-featurednews","12":"tag-headlines","13":"tag-internacional","14":"tag-international","15":"tag-international-news","16":"tag-internationalnews","17":"tag-latest-news","18":"tag-latestnews","19":"tag-news","20":"tag-noticias","21":"tag-noticias-destacadas","22":"tag-noticiasdestacadas","23":"tag-titulares","24":"tag-ultimas-noticias","25":"tag-ultimasnoticias","26":"tag-world","27":"tag-world-news","28":"tag-worldnews"},"share_on_mastodon":{"url":"","error":""},"_links":{"self":[{"href":"https:\/\/www.europesays.com\/es\/wp-json\/wp\/v2\/posts\/118270","targetHints":{"allow":["GET"]}}],"collection":[{"href":"https:\/\/www.europesays.com\/es\/wp-json\/wp\/v2\/posts"}],"about":[{"href":"https:\/\/www.europesays.com\/es\/wp-json\/wp\/v2\/types\/post"}],"author":[{"embeddable":true,"href":"https:\/\/www.europesays.com\/es\/wp-json\/wp\/v2\/users\/2"}],"replies":[{"embeddable":true,"href":"https:\/\/www.europesays.com\/es\/wp-json\/wp\/v2\/comments?post=118270"}],"version-history":[{"count":0,"href":"https:\/\/www.europesays.com\/es\/wp-json\/wp\/v2\/posts\/118270\/revisions"}],"wp:featuredmedia":[{"embeddable":true,"href":"https:\/\/www.europesays.com\/es\/wp-json\/wp\/v2\/media\/118271"}],"wp:attachment":[{"href":"https:\/\/www.europesays.com\/es\/wp-json\/wp\/v2\/media?parent=118270"}],"wp:term":[{"taxonomy":"category","embeddable":true,"href":"https:\/\/www.europesays.com\/es\/wp-json\/wp\/v2\/categories?post=118270"},{"taxonomy":"post_tag","embeddable":true,"href":"https:\/\/www.europesays.com\/es\/wp-json\/wp\/v2\/tags?post=118270"}],"curies":[{"name":"wp","href":"https:\/\/api.w.org\/{rel}","templated":true}]}}