{"id":118277,"date":"2025-09-16T07:34:10","date_gmt":"2025-09-16T07:34:10","guid":{"rendered":"https:\/\/www.europesays.com\/es\/118277\/"},"modified":"2025-09-16T07:34:10","modified_gmt":"2025-09-16T07:34:10","slug":"cadillac-defiende-su-apuesta-por-colton-herta","status":"publish","type":"post","link":"https:\/\/www.europesays.com\/es\/118277\/","title":{"rendered":"Cadillac defiende su apuesta por Colton Herta"},"content":{"rendered":"<p>La entrada de<strong> Cadillac en la F\u00f3rmula 1 en 2026<\/strong> es uno de los proyectos que m\u00e1s expectaci\u00f3n genera en el mundo del automovilismo. El fabricante estadounidense desembarcar\u00e1 en el campeonato con una alineaci\u00f3n de lujo formada por <a href=\"https:\/\/es.motorsport.com\/driver\/valtteri-bottas\/34294\/\" target=\"_blank\" rel=\"noopener nofollow\">Valtteri Bottas<\/a> y <a href=\"https:\/\/es.motorsport.com\/driver\/sergio-perez\/30553\/\" target=\"_blank\" rel=\"noopener nofollow\">Sergio P\u00e9rez<\/a>, dos pilotos experimentados que aportar\u00e1n el bagaje necesario para desarrollar un proyecto a largo plazo.<\/p>\n<p>Sin embargo, la estructura tambi\u00e9n ha querido asegurar su futuro con la incorporaci\u00f3n de un talento estadounidense: <a href=\"https:\/\/es.motorsport.com\/f1\/news\/cadillac-anuncia-fichaje-colton-herta-piloto-pruebas\/10755978\/\" target=\"_self\" rel=\"noopener nofollow\">Colton Herta, piloto con nueve victorias en la IndyCar, que se convertir\u00e1 en probador y tercer piloto del equipo.<\/a><\/p>\n<p>El fichaje de Herta ha sido recibido con entusiasmo por los aficionados, aunque tambi\u00e9n <strong>ha generado dudas entre algunos sectores debido a su paso de un asiento titular en IndyCar a un rol de pruebas en la F1.<\/strong> Sobre este tema, el jefe de equipo de Cadillac, Graeme Lowdon, ha salido en defensa del californiano.<\/p>\n<p>\u00abLo primero que dir\u00eda sobre Colton es que realmente me gusta. He llegado a conocerlo bastante en los \u00faltimos a\u00f1os. Me encanta su enfoque: es un aut\u00e9ntico piloto de carreras\u00bb, explic\u00f3 en declaraciones a F1.com.<\/p>\n<p>Elegido por m\u00e9rito, no por nacionalidad<\/p>\n<p>Lowdon quiso recalcar que la decisi\u00f3n de Herta no supone un paso atr\u00e1s, sino un movimiento valiente que demuestra confianza en su propio talento: \u00abAlgunos podr\u00edan decir que pasar de estar en una posici\u00f3n ganadora en un campeonato a un rol de pruebas es perder reputaci\u00f3n, o lo que sea. Lo que me encanta es cuando un piloto conf\u00eda en su capacidad y en su velocidad para hacer ese cambio. Es exactamente lo que queremos ver. No quieres ver gente que se esconde de un reto. Esa es la esencia pura de las carreras\u00bb.<\/p>\n<p><strong>El dirigente tambi\u00e9n subray\u00f3 que la elecci\u00f3n del piloto estadounidense responde al m\u00e9rito deportivo, m\u00e1s all\u00e1 de su nacionalidad, aunque reconoci\u00f3 que su presencia supone un plus para los fans:<\/strong> \u00ab\u00c9l es estadounidense, pero siempre hemos dicho que todos en nuestro programa son elegidos por m\u00e9rito. Si resulta que es estadounidense porque somos un equipo estadounidense, es un punto a favor. Para los aficionados es fant\u00e1stico, y ya lo estamos viendo: la reacci\u00f3n positiva a ese anuncio fue enorme. Est\u00e1 trayendo una base de fans consolidada al deporte tambi\u00e9n\u00bb.<\/p>\n<p>Adem\u00e1s, Cadillac planea que <strong>Herta mantenga la actividad en pista, posiblemente compitiendo en la F\u00f3rmula 2 en 2026 para asegurar que siga en plena forma:<\/strong> \u00abEs un movimiento realmente bueno para \u00e9l, en mi opini\u00f3n, y tambi\u00e9n para el equipo. Lo complementaremos con carreras en F2, as\u00ed que seguir\u00e1 manteni\u00e9ndose en forma desde esa perspectiva. Estamos mirando varias opciones para \u00e9l de cara a 2026 y la F\u00f3rmula 2 es obviamente una de ellas. Hay muchos puntos positivos en hacerlo\u00bb, concluy\u00f3 Lowdon.<\/p>\n<p>Con la vista puesta en su debut en 2026 como und\u00e9cimo equipo de la parrilla, Cadillac empieza a sentar las bases de su proyecto: experiencia en la dupla titular y proyecci\u00f3n de futuro con Colton Herta como gran apuesta estadounidense.<\/p>\n<p>Tambi\u00e9n puedes leer:<\/p>\n<p>En este art\u00edculo<\/p>\n<p>S\u00e9 el primero en enterarte y suscr\u00edbete para recibir actualizaciones por email de noticias en tiempo real sobre estos temas.<\/p>\n<p>    Suscr\u00edbete a alertas de noticias<\/p>\n","protected":false},"excerpt":{"rendered":"La entrada de Cadillac en la F\u00f3rmula 1 en 2026 es uno de los proyectos que m\u00e1s expectaci\u00f3n&hellip;\n","protected":false},"author":2,"featured_media":118278,"comment_status":"","ping_status":"","sticky":false,"template":"","format":"standard","meta":{"footnotes":""},"categories":[270],"tags":[33154,39379,33239,168,25,24,306,271,272,1230,38144,23,167],"class_list":{"0":"post-118277","1":"post","2":"type-post","3":"status-publish","4":"format-standard","5":"has-post-thumbnail","7":"category-formula-1","8":"tag-autodromo-nazionale-monza","9":"tag-cadillac-defiende-su-apuesta-por-colton-herta","10":"tag-colton-herta","11":"tag-deportes","12":"tag-es","13":"tag-espana","14":"tag-f1","15":"tag-formula-1","16":"tag-formula1","17":"tag-fu00f3rmula-1","18":"tag-pirelli-monza-testing","19":"tag-spain","20":"tag-sports"},"share_on_mastodon":{"url":"","error":""},"_links":{"self":[{"href":"https:\/\/www.europesays.com\/es\/wp-json\/wp\/v2\/posts\/118277","targetHints":{"allow":["GET"]}}],"collection":[{"href":"https:\/\/www.europesays.com\/es\/wp-json\/wp\/v2\/posts"}],"about":[{"href":"https:\/\/www.europesays.com\/es\/wp-json\/wp\/v2\/types\/post"}],"author":[{"embeddable":true,"href":"https:\/\/www.europesays.com\/es\/wp-json\/wp\/v2\/users\/2"}],"replies":[{"embeddable":true,"href":"https:\/\/www.europesays.com\/es\/wp-json\/wp\/v2\/comments?post=118277"}],"version-history":[{"count":0,"href":"https:\/\/www.europesays.com\/es\/wp-json\/wp\/v2\/posts\/118277\/revisions"}],"wp:featuredmedia":[{"embeddable":true,"href":"https:\/\/www.europesays.com\/es\/wp-json\/wp\/v2\/media\/118278"}],"wp:attachment":[{"href":"https:\/\/www.europesays.com\/es\/wp-json\/wp\/v2\/media?parent=118277"}],"wp:term":[{"taxonomy":"category","embeddable":true,"href":"https:\/\/www.europesays.com\/es\/wp-json\/wp\/v2\/categories?post=118277"},{"taxonomy":"post_tag","embeddable":true,"href":"https:\/\/www.europesays.com\/es\/wp-json\/wp\/v2\/tags?post=118277"}],"curies":[{"name":"wp","href":"https:\/\/api.w.org\/{rel}","templated":true}]}}