{"id":118279,"date":"2025-09-16T07:35:07","date_gmt":"2025-09-16T07:35:07","guid":{"rendered":"https:\/\/www.europesays.com\/es\/118279\/"},"modified":"2025-09-16T07:35:07","modified_gmt":"2025-09-16T07:35:07","slug":"de-agravios-e-hipocresias-en-la-euroliga","status":"publish","type":"post","link":"https:\/\/www.europesays.com\/es\/118279\/","title":{"rendered":"De agravios e hipocres\u00edas en la Euroliga"},"content":{"rendered":"<p>Las convulsiones que han sacudido la at\u00edpica y casi clandestina Vuelta a Espa\u00f1a desde la perspectiva ciclista abren con crudeza el debate sobre las participaciones  &#8230; deportivas de representantes hebreos. Durante\u2006 \u2006 la apertura del curso pol\u00edtico, el diputado general de \u00c1lava reclam\u00f3 el mismo veto a los equipos israel\u00edes en la Euroliga que el padecido por los conjuntos rusos \u2013tambi\u00e9n el copropietario CSKA\u2013 desde la invasi\u00f3n de Ucrania. Y ayer mismo, el Gobierno incidi\u00f3 en el asunto.<\/p>\n<p class=\"v-p\">Desde luego, resulta muy dif\u00edcil de sostener con coherencia semejante agravio comparativo ante dos barbaries geopol\u00edticas y humanas. Salvo sentires muy extremos y de empat\u00eda nula que niegan la evidencia, convendremos todos en que la desproporcionad\u00edsima respuesta de Netanyahu al salvaje ataque terrorista de Ham\u00e1s hace casi dos a\u00f1os rebasa todos los l\u00edmites imaginables. Una forma de elevar exponencialmente el horror con ataques constantes e indiscriminados a la poblaci\u00f3n de Gaza que muestran escenas infames. Desde la perversidad de dejar a ni\u00f1os desnutridos al borde de la muerte por inanici\u00f3n al \u00e9xodo forzoso de tantas personas sin tierra ni futuro. Un espanto.<\/p>\n<p class=\"v-p\">En plena marejada creciente de protestas por el genocidio ya se asoma a la vuelta de la esquina la pr\u00f3xima edici\u00f3n del mejor torneo continental de baloncesto. Algo que nos concierne aqu\u00ed en primera personal del plural por incluir al Baskonia a\u00f1ejo en la parrilla de salida. Y, adem\u00e1s, porque la memoria reciente nos recuerda los \u00e1nimos encendidos cada vez que el Maccabi acude al templo laico de Beto\u00f1o. Pues bien. O mejor dicho, mal. La temporada que se avecina no s\u00f3lo traer\u00e1 de nuevo, salvo acuerdo para las deportaciones deportivas, al veterano cuadro amarillo. Ahora el problema se duplica por la inclusi\u00f3n, como ganador de la Eurocup, del Hapoel. Una segunda taza de Tel Aviv.<\/p>\n<p>\nEl problema se duplica porque al Maccabi se une el Hapoel y conocemos los \u00e1nimos encendidos en Vitoria\n<\/p>\n<p class=\"v-p\">Faltan dos semanas para la apertura del campeonato y parece razonable pensar que la temperatura en torno al tema alcanzar\u00e1 el punto de ebullici\u00f3n. Si el torneo recurriese al bistur\u00ed dejar\u00eda fuera nada menos que a dos due\u00f1os del mismo, representantes con licencia A: CSKA y Maccabi. Si opta por no intervenir ya se pueden anticipar altercados cuando los dos conjuntos hebreos visiten Madrid, Barcelona, Vitoria y Valencia.<\/p>\n<p class=\"v-p\">En cualquier caso me parece conveniente a\u00f1adir a los agravios comparativos entre rusos e israel\u00edes las dosis nada homeop\u00e1ticas de hipocres\u00eda. Al margen de debatir sobre si los espect\u00e1culos deportivos han de servir como escaparate de reivindicaciones pol\u00edticas bien podr\u00edamos plantearnos por qu\u00e9 las manifestaciones no exigen, por ejemplo, la ruptura de relaciones diplom\u00e1ticas en las puertas de las instituciones competentes. O las razones de silbar con la cabeza vuelta hacia otro lado ante legislaciones impresentables y amputadoras de derechos desde nuestro punto de vista occidental. Sin dejar de denunciar, por supuesto, la masacre del Ej\u00e9rcito hebreo en la Franja.<\/p>\n<p class=\"v-p\">Quevedo es un genio inmortal de la literatura por muchos motivos. Tambi\u00e9n al firmar el poema que se refiere al enorme poder del dinero. Y aludo al farise\u00edsmo de tomar el de los riqu\u00edsimos pa\u00edses de Oriente y correr hacia adelante. Una Final Four ya disputada de la Euroliga en Abu Dabi, la capital de los Emiratos \u00c1rabes Unidos. Y un equipo de Dub\u00e1i \u2013Asia sin matices\u2013 que debutar\u00e1 en el gran campeonato europeo. Un pa\u00eds que \u00a1proh\u00edbe! la homosexualidad, en el que cualquier manifestaci\u00f3n de afecto p\u00fablico entre dos hombres est\u00e1 penada por la ley. Y a jugar, que s\u00f3lo se oye un velado rumor. <\/p>\n<p class=\"v-p\">Insisto, todo ello teniendo muy presente el exterminio al que asistimos como espectadores escandalizados.<\/p>\n","protected":false},"excerpt":{"rendered":"Las convulsiones que han sacudido la at\u00edpica y casi clandestina Vuelta a Espa\u00f1a desde la perspectiva ciclista abren&hellip;\n","protected":false},"author":2,"featured_media":118280,"comment_status":"","ping_status":"","sticky":false,"template":"","format":"standard","meta":{"footnotes":""},"categories":[269],"tags":[25110,299,298,168,25,24,39380,23,167],"class_list":{"0":"post-118279","1":"post","2":"type-post","3":"status-publish","4":"format-standard","5":"has-post-thumbnail","7":"category-baloncesto","8":"tag-agravios","9":"tag-baloncesto","10":"tag-basketball","11":"tag-deportes","12":"tag-es","13":"tag-espana","14":"tag-hipocresias","15":"tag-spain","16":"tag-sports"},"share_on_mastodon":{"url":"","error":""},"_links":{"self":[{"href":"https:\/\/www.europesays.com\/es\/wp-json\/wp\/v2\/posts\/118279","targetHints":{"allow":["GET"]}}],"collection":[{"href":"https:\/\/www.europesays.com\/es\/wp-json\/wp\/v2\/posts"}],"about":[{"href":"https:\/\/www.europesays.com\/es\/wp-json\/wp\/v2\/types\/post"}],"author":[{"embeddable":true,"href":"https:\/\/www.europesays.com\/es\/wp-json\/wp\/v2\/users\/2"}],"replies":[{"embeddable":true,"href":"https:\/\/www.europesays.com\/es\/wp-json\/wp\/v2\/comments?post=118279"}],"version-history":[{"count":0,"href":"https:\/\/www.europesays.com\/es\/wp-json\/wp\/v2\/posts\/118279\/revisions"}],"wp:featuredmedia":[{"embeddable":true,"href":"https:\/\/www.europesays.com\/es\/wp-json\/wp\/v2\/media\/118280"}],"wp:attachment":[{"href":"https:\/\/www.europesays.com\/es\/wp-json\/wp\/v2\/media?parent=118279"}],"wp:term":[{"taxonomy":"category","embeddable":true,"href":"https:\/\/www.europesays.com\/es\/wp-json\/wp\/v2\/categories?post=118279"},{"taxonomy":"post_tag","embeddable":true,"href":"https:\/\/www.europesays.com\/es\/wp-json\/wp\/v2\/tags?post=118279"}],"curies":[{"name":"wp","href":"https:\/\/api.w.org\/{rel}","templated":true}]}}