{"id":118287,"date":"2025-09-16T07:40:09","date_gmt":"2025-09-16T07:40:09","guid":{"rendered":"https:\/\/www.europesays.com\/es\/118287\/"},"modified":"2025-09-16T07:40:09","modified_gmt":"2025-09-16T07:40:09","slug":"solo-125-000-espectadores-separaron-las-audiencias-de-la-revuelta-y-el-hormiguero-este-lunes","status":"publish","type":"post","link":"https:\/\/www.europesays.com\/es\/118287\/","title":{"rendered":"Solo 125.000 espectadores separaron las audiencias de &#8216;La Revuelta&#8217; y &#8216;El Hormiguero&#8217; este lunes"},"content":{"rendered":"<p><a class=\"v-mdl-ath__fig-a\" href=\"https:\/\/www.lasprovincias.es\/autor\/sara-bonillo-5829.html\" title=\"Sara Bonillo\" rel=\"nofollow noopener\" target=\"_blank\"><br \/>\n<img decoding=\"async\" class=\"v-mdl-ath__img\" src=\"https:\/\/www.europesays.com\/es\/wp-content\/uploads\/2025\/09\/autor-5829-foto-1.jpeg\" alt=\"Sara Bonillo\"\/><br \/>\n<\/a><\/p>\n<p class=\"v-mdl-ath__p v-mdl-ath__p--6\">\nMartes, 16 de septiembre 2025, 08:16<\/p>\n<p class=\"v-p\">Contin\u00faa la particular batalla entre &#8216;El hormiguero&#8217; y &#8216;La Revuelta&#8217; en la franja del access prime time. Este lunes fue el programa de Antena 3 el que marc\u00f3 un resultado m\u00e1s alto en datos globales. El espacio de Pablo Motos cosech\u00f3 un 14% de cuota de pantalla y una media de 1.555.000 espectadores gracias a la <a href=\"https:\/\/www.lasprovincias.es\/culturas\/tv\/aron-piper-revela-hormiguero-incomodo-momento-vivio-20250915231856-nt.html\" title=\"www.lasprovincias.es\" data-voc-vtm-id=\"in-text-traffic\" data-mrf-link=\"www.lasprovincias.es\" rel=\"nofollow noopener\" target=\"_blank\">visita de Ar\u00f3n Piper<\/a>, que acudi\u00f3 al programa para dar todos los detalles de su primer \u00e1lbum.<\/p>\n<p class=\"v-p\">En La 1, el programa de David Broncano se qued\u00f3 1,4 puntos m\u00e1s atras anotando un 12.6% de share y una media de 1.430.000 espectadores con su entrevista a Ricardo Dar\u00edn y Andrea Pietra, quienes acudieron al espacio para presentar la obra Escenas de la vida conyugal, que representan en varias ciudades espa\u00f1olas a lo largo de este oto\u00f1o.<\/p>\n<p class=\"v-p\">En los cinco programas que llevamos de temporada, Broncano no ha conseguido superar ning\u00fan d\u00eda a Pablo Motos, que contin\u00faa siendo l\u00edder en las noches.<\/p>\n<p><a href=\"http:\/\/www.lasprovincias.es\/culturas\/pasa-festival-benidorm-20250915003143-nt.html#vtm_modulosEngag=mod-rel:culturas:noticia:1:cmp:1-not\" class=\"v-a-link\" aria-label=\"Imagen\" rel=\"nofollow noopener\" target=\"_blank\"><\/p>\n<p><img decoding=\"async\" loading=\"lazy\" src=\"https:\/\/www.europesays.com\/es\/wp-content\/uploads\/2025\/09\/1491957507-U36555735326SAa-366x256@Las Provincias.jpg\" class=\"v-a-img\" width=\"258\" height=\"180\" alt=\"\" data-voc-vtm-id=\"in-text-traffic\"\/><\/p>\n<p><\/a><\/p>\n<p>Invitados este martes a &#8216;El Hormiguero&#8217;<\/p>\n<p class=\"v-p\">Este martes visitar\u00e1n el plat\u00f3 de Antena 3 Imanol Arias y Mar\u00eda Barranco para hablar sobre la comedia &#8216;Mejor no decirlo&#8217;, que se podr\u00e1 ver en el Teatro Bellas Artes de Madrid el 3 de octubre. Los actores interpretan a un matrimonio que lleva muchos a\u00f1os juntos y cuya f\u00f3rmula imbatible es saber cu\u00e1ndo hablar y cu\u00e1ndo callar. Pero surge la duda de qu\u00e9 ocurrir\u00eda si en un momento dado deciden hablar de todo.<\/p>\n<p>Comenta<\/p>\n<p>Reporta un error<\/p>\n","protected":false},"excerpt":{"rendered":"Martes, 16 de septiembre 2025, 08:16 Contin\u00faa la particular batalla entre &#8216;El hormiguero&#8217; y &#8216;La Revuelta&#8217; en la&hellip;\n","protected":false},"author":2,"featured_media":118288,"comment_status":"","ping_status":"","sticky":false,"template":"","format":"standard","meta":{"footnotes":""},"categories":[171],"tags":[39382,2509,146,147,25,24,4725,17775,528,39383,1138,23,214],"class_list":{"0":"post-118287","1":"post","2":"type-post","3":"status-publish","4":"format-standard","5":"has-post-thumbnail","7":"category-tv","8":"tag-39382","9":"tag-audiencias","10":"tag-entertainment","11":"tag-entretenimiento","12":"tag-es","13":"tag-espana","14":"tag-espectadores","15":"tag-hormiguero","16":"tag-revuelta","17":"tag-separaron","18":"tag-solo","19":"tag-spain","20":"tag-tv"},"share_on_mastodon":{"url":"","error":""},"_links":{"self":[{"href":"https:\/\/www.europesays.com\/es\/wp-json\/wp\/v2\/posts\/118287","targetHints":{"allow":["GET"]}}],"collection":[{"href":"https:\/\/www.europesays.com\/es\/wp-json\/wp\/v2\/posts"}],"about":[{"href":"https:\/\/www.europesays.com\/es\/wp-json\/wp\/v2\/types\/post"}],"author":[{"embeddable":true,"href":"https:\/\/www.europesays.com\/es\/wp-json\/wp\/v2\/users\/2"}],"replies":[{"embeddable":true,"href":"https:\/\/www.europesays.com\/es\/wp-json\/wp\/v2\/comments?post=118287"}],"version-history":[{"count":0,"href":"https:\/\/www.europesays.com\/es\/wp-json\/wp\/v2\/posts\/118287\/revisions"}],"wp:featuredmedia":[{"embeddable":true,"href":"https:\/\/www.europesays.com\/es\/wp-json\/wp\/v2\/media\/118288"}],"wp:attachment":[{"href":"https:\/\/www.europesays.com\/es\/wp-json\/wp\/v2\/media?parent=118287"}],"wp:term":[{"taxonomy":"category","embeddable":true,"href":"https:\/\/www.europesays.com\/es\/wp-json\/wp\/v2\/categories?post=118287"},{"taxonomy":"post_tag","embeddable":true,"href":"https:\/\/www.europesays.com\/es\/wp-json\/wp\/v2\/tags?post=118287"}],"curies":[{"name":"wp","href":"https:\/\/api.w.org\/{rel}","templated":true}]}}