{"id":118289,"date":"2025-09-16T07:41:06","date_gmt":"2025-09-16T07:41:06","guid":{"rendered":"https:\/\/www.europesays.com\/es\/118289\/"},"modified":"2025-09-16T07:41:06","modified_gmt":"2025-09-16T07:41:06","slug":"lil-nas-x-hospitalizado-para-recibir-tratamiento-tras-pasearse-desnudo-por-la-calle-y-agredir-a-un-policia","status":"publish","type":"post","link":"https:\/\/www.europesays.com\/es\/118289\/","title":{"rendered":"Lil Nas X, hospitalizado para recibir tratamiento tras pasearse desnudo por la calle y agredir a un polic\u00eda"},"content":{"rendered":"<p><a title=\"Lil Nas X\" href=\"https:\/\/www.europafm.com\/temas\/lil_nas_x-1\" target=\"_blank\" rel=\"nofollow noopener\"><b>Lil Nas X<\/b><\/a> ha faltado a su cita con la ley. El rapero no se present\u00f3 a la vista programada este lunes 15 de septiembre en la corte de Los Angeles despu\u00e9s de haber sido puesto en <b>libertad bajo fianza<\/b> el pasado 25 de agosto acusado de <b>cuatro delitos graves<\/b>.<\/p>\n<p>El cantante de Montero, que <a title=\"fue detenido el 21 de agosto\" href=\"https:\/\/www.europafm.com\/noticias\/famosos\/lil-nas-hospitalizado-presunta-sobredosis-enfrentarse-agente-angeles_2025082268a81437db588163100c7477.html\" target=\"_blank\" rel=\"nofollow noopener\">fue detenido el 21 de agosto<\/a> y ahora se enfrenta a tres cargos de agresi\u00f3n a un oficial de polic\u00eda y un cargo de resistencia al arresto, no se present\u00f3 antes el juez porque, seg\u00fan sus abogados, se encuentra<b> hospitalizado para recibir tratamiento <\/b>en un centro de otro estado, como se\u00f1ala <a title=\"Rolling Stone\" href=\"https:\/\/www.rollingstone.com\/music\/music-news\/lil-nas-x-in-treatment-after-arrest-felony-charges-1235427591\/\" target=\"_blank\" rel=\"nofollow noopener\">Rolling Stone<\/a>.<\/p>\n<p>La decisi\u00f3n fue aprobada por la jueza de Los Angeles, Shellie Samuels, que asegur\u00f3 que<b> mientras contin\u00fae en tratamiento puede permanecer fuera del estado <\/b>y se\u00f1al\u00f3 que, si el ingreso del cantante cambia y pasa a ser ambulatorio, lo volver\u00e1 a citar personalmente. Mientras tanto ha pospuesto su pr\u00f3xima comparecencia ante el tribunal para el 18 de noviembre.<\/p>\n<p>\u00abUn golpe que va a superar\u00bb<\/p>\n<p>\u201cEstamos haciendo lo que es mejor para Montero, tanto a nivel personal como profesional, pero sobre todo pensando en su bienestar\u00bb, asegur\u00f3 <a title=\"uno de sus abogados a la revista Variety\" href=\"https:\/\/variety.com\/2025\/music\/news\/lil-nas-x-treatment-arrest-lawyer-1236519617\/\" target=\"_blank\" rel=\"nofollow noopener\">uno de sus abogados a la revista Variety<\/a>. \u00abTiene a su alrededor una familia incre\u00edble y un equipo de gente que lo quiere y lo apoya. <b>Simplemente estamos afrontando estos problemas, no hay m\u00e1s misterio.<\/b> Ha tenido una gran vida y la seguir\u00e1 teniendo. Esto es solo un bache del que va a salir adelante\u00bb.<\/p>\n<p>Los abogados del cantante no revelaron el tipo de tratamiento, aunque lo cierto es que tras su arresto el 21 de agosto, Montero fue trasladado al hospital por<b> sospecha de una posible sobredosis<\/b>. Hab\u00eda sido detenido despu\u00e9s de que varios vecinos llamasen a la Polic\u00eda advirtiendo de que un hombre desnudo \u2014no se sab\u00eda entonces que era Lil Nas X\u2014 deambulaba por la calle de forma err\u00e1tica.<\/p>\n<p>En el primer juicio, el cantante <b>se declar\u00f3 inocente<\/b> de los cuatro cargos que se le acusan y fue puesto en libertad bajo fianza tras pagar una multa de 75.000 d\u00f3lares.<\/p>\n","protected":false},"excerpt":{"rendered":"Lil Nas X ha faltado a su cita con la ley. El rapero no se present\u00f3 a la&hellip;\n","protected":false},"author":2,"featured_media":118290,"comment_status":"","ping_status":"","sticky":false,"template":"","format":"standard","meta":{"footnotes":""},"categories":[170],"tags":[146,147,25,24,184,185,23],"class_list":{"0":"post-118289","1":"post","2":"type-post","3":"status-publish","4":"format-standard","5":"has-post-thumbnail","7":"category-musica","8":"tag-entertainment","9":"tag-entretenimiento","10":"tag-es","11":"tag-espana","12":"tag-music","13":"tag-musica","14":"tag-spain"},"share_on_mastodon":{"url":"","error":""},"_links":{"self":[{"href":"https:\/\/www.europesays.com\/es\/wp-json\/wp\/v2\/posts\/118289","targetHints":{"allow":["GET"]}}],"collection":[{"href":"https:\/\/www.europesays.com\/es\/wp-json\/wp\/v2\/posts"}],"about":[{"href":"https:\/\/www.europesays.com\/es\/wp-json\/wp\/v2\/types\/post"}],"author":[{"embeddable":true,"href":"https:\/\/www.europesays.com\/es\/wp-json\/wp\/v2\/users\/2"}],"replies":[{"embeddable":true,"href":"https:\/\/www.europesays.com\/es\/wp-json\/wp\/v2\/comments?post=118289"}],"version-history":[{"count":0,"href":"https:\/\/www.europesays.com\/es\/wp-json\/wp\/v2\/posts\/118289\/revisions"}],"wp:featuredmedia":[{"embeddable":true,"href":"https:\/\/www.europesays.com\/es\/wp-json\/wp\/v2\/media\/118290"}],"wp:attachment":[{"href":"https:\/\/www.europesays.com\/es\/wp-json\/wp\/v2\/media?parent=118289"}],"wp:term":[{"taxonomy":"category","embeddable":true,"href":"https:\/\/www.europesays.com\/es\/wp-json\/wp\/v2\/categories?post=118289"},{"taxonomy":"post_tag","embeddable":true,"href":"https:\/\/www.europesays.com\/es\/wp-json\/wp\/v2\/tags?post=118289"}],"curies":[{"name":"wp","href":"https:\/\/api.w.org\/{rel}","templated":true}]}}