{"id":11831,"date":"2025-07-29T14:35:08","date_gmt":"2025-07-29T14:35:08","guid":{"rendered":"https:\/\/www.europesays.com\/es\/11831\/"},"modified":"2025-07-29T14:35:08","modified_gmt":"2025-07-29T14:35:08","slug":"el-festival-de-teatro-clasico-de-almagro-baja-el-telon-como-motor-cultural-y-economico-de-la-region","status":"publish","type":"post","link":"https:\/\/www.europesays.com\/es\/11831\/","title":{"rendered":"El Festival de Teatro Cl\u00e1sico de Almagro baja el tel\u00f3n como \u00abmotor cultural y econ\u00f3mico\u00bb de la regi\u00f3n"},"content":{"rendered":"<p class=\"voc-p\" style=\"\">La 48\u00aa edici\u00f3n del <a href=\"https:\/\/www.abc.es\/cultura\/teatros\/teatro-almagro-puro-teatro-20250704182216-nt.html\" target=\"_self\" data-voc-vtm-id=\"in-text-traffic\" title=\"Festival Internacional de Teatro Cl\u00e1sico de Almagro\" data-mrf-link=\"www.abc.es\" rel=\"nofollow noopener\">Festival Internacional de Teatro Cl\u00e1sico de Almagro<\/a> culmin\u00f3 el pasado domingo tras 25 d\u00edas de programaci\u00f3n donde se han representado 52 espect\u00e1culos en los que han trabajado 700 profesionales y que han sumado 103 funciones. La asistencia total de este a\u00f1o supera los <strong>74.000 asistentes (un 14% m\u00e1s que el anterior) y la ocupaci\u00f3n media ha estado en el 92%, c<\/strong>on numerosos llenos absolutos.<\/p>\n<p class=\"voc-p\" style=\"\">La r<strong>ecaudaci\u00f3n total alcanza los 577.000 euros,<\/strong> un 6,5% m\u00e1s que en 2024, \u00abconsolidando un modelo de cultura p\u00fablica que combina excelencia art\u00edstica, compromiso social y sostenibilidad territorial\u00bb, afirm\u00f3 la directora del Festival, Irene Pardo, en una rueda de prensa celebrada ayer en el Parador de Almagro.<\/p>\n<p class=\"voc-p\" style=\"\">Pardo record\u00f3, adem\u00e1s, que seg\u00fan el estudio realizado por la UCLM sobre la edici\u00f3n anterior, el impacto econ\u00f3mico del certamen en el territorio es de 4,2 millones de euros. \u00ab<strong>El Festival reafirma su papel como motor cultural, ciudadano y econ\u00f3mico en el coraz\u00f3n de la regi\u00f3n\u00bb,<\/strong> subray\u00f3.<\/p>\n<p class=\"voc-p\" style=\"\">En total, m\u00e1s de 40.500 personas han asistido a los espect\u00e1culos esc\u00e9nicos y m\u00e1s de 33.600 han participado en actividades paralelas, \u00abconsolidando un Festival al que no s\u00f3lo se asiste, sino que se vive\u00bb, en palabras de Pardo.<\/p>\n<p>\nActualizaci\u00f3n del legado\n<\/p>\n<p class=\"voc-p\" style=\"\">El balance revela tambi\u00e9n el compromiso del Festival con la \u00abpermanente actualizaci\u00f3n\u00bb del legado del Siglo de Oro, ya que 29 espect\u00e1culos han sido de creaci\u00f3n contempor\u00e1nea junto a los 23 de autor\u00eda cl\u00e1sica; y adem\u00e1s visibiliza su ambici\u00f3n interdisciplinar con espect\u00e1culos de <strong>50 compa\u00f1\u00edas<\/strong> que han subido a las tablas 32 propuestas de teatro, 11 de m\u00fasica, 5 de circo, dos de danza, una dramatizaci\u00f3n radiof\u00f3nica y un &#8216;podcast&#8217;.<\/p>\n<p class=\"voc-p\" style=\"\">Precisamente, en la edici\u00f3n de este a\u00f1o por primera vez en su historia el Premio Corral de Comedias se ha entregado a una figura de la danza, la gran bailaora Cristina Hoyos. El homenaje de este a\u00f1o estuvo dedicado a la <strong>compa\u00f1\u00eda Morboria Teatro y Juan Echanove<\/strong> visit\u00f3 el Festival para recoger el Premio Lorenzo Luzuriaga de UGT.<\/p>\n<p class=\"voc-p\" style=\"\">La Compa\u00f1\u00eda Nacional de Teatro Cl\u00e1sico dijo un hola y adi\u00f3s: el estreno de una poderosa &#8216;Fuenteovejuna&#8217;, orquestada por Rakel Camacho fue la puesta de largo de la nueva directora del instituci\u00f3n, Laila Ripoll; mientras el &#8216;Don Gil de las calzas verdes&#8217; visto por la brit\u00e1nica Sarah Kane, marc\u00f3 la despedida de la sexta promoci\u00f3n de la Joven Compa\u00f1\u00eda.<\/p>\n<p class=\"voc-p\" style=\"\">Adem\u00e1s, la CNTC tuvo una participaci\u00f3n \u00abdecisiva\u00bb con otras tres producciones: &#8216;Los dos hidalgos de Verona&#8217;, en colaboraci\u00f3n con Cheek by Jowl; &#8216;Farra&#8217;, una pieza de circo contempor\u00e1neo de la compa\u00f1\u00eda de Lucas Escobedo; y &#8216;La fortaleza&#8217;, de Luc\u00eda Carballal. Su participaci\u00f3n se extendi\u00f3 tambi\u00e9n a los cert\u00e1menes Barroco Infantil, Almagro OFF y a diversas acciones de accesibilidad y mediaci\u00f3n art\u00edstica.<\/p>\n<p class=\"voc-p\" style=\"\">Tampoco faltaron a su cita los grandes nombres de la escena cl\u00e1sica. Rafael \u00c1lvarez &#8216;El Brujo&#8217; estren\u00f3 un nuevo t\u00edtulo, &#8216;Volar con los pies en el suelo&#8217;; Ron Lal\u00e1 surc\u00f3 el Atl\u00e1ntico con &#8216;La desconquista&#8217;, y la portuguesa Chapit\u00f4 traduci\u00f3 al lenguaje del cuerpo el &#8216;Rey Lear&#8217; de Shakesperare.<\/p>\n<p class=\"voc-p\" style=\"\">Tambi\u00e9n visitron el Festival compa\u00f1\u00edas de Uruguay, Marruecos, China, M\u00e9xico o Argentina. Para ello se ha reforzado la cooperaci\u00f3n con instituciones como AECID, Acci\u00f3n Cultural Espa\u00f1ola, el Instituto de las Mujeres y diversas embajadas.<\/p>\n<p class=\"voc-p\" style=\"\">Esta dimensi\u00f3n global convive con el compromiso territorial, ya que de las 42 compa\u00f1\u00edas nacionales ha habido una destacada representaci\u00f3n de Madrid (19) y de Castilla-La Mancha (8).<\/p>\n<p>Reportar un error<\/p>\n","protected":false},"excerpt":{"rendered":"La 48\u00aa edici\u00f3n del Festival Internacional de Teatro Cl\u00e1sico de Almagro culmin\u00f3 el pasado domingo tras 25 d\u00edas&hellip;\n","protected":false},"author":2,"featured_media":11832,"comment_status":"","ping_status":"","sticky":false,"template":"","format":"standard","meta":{"footnotes":""},"categories":[91],"tags":[1653,6814,5145,8332,8333,146,147,25,24,3931,2362,6192,23,1651,8331],"class_list":{"0":"post-11831","1":"post","2":"type-post","3":"status-publish","4":"format-standard","5":"has-post-thumbnail","7":"category-entretenimiento","8":"tag-almagro","9":"tag-baja","10":"tag-clasico","11":"tag-cultural","12":"tag-economico","13":"tag-entertainment","14":"tag-entretenimiento","15":"tag-es","16":"tag-espana","17":"tag-festival","18":"tag-motor","19":"tag-region","20":"tag-spain","21":"tag-teatro","22":"tag-telon"},"share_on_mastodon":{"url":"","error":""},"_links":{"self":[{"href":"https:\/\/www.europesays.com\/es\/wp-json\/wp\/v2\/posts\/11831","targetHints":{"allow":["GET"]}}],"collection":[{"href":"https:\/\/www.europesays.com\/es\/wp-json\/wp\/v2\/posts"}],"about":[{"href":"https:\/\/www.europesays.com\/es\/wp-json\/wp\/v2\/types\/post"}],"author":[{"embeddable":true,"href":"https:\/\/www.europesays.com\/es\/wp-json\/wp\/v2\/users\/2"}],"replies":[{"embeddable":true,"href":"https:\/\/www.europesays.com\/es\/wp-json\/wp\/v2\/comments?post=11831"}],"version-history":[{"count":0,"href":"https:\/\/www.europesays.com\/es\/wp-json\/wp\/v2\/posts\/11831\/revisions"}],"wp:featuredmedia":[{"embeddable":true,"href":"https:\/\/www.europesays.com\/es\/wp-json\/wp\/v2\/media\/11832"}],"wp:attachment":[{"href":"https:\/\/www.europesays.com\/es\/wp-json\/wp\/v2\/media?parent=11831"}],"wp:term":[{"taxonomy":"category","embeddable":true,"href":"https:\/\/www.europesays.com\/es\/wp-json\/wp\/v2\/categories?post=11831"},{"taxonomy":"post_tag","embeddable":true,"href":"https:\/\/www.europesays.com\/es\/wp-json\/wp\/v2\/tags?post=11831"}],"curies":[{"name":"wp","href":"https:\/\/api.w.org\/{rel}","templated":true}]}}