{"id":118310,"date":"2025-09-16T07:58:09","date_gmt":"2025-09-16T07:58:09","guid":{"rendered":"https:\/\/www.europesays.com\/es\/118310\/"},"modified":"2025-09-16T07:58:09","modified_gmt":"2025-09-16T07:58:09","slug":"moskotarrak-entrega-al-bilbao-basket-su-tradicional-gigante-del-concurso-manda-likes","status":"publish","type":"post","link":"https:\/\/www.europesays.com\/es\/118310\/","title":{"rendered":"Moskotarrak entrega al Bilbao Basket su tradicional gigante del concurso \u2018Manda Likes\u2019"},"content":{"rendered":"<p>\n        EL coraz\u00f3n boxeaba contra el pecho en aquellos \u00faltimos minutos de Salonica, cuando Bilbao Basket se balanceaba con las diferencias en el Palataki de Salonica. Hab\u00eda llegado a tierras griegas con una ventaja de siete puntos, ventaja que llev\u00f3 hasta los 17 puntos en el descanso en tierras griegas pero que se dilapid\u00f3 a 2:16 minutos del final con aquel 79-70 de infarto. Fue entonces cuando los hombres de<strong> Jaume Ponsarnau<\/strong> sacaron oficio del coraz\u00f3n y jugaron como los grandes hasta perder solo por dos (84-82) para erigirse como campe\u00f3n de la Copa de Europa FIBA tras ese emotivo y hermoso renacimiento, si me lo permiten llamarlo as\u00ed.\n<\/p>\n<p class=\"article-body__text \">\n        Bilbao no olvid\u00f3 esta gesta y a lo largo de la reci\u00e9n pasada Aste Nagusia volvi\u00f3 a recordarlo. Desde mediados de los a\u00f1os 90 del pasado siglo la konpartsa Moskotarrak que preside <strong>Gloria Prieto c<\/strong>elebra su tradicional concurso Manda Huevos, hoy reconvertido en un moderno Manda Likes, en el que se distingue al personaje o entidad m\u00e1s popular del momento en Bilbao. Anta\u00f1o se hac\u00eda con el lanzamiento de huevos sobre la fotograf\u00eda de los finalistas pero hoy los tiempos son otros (\u201cno queremos desperdiciar alimentos\u201d, aseguraba ayer<strong> I\u00f1igo Burgos<\/strong>, quien tampoco olvid\u00f3 que en ese tr\u00e1nsito de premiaci\u00f3n hubo una temporada en la que el certamen pas\u00f3 por otro nombre, Manda globos&#8230;) y los elegidos son votados a trav\u00e9s del Instagram de la konpartsa (@moskotarrak) de entre los tres candidatos finalistas que se proponen. En esta ocasi\u00f3n, como les dije, y en dura pugna con la jugadora de 3&#215;3 y medallista ol\u00edmpica <strong>Gracia Alonso<\/strong> y la skater, tambi\u00e9n ol\u00edmpica, <strong>Naia Laso<\/strong>, el p\u00fablico decant\u00f3 por el <a href=\"https:\/\/www.deia.eus\/bilbao-basket\/2025\/04\/23\/surne-bilbao-basket-escala-olimpo-9552299.html\" title=\"flamante campe\u00f3n de la \u00faltima Fiba Europe Cup.\" class=\"link copy\" rel=\"nofollow noopener\" target=\"_blank\">flamante campe\u00f3n de la \u00faltima Fiba Europe Cup. <\/a>\n<\/p>\n<p class=\"article-body__text \">\n        Ayer se hizo entrega de la distinci\u00f3n en el local de Bilbao Basket, all\u00e1 en Gran V\u00eda 80, donde luce, con su ba\u00f1o de plata, el trofeo del campe\u00f3n. \u00bfQu\u00e9 le entregaron entonces a los campeones, teniendo tanto como ten\u00edan&#8230;.) El gigante de Moskotarrak, toda un leyenda. Se trata de su m\u00e1ximo galard\u00f3n, la imagen de un gigante festivo, elaborado artesanalmente por el Taller de Loitz en cer\u00e1mica pintada a mano merced al trabajo de<strong> Alex Gonz\u00e1lez y Angela Azkona<\/strong>, ayer tambi\u00e9n presentes. A la presidenta Gloria y a I\u00f1igo Burgos, el speaker, les acompa\u00f1aron <strong>Jos\u00e9 Mari Amantes y Luis \u00c1ngel Castesana<\/strong> entre un buen pu\u00f1ado de konpartseros, todos ellos entusiasmados por entregar la distinci\u00f3n a la presidenta de Surne Bilbao Basket, <strong>Isabel Iturbe<\/strong>, acompa\u00f1ada por el director deportivo del club, <strong>Rafa Pueyo <\/strong>y el jugador<strong> Bassala Bagayoko<\/strong>.\n<\/p>\n<p class=\"article-body__text \">\n        Fue un acto emotivo que se abroch\u00f3 con una foto de familia en la que posaron, adem\u00e1s de toda la gente citada, la vieja gloria<strong> Piru Azua, Javi Mar\u00edn, Amancio Ortega, Alberto \u00c1lvarez,<\/strong> uno de los esp\u00edritus de Bilbao Basket<strong>; Lourdes y Asun Mu\u00f1oz, Jokin Garc\u00eda<\/strong>, miembro de Moskotarrak que acudi\u00f3 a la final de Salonica,<strong> Bego\u00f1a Dur\u00e1n, Mikel Castresana, Jon Ander Salaberri, Marina Ganilla<\/strong>, la navaja multiusos del local, si me permiten decirlo as\u00ed; los j\u00f3venes <strong>Job y Gabriela Tapia Delgado y Jon Ander Bueno; Janire P\u00e9rez,<\/strong> quien acudi\u00f3 con la beb\u00e9<strong> Nare Ibarluzea; Jabi Romanos, Mamen Alonso, Borja P\u00e9rez, Aitor Lozano, I\u00f1aki Telleria, Borja Valbuena, y Bego\u00f1a Arregu<\/strong>i entre otros.\n<\/p>\n<p class=\"article-body__text \">\n        Buena parte de los presentes recordaron que<strong> Ram\u00f3n Garc\u00eda, Julen Guerrero, Roberto Laiseka, Aitor Elizegi, Itziar Itui\u00f1o, Virginia Berasategi<\/strong> y el a\u00f1o pasado <strong>Jon Azanza <\/strong>(el hincha del Athletic que aguant\u00f3 el tipo con una sonrisa rodeado de aficionados de la Real Sociedad en Anoeta mirando al frente mientras todos se daban la vuelta) han sido algunos de los galardonados.<\/p>\n","protected":false},"excerpt":{"rendered":"EL coraz\u00f3n boxeaba contra el pecho en aquellos \u00faltimos minutos de Salonica, cuando Bilbao Basket se balanceaba con&hellip;\n","protected":false},"author":2,"featured_media":118311,"comment_status":"","ping_status":"","sticky":false,"template":"","format":"standard","meta":{"footnotes":""},"categories":[269],"tags":[299,1918,298,2601,168,36,25,24,39386,843,23,167],"class_list":{"0":"post-118310","1":"post","2":"type-post","3":"status-publish","4":"format-standard","5":"has-post-thumbnail","7":"category-baloncesto","8":"tag-baloncesto","9":"tag-basket","10":"tag-basketball","11":"tag-bilbao","12":"tag-deportes","13":"tag-entrega","14":"tag-es","15":"tag-espana","16":"tag-moskotarrak","17":"tag-premio","18":"tag-spain","19":"tag-sports"},"share_on_mastodon":{"url":"","error":""},"_links":{"self":[{"href":"https:\/\/www.europesays.com\/es\/wp-json\/wp\/v2\/posts\/118310","targetHints":{"allow":["GET"]}}],"collection":[{"href":"https:\/\/www.europesays.com\/es\/wp-json\/wp\/v2\/posts"}],"about":[{"href":"https:\/\/www.europesays.com\/es\/wp-json\/wp\/v2\/types\/post"}],"author":[{"embeddable":true,"href":"https:\/\/www.europesays.com\/es\/wp-json\/wp\/v2\/users\/2"}],"replies":[{"embeddable":true,"href":"https:\/\/www.europesays.com\/es\/wp-json\/wp\/v2\/comments?post=118310"}],"version-history":[{"count":0,"href":"https:\/\/www.europesays.com\/es\/wp-json\/wp\/v2\/posts\/118310\/revisions"}],"wp:featuredmedia":[{"embeddable":true,"href":"https:\/\/www.europesays.com\/es\/wp-json\/wp\/v2\/media\/118311"}],"wp:attachment":[{"href":"https:\/\/www.europesays.com\/es\/wp-json\/wp\/v2\/media?parent=118310"}],"wp:term":[{"taxonomy":"category","embeddable":true,"href":"https:\/\/www.europesays.com\/es\/wp-json\/wp\/v2\/categories?post=118310"},{"taxonomy":"post_tag","embeddable":true,"href":"https:\/\/www.europesays.com\/es\/wp-json\/wp\/v2\/tags?post=118310"}],"curies":[{"name":"wp","href":"https:\/\/api.w.org\/{rel}","templated":true}]}}