{"id":118319,"date":"2025-09-16T08:04:13","date_gmt":"2025-09-16T08:04:13","guid":{"rendered":"https:\/\/www.europesays.com\/es\/118319\/"},"modified":"2025-09-16T08:04:13","modified_gmt":"2025-09-16T08:04:13","slug":"fito-paez-estreno-su-tiny-desk-una-celebracion-de-la-cancion-popular-con-arreglos-sofisticados-y-proyeccion-global","status":"publish","type":"post","link":"https:\/\/www.europesays.com\/es\/118319\/","title":{"rendered":"Fito P\u00e1ez estren\u00f3 su Tiny Desk, una celebraci\u00f3n de la canci\u00f3n popular con arreglos sofisticados y proyecci\u00f3n global"},"content":{"rendered":"<p>\u201cUna versi\u00f3n ins\u00f3lita de un tema muy popular\u201d, dice <strong>Fito P\u00e1ez<\/strong> antes de arrancar con una versi\u00f3n ralentada, con una base donde el toque sutil de la bater\u00eda de <strong>Gast\u00f3n Baremberg<\/strong>, le da tintes jazz\u00edsticos a <strong>\u201cMariposa Technicolor\u201d<\/strong>, uno de los hits de <strong>Circo Beat<\/strong>, publicado originalmente en 1994. Es el segundo tema en la lista, breve y contundente, que forma parte de su <strong>Tiny Desk Concert<\/strong>. Fito canta y toca el Fender Rhodes, uno de los teclados vintage que eligi\u00f3 para esta presentaci\u00f3n, en un tono intimista que va en ascenso. <\/p>\n<p> En la era en que los formatos marcan los tiempos de la comunicaci\u00f3n y el entretenimiento en el mundo digital, Fito P\u00e1ez estrena su propio <strong>Tiny<\/strong>. Sus canciones se apoyan en la majestuosa banda que lo acompa\u00f1a desde hace m\u00e1s de un lustro. <strong>Juani Ag\u00fcero<\/strong> y <strong>Vandera<\/strong> (guitarra y coros),<strong> Diego Olivero <\/strong>(bajo y coros), <strong>Juan Absatz<\/strong> (teclados y coros), <strong>Emme<\/strong> (voz), el mencionado <strong>Gast\u00f3n Baremberg<\/strong> (bater\u00eda) y una secci\u00f3n de vientos conformada por <strong>Alejo von der Pahlen<\/strong> (saxo tenor), <strong>Ervin Stutz<\/strong> (trompeta) y<strong> Santiago Ben\u00edtez <\/strong>(tromb\u00f3n). <\/p>\n<p>Popular y sofisticado, masivo y meticuloso, potente y delicado. El rosarino sintetiza su inmensa carrera en apenas cinco canciones. Para un artista que ostenta un repertorio de al menos 30 standards que est\u00e1n entre lo m\u00e1s alto del rock y la m\u00fasica popular argentina, no es un ejercicio sencillo seleccionar cinco canciones para proyectar (a\u00fan m\u00e1s) su obra al mundo. <\/p>\n<p>La lista empieza con <strong>\u201cA rodar mi vida\u201d<\/strong> un cl\u00e1sico de <strong>El amor despu\u00e9s del amor<\/strong> (1992), que suele estar en el ocaso de los conciertos. Es una versi\u00f3n apoyada en los arreglos de vientos, en la cu\u00e1l P\u00e1ez despliega sus encantos. Despu\u00e9s de <strong>\u201cMariposa Technicolor\u201d<\/strong> suena <strong>\u201cSale el sol\u201d<\/strong>, del flamante <strong>Novela<\/strong>, que tuvo en el concierto grabado en el set que <strong>NPR<\/strong> (la Radio P\u00fablica de Estados Unidos) tiene en Washington una de sus primeras interpretaciones en vivo. Los sutiles aires circenses de los brasses construyen una especie de suite (interrumpida por los aplausos y la presentaci\u00f3n de Fito) con la intro de <strong>\u201cCirco Beat\u201d<\/strong>, que P\u00e1ez viene revisitando en la gira 4030, en la cu\u00e1l revisita su primer disco (Del 63, 1984) y su cl\u00e1sico de los 90 (Circo Beat, 1994). <\/p>\n<p>El cierre es con un mosaico posmoderno, <strong>\u201cTercer Mundo\u201d<\/strong>, y la proyecci\u00f3n planetaria de personajes argentin\u00edsimos como La Mona Jim\u00e9nez, la Coca Sarli, Beatriz Salom\u00f3n, los Pimpinela, el Gordo Porcel, Billy Bond, Tita Merello, Batato Barea\u2026 y \u201c<strong>Paquito y Ca7riel<\/strong> y Lou Reed, pensando y pensando en salir de aqu\u00ed\u201d. La irrupci\u00f3n no es casual, Fito -que ya hab\u00eda expresado p\u00fablicamente su admiraci\u00f3n por los artistas argentinos- incluye un gui\u00f1o, un saludo al duo que, a partir de su concierto en esta misma plataforma, se transformaron en un suceso global. En la estimulante escenograf\u00eda visual que destaca al formato de proyecci\u00f3n global, se destaca el vinilo de <strong>Novela<\/strong>, con arte de<strong> Max Rompo<\/strong>.<\/p>\n<p>En pocos menos de 19 minutos, Fito resume una vida de canciones. Una selecci\u00f3n caprichosa y ajustada, un deleite para sus fans y una buena puerta de entrada a la obra del rosarino para millones de nuevos oyentes en todo el mundo. <\/p>\n","protected":false},"excerpt":{"rendered":"\u201cUna versi\u00f3n ins\u00f3lita de un tema muy popular\u201d, dice Fito P\u00e1ez antes de arrancar con una versi\u00f3n ralentada,&hellip;\n","protected":false},"author":2,"featured_media":118320,"comment_status":"","ping_status":"","sticky":false,"template":"","format":"standard","meta":{"footnotes":""},"categories":[170],"tags":[146,147,25,24,6706,184,185,23,39389],"class_list":{"0":"post-118319","1":"post","2":"type-post","3":"status-publish","4":"format-standard","5":"has-post-thumbnail","7":"category-musica","8":"tag-entertainment","9":"tag-entretenimiento","10":"tag-es","11":"tag-espana","12":"tag-fito-paez","13":"tag-music","14":"tag-musica","15":"tag-spain","16":"tag-tiny-desk-concert"},"share_on_mastodon":{"url":"","error":""},"_links":{"self":[{"href":"https:\/\/www.europesays.com\/es\/wp-json\/wp\/v2\/posts\/118319","targetHints":{"allow":["GET"]}}],"collection":[{"href":"https:\/\/www.europesays.com\/es\/wp-json\/wp\/v2\/posts"}],"about":[{"href":"https:\/\/www.europesays.com\/es\/wp-json\/wp\/v2\/types\/post"}],"author":[{"embeddable":true,"href":"https:\/\/www.europesays.com\/es\/wp-json\/wp\/v2\/users\/2"}],"replies":[{"embeddable":true,"href":"https:\/\/www.europesays.com\/es\/wp-json\/wp\/v2\/comments?post=118319"}],"version-history":[{"count":0,"href":"https:\/\/www.europesays.com\/es\/wp-json\/wp\/v2\/posts\/118319\/revisions"}],"wp:featuredmedia":[{"embeddable":true,"href":"https:\/\/www.europesays.com\/es\/wp-json\/wp\/v2\/media\/118320"}],"wp:attachment":[{"href":"https:\/\/www.europesays.com\/es\/wp-json\/wp\/v2\/media?parent=118319"}],"wp:term":[{"taxonomy":"category","embeddable":true,"href":"https:\/\/www.europesays.com\/es\/wp-json\/wp\/v2\/categories?post=118319"},{"taxonomy":"post_tag","embeddable":true,"href":"https:\/\/www.europesays.com\/es\/wp-json\/wp\/v2\/tags?post=118319"}],"curies":[{"name":"wp","href":"https:\/\/api.w.org\/{rel}","templated":true}]}}