{"id":118327,"date":"2025-09-16T08:10:09","date_gmt":"2025-09-16T08:10:09","guid":{"rendered":"https:\/\/www.europesays.com\/es\/118327\/"},"modified":"2025-09-16T08:10:09","modified_gmt":"2025-09-16T08:10:09","slug":"el-ibex-35-pierde-fuelle-en-una-jornada-de-transicion-ante-la-reunion-de-la-fed","status":"publish","type":"post","link":"https:\/\/www.europesays.com\/es\/118327\/","title":{"rendered":"El IBEX 35 pierde fuelle en una jornada de transici\u00f3n ante la reuni\u00f3n de la Fed"},"content":{"rendered":"\n<p class=\"yf-1090901\">16 sep (Reuters) &#8211; La toma de beneficios cortaba en la apertura del martes la tendencia alcista del \u00edndice burs\u00e1til espa\u00f1ol IBEX 35 en las \u00faltimas sesiones, en una jornada de transici\u00f3n mientras el mercado aguarda las decisiones de la Reserva Federal (Fed) el mi\u00e9rcoles.<\/p>\n<p class=\"yf-1090901\">El mercado da por descontado un recorte de tipos de al menos 25 puntos b\u00e1sicos, con una peque\u00f1a probabilidad de que la reducci\u00f3n sea de 50, pero la atenci\u00f3n ya est\u00e1 en los siguientes pasos del banco central estadounidense, con la expectativa de que contin\u00fae en la senda de la flexibilizaci\u00f3n monetaria.<\/p>\n<p class=\"yf-1090901\">Seg\u00fan los futuros de tipos en la herramienta IRPR de LSEG, se esperan rebajas de hasta 67 puntos b\u00e1sicos en lo que queda de a\u00f1o y 81 puntos para finales de enero.<\/p>\n<p class=\"yf-1090901\">La decisi\u00f3n de la Fed llegar\u00e1 en un contexto de presiones de <a href=\"https:\/\/www.yahoo.com\/people\/donald-trump\/\" data-ylk=\"slk:Donald Trump;elm:context_link;itc:0;sec:content-canvas\" class=\"link \" rel=\"nofollow noopener\" target=\"_blank\">Donald Trump<\/a> para que se abarate el coste de los pr\u00e9stamos. El lunes el presidente estadounidense pidi\u00f3 en redes sociales al m\u00e1ximo dirigente de la Reserva Federal, Jerome Powell, que aplique un recorte \u00abmayor\u00bb de los tipos y apunt\u00f3 al mercado inmobiliario.<\/p>\n<p class=\"yf-1090901\">La independencia de la Fed se encuentra de nuevo en el punto de mira, despu\u00e9s de que un tribunal de apelaciones de Estados Unidos rechazara el intento de Trump de despedir a la gobernadora de la Fed Lisa Cook. Por otra parte, el Senado de Estados Unidos confirm\u00f3 el nombramiento para la Junta de Gobernadores del banco a Stephen Miran, al que el mercado considera m\u00e1s cercano a los intereses del presidente de Estados Unidos.<\/p>\n<p class=\"yf-1090901\">\u00ab(&#8230;) si Miran completa el proceso legal a tiempo para incorporarse a la reuni\u00f3n de la Fed hoy y ma\u00f1ana, Trump gana otro puesto de los 12 consejeros (que ahora son 11) que votan (&#8230;). Para liarlo a\u00fan m\u00e1s, Miran dice que no dejar\u00e1 de ser asesor econ\u00f3mico de Trump aunque est\u00e9 en la Fed, siendo la primera vez que un empleado de una administraci\u00f3n en ejercicio asume simult\u00e1neamente el puesto de consejero de la Fed\u00bb, dicen analistas de Bankinter en su canal de Telegram.<\/p>\n<p class=\"yf-1090901\">\u00abLa independencia de la Fed est\u00e1 en entredicho y esto se pondr\u00e1 cada vez m\u00e1s interesante\u00bb, a\u00f1aden.<\/p>\n<p class=\"yf-1090901\">Por otra parte, dirigentes estadounidenses y chinos anunciaron el lunes que han alcanzado un acuerdo marco para transferir la propiedad de la aplicaci\u00f3n de v\u00eddeos cortos TikTok a manos estadounidenses, lo que se confirmar\u00e1 en una llamada telef\u00f3nica el viernes entre Trump y el presidente chino Xi Jinping.<\/p>\n<p class=\"yf-1090901\">El acuerdo sobre la popular aplicaci\u00f3n de redes sociales, que cuenta con 170 millones de usuarios en Estados Unidos, supone un avance en las conversaciones que han mantenido durante meses la primera y la segunda econom\u00eda del mundo, que tienen como objetivo desactivar una guerra comercial que ha causado turbulencias en los mercados globales.<\/p>\n<p> Story Continues  <\/p>\n<p class=\"yf-1090901\">Durante la jornada del martes, la atenci\u00f3n en el frente macroecon\u00f3mico estar\u00e1 en el sondeo sobre confianza econ\u00f3mica del instituto ZEW en Alemania (0900 GMT), y los datos de precios de importaci\u00f3n, ventas minoristas (ambos a las 1230 GMT) y producci\u00f3n industrial (1315 GMT) en Estados Unidos.<\/p>\n<p class=\"yf-1090901\">A las 0715 GMT del martes, el selectivo burs\u00e1til espa\u00f1ol IBEX 35 ca\u00eda 97,30 puntos, un 0,63%, hasta 15.297,80 puntos, mientras que el \u00edndice de grandes valores europeos FTSE Eurofirst 300 retroced\u00eda un 0,21%.<\/p>\n<p class=\"yf-1090901\">Entre los valores individuales, el grupo de energ\u00edas e infraestructuras Acciona era de los m\u00e1s castigados de la sesi\u00f3n, con un recorte de m\u00e1s del 2%, tras recibir un recorte en la recomendaci\u00f3n de Citi.<\/p>\n<p class=\"yf-1090901\">En el sector bancario, Santander perd\u00eda un 1,14%, BBVA retroced\u00eda un 1,28%, Caixabank ced\u00eda un 1,39%, Sabadell ca\u00eda un 1,11%, Bankinter se dejaba un 1,09% y Unicaja Banco perd\u00eda un 1,40%.<\/p>\n<p class=\"yf-1090901\">Entre los grandes valores no financieros, Telef\u00f3nica retroced\u00eda un 0,70%, Inditex ced\u00eda un 0,28%, Iberdrola se dejaba un 0,44%, Cellnex ca\u00eda un 0,27% y la petrolera Repsol perd\u00eda un 0,31%.<\/p>\n<p class=\"yf-1090901\">(Informaci\u00f3n de Tom\u00e1s Cobos e Irene Mart\u00ednez; edici\u00f3n de Mar\u00eda Bayarri C\u00e1rdenas)<\/p>\n","protected":false},"excerpt":{"rendered":"16 sep (Reuters) &#8211; La toma de beneficios cortaba en la apertura del martes la tendencia alcista del&hellip;\n","protected":false},"author":2,"featured_media":118328,"comment_status":"","ping_status":"","sticky":false,"template":"","format":"standard","meta":{"footnotes":""},"categories":[80],"tags":[39391,82,352,95,94,25,24,629,939,1843,23,16800,39392],"class_list":{"0":"post-118327","1":"post","2":"type-post","3":"status-publish","4":"format-standard","5":"has-post-thumbnail","7":"category-economia","8":"tag-aplicacion-de-redes","9":"tag-business","10":"tag-donald-trump","11":"tag-economia","12":"tag-economy","13":"tag-es","14":"tag-espana","15":"tag-estados-unidos","16":"tag-fed","17":"tag-reserva-federal","18":"tag-spain","19":"tag-stephen-miran","20":"tag-tribunal-de-apelaciones"},"share_on_mastodon":{"url":"","error":""},"_links":{"self":[{"href":"https:\/\/www.europesays.com\/es\/wp-json\/wp\/v2\/posts\/118327","targetHints":{"allow":["GET"]}}],"collection":[{"href":"https:\/\/www.europesays.com\/es\/wp-json\/wp\/v2\/posts"}],"about":[{"href":"https:\/\/www.europesays.com\/es\/wp-json\/wp\/v2\/types\/post"}],"author":[{"embeddable":true,"href":"https:\/\/www.europesays.com\/es\/wp-json\/wp\/v2\/users\/2"}],"replies":[{"embeddable":true,"href":"https:\/\/www.europesays.com\/es\/wp-json\/wp\/v2\/comments?post=118327"}],"version-history":[{"count":0,"href":"https:\/\/www.europesays.com\/es\/wp-json\/wp\/v2\/posts\/118327\/revisions"}],"wp:featuredmedia":[{"embeddable":true,"href":"https:\/\/www.europesays.com\/es\/wp-json\/wp\/v2\/media\/118328"}],"wp:attachment":[{"href":"https:\/\/www.europesays.com\/es\/wp-json\/wp\/v2\/media?parent=118327"}],"wp:term":[{"taxonomy":"category","embeddable":true,"href":"https:\/\/www.europesays.com\/es\/wp-json\/wp\/v2\/categories?post=118327"},{"taxonomy":"post_tag","embeddable":true,"href":"https:\/\/www.europesays.com\/es\/wp-json\/wp\/v2\/tags?post=118327"}],"curies":[{"name":"wp","href":"https:\/\/api.w.org\/{rel}","templated":true}]}}