{"id":118333,"date":"2025-09-16T08:13:08","date_gmt":"2025-09-16T08:13:08","guid":{"rendered":"https:\/\/www.europesays.com\/es\/118333\/"},"modified":"2025-09-16T08:13:08","modified_gmt":"2025-09-16T08:13:08","slug":"desarrollo-economico-economia-e-industria","status":"publish","type":"post","link":"https:\/\/www.europesays.com\/es\/118333\/","title":{"rendered":"Desarrollo Econ\u00f3mico, Econom\u00eda e Industria"},"content":{"rendered":"<p>\tAbierto el plazo de presentaci\u00f3n de\u00a0solicitudes<\/p>\n<p>La delegaci\u00f3n de Desarrollo Econ\u00f3mico e Industria abre el plazo de presentaci\u00f3n de solicitudes para la tercera convocatoria de ayudas destinadas a promover la modernizaci\u00f3n digital y la mejora de la competitividad de las organizaciones de identidad empresarial y comercial de Alcal\u00e1 de Guada\u00edra.<\/p>\n<p>Plazo de solicitud abierto del 17 de septiembre al 16 de octubre inclusive. 2025<\/p>\n<p>\u00a0<\/p>\n<p><a href=\"https:\/\/www.alcaladeguadaira.es\/contenidos\/web\/1\/569-bases-reguladoras-modificadas-subvenciones-modernizacion-digital-y-mejora-de-la-competitividad-organizaciones.pdf\" data-ext=\"pdf\" data-name=\"bases-reguladoras-modificadas-subvenciones-modernizacion-digital-y-mejora-de-la-competitividad-organizaciones.pdf\" target=\"_blank\" rel=\"nofollow noopener\">Bases reguladoras modificadas subvenciones modernizaci\u00f3n digital y mejora de la competitividad organizaciones.pdf<\/a><\/p>\n<p><a href=\"https:\/\/www.alcaladeguadaira.es\/contenidos\/web\/1\/569-tercera-convocatoria-subvenciones-modernizacion-digital-organizaciones-2025.pdf\" data-ext=\"pdf\" data-name=\"tercera-convocatoria-subvenciones-modernizacion-digital-organizaciones-2025.pdf\" target=\"_blank\" rel=\"nofollow noopener\">Tercera convocatoria subvenciones modernizaci\u00f3n digital organizaciones 2025<\/a><\/p>\n<p>Procedimiento de solicitud de subvenci\u00f3n<\/p>\n<p>1.\u00a0\u00a0Debes rellenar el <strong>formulario de solicitud de subvenci\u00f3n (anexo I) y acompa\u00f1ar la documentaci\u00f3n<\/strong> que se indica en la convocatoria.\n    <\/p>\n<p><a href=\"https:\/\/www.alcaladeguadaira.es\/contenidos\/web\/1\/569-20250129_anexo-i.-solicitud-tercera-convocatoria-de-subvenciones-a-organizaciones.pdf\" data-ext=\"pdf\" data-name=\"20250129_anexo-i.-solicitud-tercera-convocatoria-de-subvenciones-a-organizaciones.pdf\" target=\"_blank\" rel=\"nofollow noopener\">Anexo I. Solicitud tercera convocatoria de subvenciones a organizaciones<\/a><\/p>\n<p>\n2.\u00a0 Las entidades podr\u00e1n\u00a0<strong>adem\u00e1s solicitar un anticipo del 75% de la subvenci\u00f3n<\/strong> del proyecto aprobado, aportando el siguiente modelo:\n    <\/p>\n<p><a href=\"https:\/\/www.alcaladeguadaira.es\/contenidos\/web\/1\/569-20250129_anexo-ii.-solicitud-anticipo-de-pago-subvenciones-a-organizaciones.pdf\" data-ext=\"pdf\" data-name=\"20250129_anexo-ii.-solicitud-anticipo-de-pago-subvenciones-a-organizaciones.pdf\" target=\"_blank\" rel=\"nofollow noopener\">Anexo II. Solicitud anticipo de pago subvenciones a organizaciones<\/a><\/p>\n<p>3.\u00a0 <strong>Una vez cumplimentados los formularios<\/strong><strong>, aseg\u00farate de firmarlos electr\u00f3nicamente<\/strong> y de recopilar el resto de documentaci\u00f3n obligatoria referida en la convocatoria (documento\/s de identificaci\u00f3n, certificado de n\u00famero de socios, memoria de actuaciones y memoria econ\u00f3mica).<\/p>\n<p>4.\u00a0 Luego deber\u00e1s<strong> remitir los documentos a trav\u00e9s del <\/strong><a href=\"https:\/\/ciudadalcala.sedelectronica.es\/catalog\/tw\/5161fa8d-970e-4b48-a506-b2ac34ceafe5\" target=\"_blank\" rel=\"nofollow noopener\"><strong>tr\u00e1mite de Instancia general disponible en la Sede electr\u00f3nica<\/strong><\/a>  del Ayuntamiento, al que podr\u00e1s acceder identific\u00e1ndote con certificado  electr\u00f3nico, sistema cl@ve o alguno de los medios de identificaci\u00f3n  previstos en el art\u00edculo 9 de la Ley 39\/2015, de 1 de octubre.<\/p>\n<p>5. Por supuesto, <strong>si deseas resolver dudas u obtener asistencia<\/strong> acerca del proceso de solicitud, te atendemos a trav\u00e9s del correo electr\u00f3nico <strong>laprocesadora@alcalaguadaira.org<\/strong>, o en el tel\u00e9fono <strong>619 908 289<\/strong>. Estamos aqu\u00ed para ayudarte.<\/p>\n","protected":false},"excerpt":{"rendered":"Abierto el plazo de presentaci\u00f3n de\u00a0solicitudes La delegaci\u00f3n de Desarrollo Econ\u00f3mico e Industria abre el plazo de presentaci\u00f3n&hellip;\n","protected":false},"author":2,"featured_media":118334,"comment_status":"","ping_status":"","sticky":false,"template":"","format":"standard","meta":{"footnotes":""},"categories":[5],"tags":[24471,24470,24478,24469,1250,17,18,777,209,24474,168,24489,2026,24491,24480,25,24,13,14,24488,24487,24490,24492,24473,11,2178,3624,15235,891,6850,19,20,6688,24483,24054,24497,4044,24493,9,10,15,16,24477,24482,24415,24472,12365,24496,1922,24485,24481,24479,24475,24484,19497,24486,1171,23,24494,12,24476,4664,21,22,24495],"class_list":{"0":"post-118333","1":"post","2":"type-post","3":"status-publish","4":"format-standard","5":"has-post-thumbnail","7":"category-titulares","8":"tag-accesibilidad","9":"tag-administracion-electronica","10":"tag-agenda-de-actividades","11":"tag-alcala-de-guadaira","12":"tag-ayuntamiento","13":"tag-breaking-news","14":"tag-breakingnews","15":"tag-ciudad","16":"tag-cultura","17":"tag-datos-abiertos","18":"tag-deportes","19":"tag-desarrollo-economico","20":"tag-educacion","21":"tag-edusi","22":"tag-equipamientos","23":"tag-es","24":"tag-espana","25":"tag-featured-news","26":"tag-featurednews","27":"tag-feria-de-alcala","28":"tag-fiestas-mayores","29":"tag-formacion-y-empleo","30":"tag-gestion-tributaria","31":"tag-gobierno-abierto","32":"tag-headlines","33":"tag-igualdad","34":"tag-infancia","35":"tag-infraestructura","36":"tag-inmigrantes","37":"tag-juventud","38":"tag-latest-news","39":"tag-latestnews","40":"tag-medio-ambiente","41":"tag-molinos","42":"tag-movilidad-urbana","43":"tag-movilidad-y-transporte","44":"tag-mujeres","45":"tag-museo-de-alcala","46":"tag-news","47":"tag-noticias","48":"tag-noticias-destacadas","49":"tag-noticiasdestacadas","50":"tag-oferta-de-empleo","51":"tag-oromana","52":"tag-participacion-ciudadana","53":"tag-personas-con-discapacidad","54":"tag-personas-mayores","55":"tag-punto-limpio","56":"tag-redes-sociales","57":"tag-secretaria","58":"tag-sede-electronica","59":"tag-servicio-de-quejas-y-sugerencias","60":"tag-servicios-destacados","61":"tag-servicios-municipales","62":"tag-servicios-sociales","63":"tag-servicios-urbanos","64":"tag-sevilla","65":"tag-spain","66":"tag-teatro-auditorio-riberas-del-guadaira","67":"tag-titulares","68":"tag-tramites-y-servicios","69":"tag-turismo","70":"tag-ultimas-noticias","71":"tag-ultimasnoticias","72":"tag-universidad-popular"},"share_on_mastodon":{"url":"","error":""},"_links":{"self":[{"href":"https:\/\/www.europesays.com\/es\/wp-json\/wp\/v2\/posts\/118333","targetHints":{"allow":["GET"]}}],"collection":[{"href":"https:\/\/www.europesays.com\/es\/wp-json\/wp\/v2\/posts"}],"about":[{"href":"https:\/\/www.europesays.com\/es\/wp-json\/wp\/v2\/types\/post"}],"author":[{"embeddable":true,"href":"https:\/\/www.europesays.com\/es\/wp-json\/wp\/v2\/users\/2"}],"replies":[{"embeddable":true,"href":"https:\/\/www.europesays.com\/es\/wp-json\/wp\/v2\/comments?post=118333"}],"version-history":[{"count":0,"href":"https:\/\/www.europesays.com\/es\/wp-json\/wp\/v2\/posts\/118333\/revisions"}],"wp:featuredmedia":[{"embeddable":true,"href":"https:\/\/www.europesays.com\/es\/wp-json\/wp\/v2\/media\/118334"}],"wp:attachment":[{"href":"https:\/\/www.europesays.com\/es\/wp-json\/wp\/v2\/media?parent=118333"}],"wp:term":[{"taxonomy":"category","embeddable":true,"href":"https:\/\/www.europesays.com\/es\/wp-json\/wp\/v2\/categories?post=118333"},{"taxonomy":"post_tag","embeddable":true,"href":"https:\/\/www.europesays.com\/es\/wp-json\/wp\/v2\/tags?post=118333"}],"curies":[{"name":"wp","href":"https:\/\/api.w.org\/{rel}","templated":true}]}}