{"id":118335,"date":"2025-09-16T08:15:08","date_gmt":"2025-09-16T08:15:08","guid":{"rendered":"https:\/\/www.europesays.com\/es\/118335\/"},"modified":"2025-09-16T08:15:08","modified_gmt":"2025-09-16T08:15:08","slug":"el-novillero-joao-dalva-dado-de-alta","status":"publish","type":"post","link":"https:\/\/www.europesays.com\/es\/118335\/","title":{"rendered":"El novillero Joao d\u00b4Alva, dado de alta"},"content":{"rendered":"<p>El novillero <strong>Joao d\u00b4Alva<\/strong> ha sido dado de alta y ya se encuentra en su domicilio para continuar con su recuperaci\u00f3n y empezar la rehabilitaci\u00f3n de la muy grave cornada sufrida el pasado 10 septiembre por un novillo de <strong>Cuadri<\/strong> en <strong>Villaseca de la Sagra<\/strong>.<\/p>\n<p>El joven espada portugu\u00e9s sufri\u00f3 una herida de dos trayectorias de 10 cm de profundidad y 20 cm de extensi\u00f3n con orificio de entrada y salida. Adem\u00e1s, el TAC que que se le realiz\u00f3 posteriormente en el Hospital de Toledo revel\u00f3 que tambi\u00e9n sufr\u00eda la factura de la v\u00e9rtebra L2 de la zona lumbar, por lo que har\u00e1 m\u00e1s costosa su recuperaci\u00f3n.<\/p>\n","protected":false},"excerpt":{"rendered":"El novillero Joao d\u00b4Alva ha sido dado de alta y ya se encuentra en su domicilio para continuar&hellip;\n","protected":false},"author":2,"featured_media":118336,"comment_status":"","ping_status":"","sticky":false,"template":"","format":"standard","meta":{"footnotes":""},"categories":[277],"tags":[45,373,168,5401,25,24,4732,23,167,374,9519],"class_list":{"0":"post-118335","1":"post","2":"type-post","3":"status-publish","4":"format-standard","5":"has-post-thumbnail","7":"category-toreo","8":"tag-45","9":"tag-bullfighting","10":"tag-deportes","11":"tag-enfermeria","12":"tag-es","13":"tag-espana","14":"tag-joao-dalva","15":"tag-spain","16":"tag-sports","17":"tag-toreo","18":"tag-villaseca-de-la-sagra"},"share_on_mastodon":{"url":"","error":""},"_links":{"self":[{"href":"https:\/\/www.europesays.com\/es\/wp-json\/wp\/v2\/posts\/118335","targetHints":{"allow":["GET"]}}],"collection":[{"href":"https:\/\/www.europesays.com\/es\/wp-json\/wp\/v2\/posts"}],"about":[{"href":"https:\/\/www.europesays.com\/es\/wp-json\/wp\/v2\/types\/post"}],"author":[{"embeddable":true,"href":"https:\/\/www.europesays.com\/es\/wp-json\/wp\/v2\/users\/2"}],"replies":[{"embeddable":true,"href":"https:\/\/www.europesays.com\/es\/wp-json\/wp\/v2\/comments?post=118335"}],"version-history":[{"count":0,"href":"https:\/\/www.europesays.com\/es\/wp-json\/wp\/v2\/posts\/118335\/revisions"}],"wp:featuredmedia":[{"embeddable":true,"href":"https:\/\/www.europesays.com\/es\/wp-json\/wp\/v2\/media\/118336"}],"wp:attachment":[{"href":"https:\/\/www.europesays.com\/es\/wp-json\/wp\/v2\/media?parent=118335"}],"wp:term":[{"taxonomy":"category","embeddable":true,"href":"https:\/\/www.europesays.com\/es\/wp-json\/wp\/v2\/categories?post=118335"},{"taxonomy":"post_tag","embeddable":true,"href":"https:\/\/www.europesays.com\/es\/wp-json\/wp\/v2\/tags?post=118335"}],"curies":[{"name":"wp","href":"https:\/\/api.w.org\/{rel}","templated":true}]}}