{"id":118350,"date":"2025-09-16T08:26:10","date_gmt":"2025-09-16T08:26:10","guid":{"rendered":"https:\/\/www.europesays.com\/es\/118350\/"},"modified":"2025-09-16T08:26:10","modified_gmt":"2025-09-16T08:26:10","slug":"directo-al-grano-11-1-llega-con-fuerza-a-la-tarde-y-completa-un-buen-dia-para-los-programas-de-actualidad-de-la-1-de-rtve","status":"publish","type":"post","link":"https:\/\/www.europesays.com\/es\/118350\/","title":{"rendered":"&#8216;Directo al grano&#8217; (11.1%) llega con fuerza a la tarde y completa un buen d\u00eda para los programas de actualidad de La 1 de RTVE"},"content":{"rendered":"<p class=\"article-text\">\n        <strong>Directo al grano<\/strong>, el nuevo magac\u00edn para las tardes de <strong>La 1<\/strong>, comienza con buen pie su andadura en la sobremesa del canal. El programa presentado por <strong>Gonzalo Mir\u00f3<\/strong> y <strong>Marta Flich<\/strong> promedia en su estreno un <strong>11.1% de cuota y 956.000 espectadores<\/strong> (de 15:54 a 17:36 horas), por lo que mejora significativamente a su predecesor, el primer tramo de Malas lenguas, que ven\u00eda movi\u00e9ndose en torno al 9% y alcanzando alg\u00fan pico puntual por encima del 10%.\n    <\/p>\n<p>    <a href=\"https:\/\/www.eldiario.es\/audiencias-tv\/lunes-15-septiembre-2025-el-hormiguero-lidera-la-revuelta-despues-masterchef-lleva-repartido-prime-time_1_12605618.html\" data-mrf-recirculation=\"saber-mas\" data-dl-event=\"saber-mas\" rel=\"nofollow noopener\" target=\"_blank\"><\/p>\n<p class=\"know-more__title\">M\u00c1S AUDIENCIAS | &#8216;El Hormiguero&#8217; (14%) lidera ante &#8216;La Revuelta&#8217; (12.6%) y despu\u00e9s &#8216;MasterChef&#8217; (13.5%) se lleva un repartido prime time<\/p>\n<p>            <img decoding=\"async\" class=\"lazy\" loading=\"lazy\" data-src=\"https:\/\/static.eldiario.es\/clip\/7fdf7752-706e-4074-b206-dd50fd90e8d0_16-9-aspect-ratio_default_0.jpg\" src=\"data:image\/svg+xml,%3Csvg xmlns=\" http:=\"\" viewbox=\"0 0 880 495\" alt=\"'El Hormiguero' (14%) lidera ante 'La Revuelta' (12.6%) y despu\u00e9s 'MasterChef' (13.5%) se lleva un repartido prime time\"\/><\/p>\n<p>                        <\/a><\/p>\n<p class=\"article-text\">\n        Directo al grano debuta con un 11.1%, cifra que de momento le vale para ser la segunda opci\u00f3n de su franja. Por delante solo tiene a <strong>Antena 3<\/strong> (12.9%), que le aventaja en 1.8 puntos espoleada por <strong>Sue\u00f1os de libertad<\/strong>, que no solo no baja por la llegada de su nuevo rival, sino que lidera un d\u00eda m\u00e1s con autoridad la sobremesa (14% y 1.249.000). Por detr\u00e1s encontramos a <strong>El tiempo justo<\/strong>, que abre con un discreto dato su segunda semana en <strong>Telecinco<\/strong> (8.6% y 705.000, su peor cuota hasta la fecha). Mejor responde a la llegada de la nueva competencia <strong>Todo es mentira<\/strong>, el antiguo programa de Marta Flich, que firma su segundo share de lo que llevamos de curso en <strong>Cuatro<\/strong> (7.1% y 592.000).\n    <\/p>\n<p class=\"article-text\">\n        <strong>Audiencias en la franja de &#8216;Directo al grano&#8217; (de 15:54 a 17:36h):<\/strong>\n    <\/p>\n<ul>\n<li>Antena 3 (Sue\u00f1os de libertad + Y ahora Sonsoles): 12.9% y 1.111.000<\/li>\n<li>Directo al grano: 11.1% y 956.000<\/li>\n<li>El tiempo justo: 8.3% y 714.000<\/li>\n<\/ul>\n<p class=\"article-text\">\n        El buen debut de Directo al grano corona un d\u00eda muy positivo para los programas de actualidad de La 1. La cadena p\u00fablica arranca muy bien la jornada con <strong>La hora de La 1<\/strong> (19.6%), que lidera su franja y alcanza picos del 21% durante la entrevista de <strong>Silvia Intxaurrondo<\/strong> al ministro Pablo Bustinduy. A continuaci\u00f3n, el primer bloque de <strong>Ma\u00f1aneros 360<\/strong> obtiene su segundo mejor dato del a\u00f1o (16.8%), mientras que el segundo cumple con un 10.7%. Y despu\u00e9s de Directo al grano, <strong>Malas lenguas<\/strong> (9.6%), aun siendo la \u00fanica oferta de La 1 que no llega al doble d\u00edgito, firma uno de los mejores datos obtenidos en el \u00faltimo a\u00f1o por la p\u00fablica en su franja maldita, la de 19:30 a 20:30h, donde lleva m\u00e1s de un a\u00f1o sufriendo en audiencias.\n    <\/p>\n<p class=\"article-text\">\n        Gracias a cifras como estas, La 1 acaba el lunes con un <strong>12.7% de cuota<\/strong>, a 1.8 puntos de Antena 3 (14.5%) pero cuatro por encima de Telecinco (8.7%). De hecho, la buena jornada de la cadena p\u00fablica hace que Directo al grano, aun teniendo un 11.1% y siendo la segunda opci\u00f3n de su franja, se queda m\u00e1s de un punto por debajo de la media del canal. Un canal, el primero de RTVE, que cierra la primera mitad de septiembre con un 11.8%, dato que tambi\u00e9n lo sit\u00faa por detr\u00e1s del canal de Atresmedia (13.2%), pero que, en caso de mantenerlo hasta el final del mes, firmar\u00eda con \u00e9l su mejor inicio de curso desde 2011 y su mejor mes desde 2012 quitando aquellos en los que emiti\u00f3 grandes eventos deportivos (JJOO, Eurocopa y Mundial de f\u00fatbol).\n    <\/p>\n<ul>\n<li><strong>PROGRAMAS CON MEJOR CUOTA DEL LUNES (POR CADENAS)<\/strong><\/li>\n<\/ul>\n<tr>\n<td colspan=\"2\" class=\"                                                \">\n                    <strong>                    Antena 3:<br \/>\n                    <\/strong>                <\/td>\n<td class=\"                                                \">\n                                        Pasapalabra\n                                    <\/td>\n<td class=\"new_share__tbl--5                                                \">\n                                        22%\n                                    <\/td>\n<\/tr>\n<tr>\n<td colspan=\"2\" class=\"                                                \">\n                    <strong>                    La 1:<br \/>\n                    <\/strong>                <\/td>\n<td class=\"                                                \">\n                                        La hora de La 1\n                                    <\/td>\n<td class=\"new_share__tbl--5                                                \">\n                                        19.6%\n                                    <\/td>\n<\/tr>\n<tr>\n<td colspan=\"2\" class=\"                                                \">\n                    <strong>                    laSexta:<br \/>\n                    <\/strong>                <\/td>\n<td class=\"                                                \">\n                                        Aruser@s\n                                    <\/td>\n<td class=\"new_share__tbl--5                                                \">\n                                        14.3%\n                                    <\/td>\n<\/tr>\n<tr>\n<td colspan=\"2\" class=\"                                                \">\n                    <strong>                    Telecinco:<br \/>\n                    <\/strong>                <\/td>\n<td class=\"                                                \">\n                                        El programa de Ana Rosa\n                                    <\/td>\n<td class=\"new_share__tbl--5                                                \">\n                                        12.4%\n                                    <\/td>\n<\/tr>\n<tr>\n<td colspan=\"2\" class=\"                                                \">\n                    <strong>                    Cuatro:<br \/>\n                    <\/strong>                <\/td>\n<td class=\"                                                \">\n                                        First dates\n                                    <\/td>\n<td class=\"new_share__tbl--5                                                \">\n                                        7.8%\n                                    <\/td>\n<\/tr>\n<tr>\n<td colspan=\"2\" class=\"                                                \">\n                    <strong>                    La 2:<br \/>\n                    <\/strong>                <\/td>\n<td class=\"                                                \">\n                                        Cifras y letras\n                                    <\/td>\n<td class=\"new_share__tbl--5                                                \">\n                                        6.2%\n                                    <\/td>\n<\/tr>\n<tr>\n<td colspan=\"2\" class=\"                                                \">\n                    <strong>                    Informativo con mejor share:<br \/>\n                    <\/strong>                <\/td>\n<td class=\"                                                \">\n                                        Antena 3 Noticias 1\n                                    <\/td>\n<td class=\"new_share__tbl--5                                                \">\n                                        24.2%\n                                    <\/td>\n<\/tr>\n<p class=\"article-text\">\n        *Programas emitidos entre las 09:00 y las 01:00 horas\n    <\/p>\n<p class=\"article-text\">\n        \u201cPasapalabra\u201d (Antena 3), a las 21:01 con 2.689.930 espectadores y un 27.9% de share\n    <\/p>\n<p>    D\u00eda<\/p>\n<tr>\n<td class=\"                                                \">\n                                        Antena 3\n                                    <\/td>\n<td class=\"new_share__tbl--5                                                \">\n                                        14.5%\n                                    <\/td>\n<\/tr>\n<tr>\n<td class=\"                                                \">\n                                        La 1\n                                    <\/td>\n<td class=\"new_share__tbl--5                                                \">\n                                        12.7%\n                                    <\/td>\n<\/tr>\n<tr>\n<td class=\"                                                \">\n                                        Tem\u00e1ticas de pago\n                                    <\/td>\n<td class=\"new_share__tbl--5                                                \">\n                                        9.9%\n                                    <\/td>\n<\/tr>\n<tr>\n<td class=\"                                                \">\n                                        Telecinco\n                                    <\/td>\n<td class=\"new_share__tbl--5                                                \">\n                                        8.7%\n                                    <\/td>\n<\/tr>\n<tr>\n<td class=\"                                                \">\n                                        Auton\u00f3micas (FORTA)\n                                    <\/td>\n<td class=\"new_share__tbl--5                                                \">\n                                        8.3%\n                                    <\/td>\n<\/tr>\n<tr>\n<td class=\"                                                \">\n                                        laSexta\n                                    <\/td>\n<td class=\"new_share__tbl--5                                                \">\n                                        6.6%\n                                    <\/td>\n<\/tr>\n<tr>\n<td class=\"                                                \">\n                                        Cuatro\n                                    <\/td>\n<td class=\"new_share__tbl--5                                                \">\n                                        5.6%\n                                    <\/td>\n<\/tr>\n<tr>\n<td class=\"                                                \">\n                                        La 2\n                                    <\/td>\n<td class=\"new_share__tbl--5                                                \">\n                                        3.2%\n                                    <\/td>\n<\/tr>\n<tr>\n<td class=\"                                                \">\n                                        Auton\u00f3micas privadas\n                                    <\/td>\n<td class=\"new_share__tbl--5                                                \">\n                                        0.2%\n                                    <\/td>\n<\/tr>\n<p>    Mes<\/p>\n<tr>\n<td class=\"                                                \">\n                                        Antena 3\n                                    <\/td>\n<td class=\"new_share__tbl--5                                                \">\n                                        13.2%\n                                    <\/td>\n<\/tr>\n<tr>\n<td class=\"                                                \">\n                                        La 1\n                                    <\/td>\n<td class=\"new_share__tbl--5                                                \">\n                                        11.8%\n                                    <\/td>\n<\/tr>\n<tr>\n<td class=\"                                                \">\n                                        Tem\u00e1ticas de pago\n                                    <\/td>\n<td class=\"new_share__tbl--5                                                \">\n                                        11.2%\n                                    <\/td>\n<\/tr>\n<tr>\n<td class=\"                                                \">\n                                        Telecinco\n                                    <\/td>\n<td class=\"new_share__tbl--5                                                \">\n                                        9.1%\n                                    <\/td>\n<\/tr>\n<tr>\n<td class=\"                                                \">\n                                        Auton\u00f3micas (FORTA)\n                                    <\/td>\n<td class=\"new_share__tbl--5                                                \">\n                                        8.4%\n                                    <\/td>\n<\/tr>\n<tr>\n<td class=\"                                                \">\n                                        laSexta\n                                    <\/td>\n<td class=\"new_share__tbl--5                                                \">\n                                        6%\n                                    <\/td>\n<\/tr>\n<tr>\n<td class=\"                                                \">\n                                        Cuatro\n                                    <\/td>\n<td class=\"new_share__tbl--5                                                \">\n                                        5.5%\n                                    <\/td>\n<\/tr>\n<tr>\n<td class=\"                                                \">\n                                        La 2\n                                    <\/td>\n<td class=\"new_share__tbl--5                                                \">\n                                        3.1%\n                                    <\/td>\n<\/tr>\n<tr>\n<td class=\"                                                \">\n                                        Auton\u00f3micas privadas\n                                    <\/td>\n<td class=\"new_share__tbl--5                                                \">\n                                        0.3%\n                                    <\/td>\n<\/tr>\n<p class=\"article-text\">\n        <strong>SOBREMESA<\/strong>\n    <\/p>\n<tr>\n<td class=\"                                                \">\n                                        Antena 3 Noticias 1\n                                    <\/td>\n<td class=\"new_share__tbl--5                                                \">\n                                        24.2%\n                                    <\/td>\n<td class=\"                        new_share__tbl--10                        \">\n                                        2.234.000\n                                    <\/td>\n<\/tr>\n<tr>\n<td class=\"                                                \">\n                                        Telediario 1\n                                    <\/td>\n<td class=\"new_share__tbl--5                                                \">\n                                        13.8%\n                                    <\/td>\n<td class=\"                        new_share__tbl--10                        \">\n                                        1.276.000\n                                    <\/td>\n<\/tr>\n<tr>\n<td class=\"                                                \">\n                                        Informativos Telecinco 15h\n                                    <\/td>\n<td class=\"new_share__tbl--5                                                \">\n                                        9%\n                                    <\/td>\n<td class=\"                        new_share__tbl--10                        \">\n                                        832.000\n                                    <\/td>\n<\/tr>\n<tr>\n<td class=\"                                                \">\n                                        laSexta Noticias 14h\n                                    <\/td>\n<td class=\"new_share__tbl--5                                                \">\n                                        8.9%\n                                    <\/td>\n<td class=\"                        new_share__tbl--10                        \">\n                                        710.000\n                                    <\/td>\n<\/tr>\n<tr>\n<td class=\"                                                \">\n                                        Jugones\n                                    <\/td>\n<td class=\"new_share__tbl--5                                                \">\n                                        5.7%\n                                    <\/td>\n<td class=\"                        new_share__tbl--10                        \">\n                                        535.000\n                                    <\/td>\n<\/tr>\n<tr>\n<td class=\"                                                \">\n                                        Noticias Cuatro 1\n                                    <\/td>\n<td class=\"new_share__tbl--5                                                \">\n                                        6%\n                                    <\/td>\n<td class=\"                        new_share__tbl--10                        \">\n                                        436.000\n                                    <\/td>\n<\/tr>\n<p class=\"article-text\">\n        <strong>PRIME TIME<\/strong>\n    <\/p>\n<tr>\n<td class=\"                                                \">\n                                        Antena 3 Noticias 2\n                                    <\/td>\n<td class=\"new_share__tbl--5                                                \">\n                                        20.1%\n                                    <\/td>\n<td class=\"                        new_share__tbl--10                        \">\n                                        2.098.000\n                                    <\/td>\n<\/tr>\n<tr>\n<td class=\"                                                \">\n                                        Telediario 2\n                                    <\/td>\n<td class=\"new_share__tbl--5                                                \">\n                                        12.5%\n                                    <\/td>\n<td class=\"                        new_share__tbl--10                        \">\n                                        1.292.000\n                                    <\/td>\n<\/tr>\n<tr>\n<td class=\"                                                \">\n                                        Informativos Telecinco 21h\n                                    <\/td>\n<td class=\"new_share__tbl--5                                                \">\n                                        7.6%\n                                    <\/td>\n<td class=\"                        new_share__tbl--10                        \">\n                                        816.000\n                                    <\/td>\n<\/tr>\n<tr>\n<td class=\"                                                \">\n                                        laSexta Noticias 20h\n                                    <\/td>\n<td class=\"new_share__tbl--5                                                \">\n                                        6.9%\n                                    <\/td>\n<td class=\"                        new_share__tbl--10                        \">\n                                        536.000\n                                    <\/td>\n<\/tr>\n<tr>\n<td class=\"                                                \">\n                                        laSexta Clave\n                                    <\/td>\n<td class=\"new_share__tbl--5                                                \">\n                                        5%\n                                    <\/td>\n<td class=\"                        new_share__tbl--10                        \">\n                                        505.000\n                                    <\/td>\n<\/tr>\n<tr>\n<td class=\"                                                \">\n                                        Noticias Cuatro 2\n                                    <\/td>\n<td class=\"new_share__tbl--5                                                \">\n                                        5.1%\n                                    <\/td>\n<td class=\"                        new_share__tbl--10                        \">\n                                        392.000\n                                    <\/td>\n<\/tr>\n<p class=\"article-text\">\n        <strong>FRANJA MATINAL<\/strong>\n    <\/p>\n<tr>\n<td class=\"                                                \">\n                                        Telediario matinal\n                                    <\/td>\n<td class=\"new_share__tbl--5                                                \">\n                                        15.7%\n                                    <\/td>\n<td class=\"                        new_share__tbl--10                        \">\n                                        113.000\n                                    <\/td>\n<\/tr>\n<tr>\n<td class=\"                                                \">\n                                        Antena 3 Noticias de la ma\u00f1ana\n                                    <\/td>\n<td class=\"new_share__tbl--5                                                \">\n                                        12%\n                                    <\/td>\n<td class=\"                        new_share__tbl--10                        \">\n                                        129.000\n                                    <\/td>\n<\/tr>\n<tr>\n<td class=\"                                                \">\n                                        El Matinal (Telecinco)\n                                    <\/td>\n<td class=\"new_share__tbl--5                                                \">\n                                        9.5%\n                                    <\/td>\n<td class=\"                        new_share__tbl--10                        \">\n                                        103.000\n                                    <\/td>\n<\/tr>\n<p class=\"article-text\">\n        .\n    <\/p>\n<p>    <a href=\"https:\/\/www.eldiario.es\/vertele\/noticias\/directo-al-grano-gonzalo-miro-rtve-la-1-gaza-eurovision-marta-flich-estreno_1_12604265.html\" data-mrf-recirculation=\"saber-mas-abajo\" data-dl-event=\"saber-mas-abajo\" rel=\"nofollow noopener\" target=\"_blank\"><\/p>\n<p class=\"know-more__title\">&#8216;Directo al grano&#8217; arranc\u00f3 con Gonzalo Mir\u00f3 contra la derecha por Gaza, acoso ultra y el futuro de Espa\u00f1a en Eurovisi\u00f3n\n<\/p>\n<p>            <img decoding=\"async\" class=\"lazy\" loading=\"lazy\" data-src=\"https:\/\/static.eldiario.es\/clip\/2e3bbd57-a047-4545-ba72-fc960583b472_16-9-aspect-ratio_default_0.jpg\" src=\"data:image\/svg+xml,%3Csvg xmlns=\" http:=\"\" viewbox=\"0 0 880 495\" alt=\"'Directo al grano' arranc\u00f3 con Gonzalo Mir\u00f3 contra la derecha por Gaza, acoso ultra y el futuro de Espa\u00f1a en Eurovisi\u00f3n\"\/><\/p>\n<p>                        <\/a><\/p>\n<p class=\"article-text\">\n        Todos los datos de audiencia de este informe son CON invitados y CON segundas residencias, el est\u00e1ndar del sector acordado por las cadenas con Kantar Media y aceptado por los anunciantes. Kantar Media, como fabricante de la base de datos que contiene los \u00edndices de audiencia, es la propietaria exclusiva de la informaci\u00f3n suministrada a Vertele. Cualquier utilizaci\u00f3n o reutilizaci\u00f3n de los datos y el uso indebido de los productos Kantar Media S.A. dar\u00e1 lugar a las correspondientes responsabilidades legales.\n    <\/p>\n","protected":false},"excerpt":{"rendered":"Directo al grano, el nuevo magac\u00edn para las tardes de La 1, comienza con buen pie su andadura&hellip;\n","protected":false},"author":2,"featured_media":118351,"comment_status":"","ping_status":"","sticky":false,"template":"","format":"standard","meta":{"footnotes":""},"categories":[171],"tags":[9122,45,517,5436,9781,978,20690,146,147,25,24,8720,6870,5012,1051,24025,518,1971,23,11054,214],"class_list":{"0":"post-118350","1":"post","2":"type-post","3":"status-publish","4":"format-standard","5":"has-post-thumbnail","7":"category-tv","8":"tag-9122","9":"tag-45","10":"tag-actualidad","11":"tag-buen","12":"tag-completa","13":"tag-dia","14":"tag-directo-al-grano","15":"tag-entertainment","16":"tag-entretenimiento","17":"tag-es","18":"tag-espana","19":"tag-fuerza","20":"tag-la-1","21":"tag-llega","22":"tag-lunes","23":"tag-programas","24":"tag-rtve","25":"tag-septiembre","26":"tag-spain","27":"tag-tarde","28":"tag-tv"},"share_on_mastodon":{"url":"","error":""},"_links":{"self":[{"href":"https:\/\/www.europesays.com\/es\/wp-json\/wp\/v2\/posts\/118350","targetHints":{"allow":["GET"]}}],"collection":[{"href":"https:\/\/www.europesays.com\/es\/wp-json\/wp\/v2\/posts"}],"about":[{"href":"https:\/\/www.europesays.com\/es\/wp-json\/wp\/v2\/types\/post"}],"author":[{"embeddable":true,"href":"https:\/\/www.europesays.com\/es\/wp-json\/wp\/v2\/users\/2"}],"replies":[{"embeddable":true,"href":"https:\/\/www.europesays.com\/es\/wp-json\/wp\/v2\/comments?post=118350"}],"version-history":[{"count":0,"href":"https:\/\/www.europesays.com\/es\/wp-json\/wp\/v2\/posts\/118350\/revisions"}],"wp:featuredmedia":[{"embeddable":true,"href":"https:\/\/www.europesays.com\/es\/wp-json\/wp\/v2\/media\/118351"}],"wp:attachment":[{"href":"https:\/\/www.europesays.com\/es\/wp-json\/wp\/v2\/media?parent=118350"}],"wp:term":[{"taxonomy":"category","embeddable":true,"href":"https:\/\/www.europesays.com\/es\/wp-json\/wp\/v2\/categories?post=118350"},{"taxonomy":"post_tag","embeddable":true,"href":"https:\/\/www.europesays.com\/es\/wp-json\/wp\/v2\/tags?post=118350"}],"curies":[{"name":"wp","href":"https:\/\/api.w.org\/{rel}","templated":true}]}}