{"id":118368,"date":"2025-09-16T08:35:12","date_gmt":"2025-09-16T08:35:12","guid":{"rendered":"https:\/\/www.europesays.com\/es\/118368\/"},"modified":"2025-09-16T08:35:12","modified_gmt":"2025-09-16T08:35:12","slug":"los-cigarrillos-electronicos-entre-jovenes-y-adolescentes-puede-causar-un-aumento-del-uso-posterior-de-productos-del-tabaco-ademas-de-contribuir-a-diferentes-patologias","status":"publish","type":"post","link":"https:\/\/www.europesays.com\/es\/118368\/","title":{"rendered":"\u201cLos cigarrillos electr\u00f3nicos entre j\u00f3venes y adolescentes puede causar un aumento del uso posterior de productos del tabaco, adem\u00e1s de contribuir a diferentes patolog\u00edas\u201d"},"content":{"rendered":"<p class=\"description\">\u00bfC\u00f3mo es nuestro cerebro? \u00bfC\u00f3mo evoluciona y envejece? Descubre todos los secretos que esconde en una colecci\u00f3n \u00fanica <b>\u00a12\u00ba libro GRATIS!<\/b><\/p>\n<p class=\"description\"><b>\u00a1NOVEDAD!<\/b> Ya disponible la edici\u00f3n especial <b>El cerebro infantil<\/b> de la colecci\u00f3n Los Secretos del Cerebro de National Geographic.<\/p>\n<p><strong>Una de cada cuatro personas en Espa\u00f1a consume tabaco de forma diaria<\/strong>, seg\u00fan la \u00faltima encuesta de Sanidad, EDADES 2024. El informe registra una ligera disminuci\u00f3n respecto a 2022, pero contin\u00faa siendo un porcentaje lo suficientemente alto como para que cualquier regulaci\u00f3n del consumo genere pol\u00e9mica.<\/p>\n<p>En los \u00faltimos d\u00edas, el <a href=\"https:\/\/www.sanidad.gob.es\/gabinete\/notasPrensa.do?id=6742\" rel=\"nofollow noopener\" target=\"_blank\">Consejo de Ministros ha aprobado el anteproyecto<\/a> para ampliar los espacios libres de humo, que ya formaban parte de la Ley de Tabaco. El Plan Integral de Prevenci\u00f3n y Control del Tabaquismo 2024-2027 <strong>proh\u00edbe el consumo en las terrazas de los bares<\/strong>, instalaciones deportivas y espect\u00e1culos p\u00fablicos, entre otros.<\/p>\n<p>La prohibici\u00f3n de los cigarrillos electr\u00f3nicos<\/p>\n<p><strong>La medida incluye tambi\u00e9n a los cigarrillos electr\u00f3nicos<\/strong>, un h\u00e1bito incorporado hace tan poco tiempo al punto de que el conocimiento cient\u00edfico sobre sus efectos apenas est\u00e1 comenzando. Pero los <strong>primeros hallazgos ya denotan la necesidad de pol\u00edticas p\u00fablicas<\/strong> porque afectan a grupos vulnerables, como los <strong>j\u00f3venes <\/strong>y <strong>adolescentes<\/strong>.<\/p>\n<p>&#13;<img decoding=\"async\" src=\"https:\/\/www.europesays.com\/es\/wp-content\/uploads\/2025\/09\/vapeo_d1993017_240905091502_800x800.jpg\" alt=\"Vapeo\" class=\"image lazyload\"\/><\/p>\n<p>La prestigiosa revista \u201cTobacco Control\u201d <a href=\"https:\/\/tobaccocontrol.bmj.com\/content\/early\/2025\/08\/17\/tc-2024-059219\" rel=\"nofollow noopener\" target=\"_blank\">recientemente ha publicado<\/a> el primer umbrella review sobre los efectos del cigarrillo electr\u00f3nico en este grupo etario. El <strong>equipo investigador del Reino Unido<\/strong>, liderado por la especialista Su Golder, analiz\u00f3 <strong>384 estudios cient\u00edficos<\/strong> y comprob\u00f3 que el vapeo <strong>se relaciona posteriormente con el consumo de tabaco, marihuana, alcohol y problemas de salud<\/strong>.<\/p>\n<p>Esta metodolog\u00eda de revisiones sistem\u00e1ticas representa un alto nivel de evidencia al combinar objetos de an\u00e1lisis ya revisados previamente:<\/p>\n<p>\u201cLa mayor\u00eda de los estudios sugirieron que los j\u00f3venes que usan cigarrillos electr\u00f3nicos <strong>tienen aproximadamente tres veces m\u00e1s probabilidades de iniciarse en el tabaquismo<\/strong> que los que no lo usan\u201d, describe.<\/p>\n<p>A prop\u00f3sito del estudio, <strong>Josep Maria Suelves<\/strong>, Jefe del Servicio de Prevenci\u00f3n y Control del Tabaquismo en la Agencia de Salud P\u00fablica de Catalu\u00f1a, analiz\u00f3 los resultados en <a href=\"https:\/\/sciencemediacentre.es\/el-vapeo-en-los-jovenes-se-asocia-con-un-mayor-consumo-posterior-de-tabaco-marihuana-o-alcohol\" rel=\"nofollow noopener\" target=\"_blank\">Science Media Centre Espa\u00f1a<\/a>:<\/p>\n<p>&#13;<img decoding=\"async\" src=\"https:\/\/www.europesays.com\/es\/wp-content\/uploads\/2025\/09\/build-hero-arthur-brooks_297fb531_250825101523_800x800.webp.webp\" alt=\"build hero arthur brooks\" class=\"image lazyload\"\/><\/p>\n<p>\u201cLa evidencia cient\u00edfica disponible, como la que recoge este nuevo estudio, muestra que la difusi\u00f3n del uso de cigarrillos electr\u00f3nicos entre j\u00f3venes y adolescentes puede causar un aumento del uso posterior de productos del tabaco, adem\u00e1s de <strong>contribuir a diferentes patolog\u00edas<\/strong>\u201d.<\/p>\n<p>Las patolog\u00edas del cigarrillo electr\u00f3nico<\/p>\n<p>En el estudio mencionan mayor <strong>riesgo de asma, tos, problemas cardiovasculares, dentales o de salud mental<\/strong>. Si bien es posible que estas sean las consecuencias del vapeo, el estudio no descarta que suceda a la inversa: es decir, quienes tienen comportamientos de riesgo o mala salud podr\u00edan ser m\u00e1s propensos a vapear.<\/p>\n<p>&#13;<img decoding=\"async\" src=\"https:\/\/www.europesays.com\/es\/wp-content\/uploads\/2025\/09\/contaminacion-del-trafico-rodado_c144a910_250703094106_800x800.webp.webp\" alt=\"Contaminaci\u00f3n del tr\u00e1fico rodado\" class=\"image lazyload\"\/><\/p>\n<p>Los cigarrillos electr\u00f3nicos pueden ser m\u00e1s \u201capetecibles\u201d para quienes se inician en estos consumos porque <strong>se comercializan con sabores dulces que recuerdan a una golosina<\/strong>. En la nueva Ley de Tabaco <strong>tambi\u00e9n estar\u00e1n prohibidos<\/strong>. En Espa\u00f1a <strong>existen 460 marcas<\/strong>, seg\u00fan el Ministerio de Sanidad.<\/p>\n<p>Francisca L\u00f3pez Torrecillas, catedr\u00e1tica de la Universidad de Granada, explic\u00f3 en Science Media Centre Espa\u00f1a:<\/p>\n<p>\u201cEl estudio confirma y ampl\u00eda la evidencia existente sobre los riesgos del vapeo en j\u00f3venes\u201d, pero tambi\u00e9n aclar\u00f3 que todav\u00eda es necesario continuar investigando: \u201cla <strong>calidad metodol\u00f3gica de las revisiones<\/strong> incluidas es, en su mayor\u00eda, baja o cr\u00edticamente baja, lo que <strong>limita la robustez de las conclusiones<\/strong>.\u00a0El predominio de estudios observacionales <strong>dificulta establecer causalidad definitiva<\/strong>, <strong>aunque <\/strong>la consistencia de las asociaciones <strong>sugiere un v\u00ednculo probable<\/strong>\u201d.<\/p>\n<p>Para la Organizaci\u00f3n Mundial de la Salud, el <strong>uso de cigarrillo electr\u00f3nico es \u201calarmante\u201d en los j\u00f3venes<\/strong>. La Ley de Tabaco establece 12 meses para que los fabricantes adopten el nuevo marco legal y agoten los dispositivos de un solo uso. \u00bfSer\u00e1 suficiente para solucionar este problema de salud p\u00fablica?<\/p>\n","protected":false},"excerpt":{"rendered":"\u00bfC\u00f3mo es nuestro cerebro? \u00bfC\u00f3mo evoluciona y envejece? Descubre todos los secretos que esconde en una colecci\u00f3n \u00fanica&hellip;\n","protected":false},"author":2,"featured_media":118369,"comment_status":"","ping_status":"","sticky":false,"template":"","format":"standard","meta":{"footnotes":""},"categories":[8],"tags":[17,18,119,25,24,13,14,1408,11,448,19,20,1407,1409,9,10,15,16,23,12,21,22,226],"class_list":{"0":"post-118368","1":"post","2":"type-post","3":"status-publish","4":"format-standard","5":"has-post-thumbnail","7":"category-espana","8":"tag-breaking-news","9":"tag-breakingnews","10":"tag-ciencia","11":"tag-es","12":"tag-espana","13":"tag-featured-news","14":"tag-featurednews","15":"tag-geographic","16":"tag-headlines","17":"tag-historia","18":"tag-latest-news","19":"tag-latestnews","20":"tag-national","21":"tag-naturaleza","22":"tag-news","23":"tag-noticias","24":"tag-noticias-destacadas","25":"tag-noticiasdestacadas","26":"tag-spain","27":"tag-titulares","28":"tag-ultimas-noticias","29":"tag-ultimasnoticias","30":"tag-viajes"},"share_on_mastodon":{"url":"","error":""},"_links":{"self":[{"href":"https:\/\/www.europesays.com\/es\/wp-json\/wp\/v2\/posts\/118368","targetHints":{"allow":["GET"]}}],"collection":[{"href":"https:\/\/www.europesays.com\/es\/wp-json\/wp\/v2\/posts"}],"about":[{"href":"https:\/\/www.europesays.com\/es\/wp-json\/wp\/v2\/types\/post"}],"author":[{"embeddable":true,"href":"https:\/\/www.europesays.com\/es\/wp-json\/wp\/v2\/users\/2"}],"replies":[{"embeddable":true,"href":"https:\/\/www.europesays.com\/es\/wp-json\/wp\/v2\/comments?post=118368"}],"version-history":[{"count":0,"href":"https:\/\/www.europesays.com\/es\/wp-json\/wp\/v2\/posts\/118368\/revisions"}],"wp:featuredmedia":[{"embeddable":true,"href":"https:\/\/www.europesays.com\/es\/wp-json\/wp\/v2\/media\/118369"}],"wp:attachment":[{"href":"https:\/\/www.europesays.com\/es\/wp-json\/wp\/v2\/media?parent=118368"}],"wp:term":[{"taxonomy":"category","embeddable":true,"href":"https:\/\/www.europesays.com\/es\/wp-json\/wp\/v2\/categories?post=118368"},{"taxonomy":"post_tag","embeddable":true,"href":"https:\/\/www.europesays.com\/es\/wp-json\/wp\/v2\/tags?post=118368"}],"curies":[{"name":"wp","href":"https:\/\/api.w.org\/{rel}","templated":true}]}}