{"id":118374,"date":"2025-09-16T08:39:07","date_gmt":"2025-09-16T08:39:07","guid":{"rendered":"https:\/\/www.europesays.com\/es\/118374\/"},"modified":"2025-09-16T08:39:07","modified_gmt":"2025-09-16T08:39:07","slug":"topuria-contra-el-ataque-de-israel-a-gaza","status":"publish","type":"post","link":"https:\/\/www.europesays.com\/es\/118374\/","title":{"rendered":"Topuria, contra el ataque de Israel a Gaza"},"content":{"rendered":"<p>Madrid (EFE).- El campe\u00f3n del mundo del peso ligero de la Ultimate Fighting Championship (UFC) o artes marciales mixtas, el espa\u00f1ol <a href=\"https:\/\/efe.com\/deportes\/2025-06-29\/topuria-campeon-mundo-peso-ligero-tras-derrotar-oliveira-primer-asalto\/\" target=\"_blank\" rel=\"noreferrer noopener nofollow\">Ilia Topuria<\/a>, expres\u00f3 este martes toda su solidaridad con el <a href=\"https:\/\/efe.com\/noticias\/guerra-gaza\/\" target=\"_blank\" rel=\"noreferrer noopener nofollow\">pueblo de Gaza<\/a> e hizo un llamamiento para que Israel detenga la guerra y evite m\u00e1s muertes al subrayar que no est\u00e1 de acuerdo con la operaci\u00f3n militar en el territorio palestino.<\/p>\n<p>\u00abSi tuviera la oportunidad de hacer algo, parar\u00eda esa guerra ahora mismo porque no la acepto\u00bb, asegur\u00f3 Topuria en un desayuno informativo organizado por el Foro de la Nueva Econom\u00eda celebrado en el Real Casino Gran C\u00edrculo de Madrid.<\/p>\n<p>Para el p\u00fagil hispanogeorgiano, \u00abnunca se puede apoyar este tipo de causas\u00bb, en referencia a la respuesta militar llevada a cabo por Israel como respuesta a los atentados del grupo terrorista Ham\u00e1s cometidos el 7 de octubre de 2023: \u00abNunca queremos que nadie muera en el mundo, sino lo contrario. Siempre queremos que a nadie le falte nada, que todo el mundo tenga agua para beber y pan para comer\u00bb.<\/p>\n<p><img loading=\"lazy\" data-recalc-dims=\"1\" decoding=\"async\" width=\"900\" height=\"598\" src=\"https:\/\/www.europesays.com\/es\/wp-content\/uploads\/2025\/09\/topuria-gaza.webp\" alt=\"El doble campe\u00f3n mundial de la UFC Ilia Topuria \" class=\"wp-image-2148462\"  \/>El doble campe\u00f3n mundial de la UFC Ilia Topuria protagoniza un desayuno informativo en Madrid. EFE\/JJ Guill\u00e9n<\/p>\n<p>El apoyo de Topuria a las familias de Gaza<\/p>\n<p>\u00abDesde aqu\u00ed, a toda las familias de Gaza le mandamos todo el apoyo y estamos con vosotros\u00bb, a\u00f1adi\u00f3 Topuria en el acto al que asistieron varios dirigentes de Vox, como Javier Ortega Smith y Pepa Mill\u00e1n.<\/p>\n<p>Tambi\u00e9n intervino desde la tribuna Arturo Guill\u00e9n, el presidente de WOW, la promotora en Espa\u00f1a de los eventos de UFC.<\/p>\n<p>Preguntado sobre si est\u00e1 a favor del veto a los deportistas israel\u00edes como respuesta a lo que est\u00e1 ocurriendo en Gaza, Guill\u00e9n se mostr\u00f3 en contra de esta medida porque \u00abla pol\u00edtica y el deporte tienen que est\u00e1n completamente separados\u00bb.<\/p>\n<p>\u00abAlguna vez nos han intentado hacer tomar partido. Somos agn\u00f3sticos, respetamos a todo el mundo e intentamos ayudar a todo el mundo. Hemos contado con muchos pol\u00edticos en nuestros eventos y estamos encantados de recibirlos a todos\u00bb, se\u00f1al\u00f3 el directivo de WOW. <\/p>\n","protected":false},"excerpt":{"rendered":"Madrid (EFE).- El campe\u00f3n del mundo del peso ligero de la Ultimate Fighting Championship (UFC) o artes marciales&hellip;\n","protected":false},"author":2,"featured_media":118375,"comment_status":"","ping_status":"","sticky":false,"template":"","format":"standard","meta":{"footnotes":""},"categories":[276],"tags":[4791,168,25,24,8933,74,23,167,343],"class_list":{"0":"post-118374","1":"post","2":"type-post","3":"status-publish","4":"format-standard","5":"has-post-thumbnail","7":"category-ufc","8":"tag-boxeo","9":"tag-deportes","10":"tag-es","11":"tag-espana","12":"tag-guerra-gaza","13":"tag-israel","14":"tag-spain","15":"tag-sports","16":"tag-ufc"},"share_on_mastodon":{"url":"","error":""},"_links":{"self":[{"href":"https:\/\/www.europesays.com\/es\/wp-json\/wp\/v2\/posts\/118374","targetHints":{"allow":["GET"]}}],"collection":[{"href":"https:\/\/www.europesays.com\/es\/wp-json\/wp\/v2\/posts"}],"about":[{"href":"https:\/\/www.europesays.com\/es\/wp-json\/wp\/v2\/types\/post"}],"author":[{"embeddable":true,"href":"https:\/\/www.europesays.com\/es\/wp-json\/wp\/v2\/users\/2"}],"replies":[{"embeddable":true,"href":"https:\/\/www.europesays.com\/es\/wp-json\/wp\/v2\/comments?post=118374"}],"version-history":[{"count":0,"href":"https:\/\/www.europesays.com\/es\/wp-json\/wp\/v2\/posts\/118374\/revisions"}],"wp:featuredmedia":[{"embeddable":true,"href":"https:\/\/www.europesays.com\/es\/wp-json\/wp\/v2\/media\/118375"}],"wp:attachment":[{"href":"https:\/\/www.europesays.com\/es\/wp-json\/wp\/v2\/media?parent=118374"}],"wp:term":[{"taxonomy":"category","embeddable":true,"href":"https:\/\/www.europesays.com\/es\/wp-json\/wp\/v2\/categories?post=118374"},{"taxonomy":"post_tag","embeddable":true,"href":"https:\/\/www.europesays.com\/es\/wp-json\/wp\/v2\/tags?post=118374"}],"curies":[{"name":"wp","href":"https:\/\/api.w.org\/{rel}","templated":true}]}}