{"id":118377,"date":"2025-09-16T08:42:12","date_gmt":"2025-09-16T08:42:12","guid":{"rendered":"https:\/\/www.europesays.com\/es\/118377\/"},"modified":"2025-09-16T08:42:12","modified_gmt":"2025-09-16T08:42:12","slug":"la-seleccion-espanola-elite-masculina-ante-uno-de-los-mundiales-mas-duros-de-la-historia","status":"publish","type":"post","link":"https:\/\/www.europesays.com\/es\/118377\/","title":{"rendered":"La Selecci\u00f3n Espa\u00f1ola \u00e9lite masculina, ante uno de los Mundiales m\u00e1s duros de la historia"},"content":{"rendered":"<p>\n                    Juan Ayuso, que llega al Mundial tras completar una soberbia Vuelta imponi\u00e9ndose en dos etapas, ser\u00e1 la principal baza nacional. Iv\u00e1n Romeo, vigente campe\u00f3n del mundo sub23, y Ra\u00fal Garc\u00eda, representantes en la crono de 41 km.\n                <\/p>\n<p class=\"MsoNormal\" style=\"background: white;\">La Selecci\u00f3n Espa\u00f1ola \u00e9lite masculina, dirigida por Alejandro Valverde, estar\u00e1\u00a0representada en el Campeonato del Mundo de ciclismo en carretera por ocho ciclistas nacionales que acuden a la cita por el arco\u00edris en una gran condici\u00f3n. El Mundial se disputa por primera vez en el continente africano sobre un dur\u00edsimo recorrido en Kigali (Ruanda).<\/p>\n<p class=\"MsoNormal\" style=\"background: white;\"><strong>Juan Ayuso y Marc Soler (UAE Team Emirates), Iv\u00e1n Romeo y Carlos Canal (Movistar Team), Carlos Verona (Lidl-Trek), Roger Adri\u00e0 (Red Bull &#8211; BORA \u2013 Hansgrohe), Ra\u00fal Garc\u00eda Pierna (Ark\u00e9a &#8211; B&amp;B Hotels) y Abel Balderstone (Caja Rural-Seguros RGA)<\/strong> conformar\u00e1n el equipo espa\u00f1ol en Ruanda.<\/p>\n<p class=\"MsoNormal\" style=\"background: white;\">El potente bloque nacional viene casi en su totalidad de participar en La Vuelta a Espa\u00f1a, donde Ayuso ha conquistado dos etapas, Marc Soler ha vencido con una gran exhibici\u00f3n, y el resto de los integrantes del equipo han mostrado tambi\u00e9n un gran golpe de pedal.<\/p>\n<p class=\"MsoNormal\" style=\"background: white;\"><img loading=\"lazy\" decoding=\"async\" src=\"https:\/\/www.europesays.com\/es\/wp-content\/uploads\/2025\/09\/doc_68c7f563333893.36401642_GRAFICAS-CONVOCATORIA-RUANDA-CHICOS-3.jpg\" alt=\"imagen\" width=\"750\" height=\"750\"\/><\/p>\n<p class=\"MsoNormal\" style=\"background: white;\">Iv\u00e1n Romeo, vigente campe\u00f3n del mundo sub23 en contrarreloj, y Ra\u00fal Garc\u00eda ser\u00e1n los encargados de representar a la Selecci\u00f3n Espa\u00f1ola en la prueba cronometrada del domingo 21 de septiembre. Los j\u00f3venes especialistas nacionales competir\u00e1n en este Mundial sobre un recorrido de 40,6 kil\u00f3metros y 680 metros de desnivel positivo acumulado. Una exigente crono en la que tendr\u00e1n que afrontar en dos ocasiones la Cote de Nyanza, de 2,5 km al 5,8 de pendiente media, una vez la Cote de Peage (2 km al 6%) y finalmente el muro empedrado de la Cote de Kimihurura, de 1,3 km y 6,3% de pendiente media ya muy cerca de la meta.<\/p>\n<p class=\"MsoNormal\" style=\"background: white;\">La prueba en l\u00ednea se disputar\u00e1 el domingo 28 de septiembre como colof\u00f3n del Campeonato. En Kigali viviremos una cita hist\u00f3rica, con un brutal recorrido de 267,5 kil\u00f3metros y 5.475 metros de desnivel positivo acumulado fruto de dar 15 vueltas al circuito local de Kigali con las subidas de Kigali Golf (0,8 km al 8,1% de media con rampas m\u00e1ximas del 14%) y la subida adoquinada a Kimihurura (de 1,3 km y 6,3% de pendiente media). La principal diferencia entre la carrera \u00e9lite masculina y el resto de pruebas de este Mundial ser\u00e1 la inclusi\u00f3n mediada la prueba de una extensi\u00f3n del circuito que incluye el paso por el Mont Kigali (5,9 km al 6,9%), una exigente subida que se coronar\u00e1 en el kil\u00f3metro 163 y que bien podr\u00eda desencadenar los primeros movimientos de los favoritos.<\/p>\n<p class=\"MsoNormal\" style=\"background: white;\">Toda la informaci\u00f3n sobre la Selecci\u00f3n Espa\u00f1ola puede encontrarse en redes sociales bajo el hashtag <a href=\"https:\/\/x.com\/search?q=%23TeamESPciclismo&amp;src=typed_query\" rel=\"nofollow\">#TeamESPciclismo.<\/a><\/p>\n<p class=\"MsoNormal\" style=\"background: white;\">\u00a0<\/p>\n","protected":false},"excerpt":{"rendered":"Juan Ayuso, que llega al Mundial tras completar una soberbia Vuelta imponi\u00e9ndose en dos etapas, ser\u00e1 la principal&hellip;\n","protected":false},"author":2,"featured_media":118378,"comment_status":"","ping_status":"","sticky":false,"template":"","format":"standard","meta":{"footnotes":""},"categories":[273],"tags":[313,312,168,25,24,23,167],"class_list":{"0":"post-118377","1":"post","2":"type-post","3":"status-publish","4":"format-standard","5":"has-post-thumbnail","7":"category-ciclismo","8":"tag-ciclismo","9":"tag-cycling","10":"tag-deportes","11":"tag-es","12":"tag-espana","13":"tag-spain","14":"tag-sports"},"share_on_mastodon":{"url":"","error":""},"_links":{"self":[{"href":"https:\/\/www.europesays.com\/es\/wp-json\/wp\/v2\/posts\/118377","targetHints":{"allow":["GET"]}}],"collection":[{"href":"https:\/\/www.europesays.com\/es\/wp-json\/wp\/v2\/posts"}],"about":[{"href":"https:\/\/www.europesays.com\/es\/wp-json\/wp\/v2\/types\/post"}],"author":[{"embeddable":true,"href":"https:\/\/www.europesays.com\/es\/wp-json\/wp\/v2\/users\/2"}],"replies":[{"embeddable":true,"href":"https:\/\/www.europesays.com\/es\/wp-json\/wp\/v2\/comments?post=118377"}],"version-history":[{"count":0,"href":"https:\/\/www.europesays.com\/es\/wp-json\/wp\/v2\/posts\/118377\/revisions"}],"wp:featuredmedia":[{"embeddable":true,"href":"https:\/\/www.europesays.com\/es\/wp-json\/wp\/v2\/media\/118378"}],"wp:attachment":[{"href":"https:\/\/www.europesays.com\/es\/wp-json\/wp\/v2\/media?parent=118377"}],"wp:term":[{"taxonomy":"category","embeddable":true,"href":"https:\/\/www.europesays.com\/es\/wp-json\/wp\/v2\/categories?post=118377"},{"taxonomy":"post_tag","embeddable":true,"href":"https:\/\/www.europesays.com\/es\/wp-json\/wp\/v2\/tags?post=118377"}],"curies":[{"name":"wp","href":"https:\/\/api.w.org\/{rel}","templated":true}]}}