{"id":118387,"date":"2025-09-16T08:47:08","date_gmt":"2025-09-16T08:47:08","guid":{"rendered":"https:\/\/www.europesays.com\/es\/118387\/"},"modified":"2025-09-16T08:47:08","modified_gmt":"2025-09-16T08:47:08","slug":"en-una-libreria-es-un-error-colocar-los-portafotos-por-delante-de-los-libros","status":"publish","type":"post","link":"https:\/\/www.europesays.com\/es\/118387\/","title":{"rendered":"\u201cEn una librer\u00eda, es un ERROR colocar los portafotos por delante de los libros\u00bb"},"content":{"rendered":"<p>Gracias a Mar\u00eda Pombo, llevamos un par de semanas a vueltas sobre si la lectura nos hace mejores o no. Opiniones al respecto aparte, la reflexi\u00f3n de la influencer invita a plantearse qu\u00e9 utilidad decorativa tiene una librer\u00eda sin libros. Pombo, que ha ense\u00f1ado la suya en su Instagram, donde cuenta con m\u00e1s de 3 millones de seguidores, tiene alg\u00fan t\u00edtulo suelto aqu\u00ed y all\u00e1: infantiles, de autoayuda y los cl\u00e1sicos de Taschen que usa como decoraci\u00f3n. Su librer\u00eda, sin embargo, est\u00e1 llena de fotos familiares y otros objetos variopintos, como un coral o cuadros de flores secas. Probablemente, <a href=\"https:\/\/www.revistainteriores.es\/ideas-casa\/decoracion-minimalista-claves-ideas_8495\" rel=\"nofollow noopener\" target=\"_blank\">uno de los pilares de la decoraci\u00f3n actual es la contenci\u00f3n.<\/a>\u00a0<strong>Queremos<\/strong><strong> menos cosas, pero mejores<\/strong><strong>, y anhelamos<\/strong><strong> espacio para respirar\u00a0<\/strong><strong>en casa<\/strong><strong>.<\/strong> \u201cEn general, hay que deshacerse de lo que estorbe\u201d, comenta Raquel Mu\u00f1oz, fundadora del <a href=\"https:\/\/www.revistainteriores.es\/decoracion\/tres-tipos-mampara-ducha-que-debes-conocer-si-vas-reformar-bano_10764\" rel=\"nofollow noopener\" target=\"_blank\">estudio de interiorismo Kele voy a Hacer, <\/a>cuando le preguntamos c\u00f3mo decorar una librer\u00eda y de qu\u00e9 hay que deshacerse en la <a href=\"https:\/\/www.revistainteriores.es\/decoracion\/salones-modernos-40-fotos-mejor-inspiracion_8431\" rel=\"nofollow noopener\" target=\"_blank\">decoraci\u00f3n del sal\u00f3n<\/a> de cara al oto\u00f1o.<\/p>\n<p>&#13;<img loading=\"lazy\" decoding=\"async\"   src=\"https:\/\/www.europesays.com\/es\/wp-content\/uploads\/2025\/09\/la-libreria-debe-estar-pensada-principalmente-para-libros-que-son-los-que-le-dan-fuerza-y-sentido-a-.webp\" alt=\"\u201cLa librer\u00eda debe estar pensada principalmente para libros, que son los que le dan fuerza y sentido a la decoraci\u00f3n\u201d, dice la interiorista Raquel Mu\u00f1oz\" class=\"lazyload\" width=\"1280\" height=\"853\" data-aspectratio=\"1280\/853\"\/><\/p>\n<p>\u201cLa librer\u00eda debe estar pensada principalmente para libros, que son los que le dan fuerza y sentido a la decoraci\u00f3n\u201d, dice la interiorista Raquel Mu\u00f1oz<\/p>\n<p>&#13;Foto: N\u00faria Selva<br \/>\n Decora tu librer\u00eda (bien) con estos consejos de experta<\/p>\n<p>\u201cLa librer\u00eda debe estar pensada principalmente para libros, que son los que le dan fuerza y sentido a la decoraci\u00f3n\u201d, dice Mu\u00f1oz. A partir de ah\u00ed, \u201cse puede incorporar alg\u00fan objeto decorativo puntual que dialogue con los libros, pero sin llenar cada hueco\u201d. Concretamente, <strong>a la hora decorar la librer\u00eda de casa \u201ces un error colocar <\/strong><strong>los portafotos por delante de los libros<\/strong> \u2013contin\u00faa la experta. Tampoco soy partidaria de adornos innecesarios, que rompen la armon\u00eda. La librer\u00eda debe tener aire, orden y coherencia visual\u201d.<\/p>\n<p>&#13;<img loading=\"lazy\" decoding=\"async\"   src=\"https:\/\/www.europesays.com\/es\/wp-content\/uploads\/2025\/09\/un-espacio-de-descanso-y-relax-es-una-buena-alternativa-a-una-libreria_a9b45eeb_250915163205_918x138.webp\" alt=\"Un espacio de descanso y relax es una buena alternativa a una librer\u00eda\" class=\"lazyload\" width=\"918\" height=\"1386\" data-aspectratio=\"918\/1386\"\/><\/p>\n<p>Un espacio de descanso y relax es una buena alternativa a una librer\u00eda<\/p>\n<p>&#13;Foto: Fotos e interiorismo: Mikel Irastorza<br \/>\n Una alternativa a la librer\u00eda pasa por dise\u00f1ar un rinc\u00f3n de lectura o descanso<\/p>\n<p>En todo caso, puede ser que tener la cl\u00e1sica librer\u00eda en el sal\u00f3n no termine de convencerte del todo. Como decimos, la decoraci\u00f3n actual apuesta por la contenci\u00f3n, que no es lo mismo que el minimalismo. \u00bfQu\u00e9 puedes hacer alternativamente? <strong>Dise\u00f1a un rinc\u00f3n de relax si eres team Pombo; tampoco es mala idea una zona de trabajo. <\/strong>Ambos son buenos sustitutos al lugar que dejas de ocupar con una librer\u00eda. Ese rinc\u00f3n puedes decorarlo con un par de asientos y una mesa baja. Si no quieres renunciar a disfrutar de un buen libro, tambi\u00e9n con una original librer\u00eda vertical, como la Nuvola Rosa (1977), de Vico Magistretti; la Ptolomeo (2003), de Bruno Rainalidi; o la Cloud (2004), de los hermanos Bouroullec, que son muy decorativas.<\/p>\n<p>&#13;<img loading=\"lazy\" decoding=\"async\"   src=\"https:\/\/www.europesays.com\/es\/wp-content\/uploads\/2025\/09\/las-casas-son-para-disfrutarlas-y-vivirlas-hay-que-deshacerse-de-lo-que-estorba-y-dar-forma-a-espaci.webp\" alt=\"Las casas son para disfrutarlas y vivirlas. Hay que deshacerse de lo que estorba y dar forma a espacios tan agradables como este dise\u00f1ado por Trist\u00e1n Domecq\" class=\"lazyload\" width=\"1280\" height=\"1919\" data-aspectratio=\"1280\/1919\"\/><\/p>\n<p>Las casas son para disfrutarlas y vivirlas. Hay que deshacerse de lo que estorba y dar forma a espacios tan agradables como este dise\u00f1ado por Trist\u00e1n Domecq<\/p>\n<p>&#13;Foto: Bel\u00e9n Imaz<br \/>\n De qu\u00e9 deshacerse en el sal\u00f3n de cara al nuevo curso<\/p>\n<p>Dec\u00eda Mu\u00f1oz que, en general, <strong>hay que deshacerse de todo lo que estorbe a la hora de decorar. <\/strong>La interiorista espec\u00edfica: \u201cde esa butaca que entorpece el paso; el mueble que no cierra bien desde hace tiempo o la mesita in\u00fatil que mueves de un lado a otro. En definitiva, de todo lo que no fluye porque <a href=\"https:\/\/www.revistainteriores.es\/tendencias\/tendencias-interiorismo-descubre-como-estan-cambiando-nuestras-casas-ahora-futuro_9752\" rel=\"nofollow noopener\" target=\"_blank\"><strong>las casas son para vivirlas\u201d.<\/strong><\/a> Nada mejor para disfrutarlas que ambientes en los que no sobra nada, que invitan al descanso, a relajarse un rato o disfrutar de una conversaci\u00f3n agradable\u2026 si es que la lectura no termina de ser lo que m\u00e1s nos convence.<\/p>\n","protected":false},"excerpt":{"rendered":"Gracias a Mar\u00eda Pombo, llevamos un par de semanas a vueltas sobre si la lectura nos hace mejores&hellip;\n","protected":false},"author":2,"featured_media":118388,"comment_status":"","ping_status":"","sticky":false,"template":"","format":"standard","meta":{"footnotes":""},"categories":[173],"tags":[229,233,231,230,232,234,146,147,25,24,23],"class_list":{"0":"post-118387","1":"post","2":"type-post","3":"status-publish","4":"format-standard","5":"has-post-thumbnail","7":"category-arte-y-diseno","8":"tag-arte","9":"tag-arte-y-diseno","10":"tag-arts","11":"tag-arts-and-design","12":"tag-design","13":"tag-diseno","14":"tag-entertainment","15":"tag-entretenimiento","16":"tag-es","17":"tag-espana","18":"tag-spain"},"share_on_mastodon":{"url":"","error":""},"_links":{"self":[{"href":"https:\/\/www.europesays.com\/es\/wp-json\/wp\/v2\/posts\/118387","targetHints":{"allow":["GET"]}}],"collection":[{"href":"https:\/\/www.europesays.com\/es\/wp-json\/wp\/v2\/posts"}],"about":[{"href":"https:\/\/www.europesays.com\/es\/wp-json\/wp\/v2\/types\/post"}],"author":[{"embeddable":true,"href":"https:\/\/www.europesays.com\/es\/wp-json\/wp\/v2\/users\/2"}],"replies":[{"embeddable":true,"href":"https:\/\/www.europesays.com\/es\/wp-json\/wp\/v2\/comments?post=118387"}],"version-history":[{"count":0,"href":"https:\/\/www.europesays.com\/es\/wp-json\/wp\/v2\/posts\/118387\/revisions"}],"wp:featuredmedia":[{"embeddable":true,"href":"https:\/\/www.europesays.com\/es\/wp-json\/wp\/v2\/media\/118388"}],"wp:attachment":[{"href":"https:\/\/www.europesays.com\/es\/wp-json\/wp\/v2\/media?parent=118387"}],"wp:term":[{"taxonomy":"category","embeddable":true,"href":"https:\/\/www.europesays.com\/es\/wp-json\/wp\/v2\/categories?post=118387"},{"taxonomy":"post_tag","embeddable":true,"href":"https:\/\/www.europesays.com\/es\/wp-json\/wp\/v2\/tags?post=118387"}],"curies":[{"name":"wp","href":"https:\/\/api.w.org\/{rel}","templated":true}]}}