{"id":118394,"date":"2025-09-16T08:51:07","date_gmt":"2025-09-16T08:51:07","guid":{"rendered":"https:\/\/www.europesays.com\/es\/118394\/"},"modified":"2025-09-16T08:51:07","modified_gmt":"2025-09-16T08:51:07","slug":"deliver-me-from-nowhere-con-un-vulnerable-jeremy-allen-white-a-un-mes-de-su-estreno","status":"publish","type":"post","link":"https:\/\/www.europesays.com\/es\/118394\/","title":{"rendered":"Deliver Me From Nowhere&#8217;, con un vulnerable Jeremy Allen White, a un mes de su estreno"},"content":{"rendered":"<p>El biopic nos muestra al \u00abBoss\u00bb en plena crisis creativa y personal, durante la gestaci\u00f3n de su m\u00edtico \u00e1lbum &#8216;Nebraska&#8217;<\/p>\n<p><img decoding=\"async\" fetchpriority=\"high\" width=\"768\" height=\"432\" alt=\"Nuevo tr\u00e1iler de 'Springsteen: Deliver Me From Nowhere', con un vulnerable Jeremy Allen White, a un mes de su estreno\" src=\"https:\/\/www.europesays.com\/es\/wp-content\/uploads\/2025\/09\/jeremy-allen-white-en-springsteen_-deliver-me-from-nowhere.png\"\/> Jeremy Allen White en una escena del nuevo tr\u00e1iler &#8216;Springsteen: Deliver Me From Nowhere&#8217;<\/p>\n<p>\u00danete a la conversaci\u00f3n<\/p>\n<p>El pr\u00f3ximo <strong>24 de octubre<\/strong> llega a los cines <strong>Springsteen: Deliver Me From Nowhere<\/strong>, uno de esos estrenos que huelen a premio y a culto a partes iguales. Dirigida por Scott Cooper y basada en el libro de Warren Zanes, la cinta se mete de lleno en <strong>los meses m\u00e1s raros y creativos del Boss<\/strong>, cuando pas\u00f3 de llenar estadios a grabar en una habitaci\u00f3n de Nueva Jersey el disco que cambiar\u00eda su carrera.<\/p>\n<p>Cooper -director de La ley del m\u00e1s fuerte (2013) y Black Mass (2015)- firma lo que \u00e9l mismo define como <strong>un \u00abanti-biopic\u00bb<\/strong>. Para que nos entendamos, aqu\u00ed <strong>no hay cronolog\u00edas completas ni recreaciones de sus grandes shows<\/strong>, solo emoci\u00f3n en estado puro, concretamente cuando, tras el \u00e9xito del \u00e1lbum The River, Bruce decide bajar el volumen y ponerse a grabar solo. <strong>Un retrato de dudas, reinvenci\u00f3n y b\u00fasqueda de autenticidad<\/strong> que recuerda m\u00e1s al tono introspectivo de A Complete Unknown, la de Bob Dylan, que a los biopics m\u00e1s vistosos tipo Rocketman o <a href=\"https:\/\/andro4all.com\/series\/ni-elvis-ni-a-complete-unknown-esta-es-la-pelicula-sobre-un-musico-que-lo-cambio-todo\" rel=\"nofollow noopener\" target=\"_blank\">Bohemian Rhapsody<\/a>.<\/p>\n<p>El biopic sobre Bruce Springsteen que no te esperabas: el hombre detr\u00e1s del mito<\/p>\n<p><strong>Jeremy Allen White<\/strong> se mete en la piel del Boss con una <strong>transformaci\u00f3n f\u00edsica y vocal impresionante<\/strong>, fruto de meses de trabajo: registros de voz, clases de guitarra y hasta detalles de caracterizaci\u00f3n, como las lentillas marrones, para clavar la est\u00e9tica de la \u00e9poca. En junio vimos un <a href=\"https:\/\/andro4all.com\/series\/de-los-fogones-al-escenario-jeremy-allen-white-es-bruce-springsteen-en-el-primer-trailer-y-poster-de-deliver-me-from-nowhere\" rel=\"nofollow noopener\" target=\"_blank\">primer adelanto de la pel\u00edcula<\/a>, pero ahora el nuevo tr\u00e1iler publicado por 20th Century Studios en YouTube nos confirma lo que muchos fans sospech\u00e1bamos: la pel\u00edcula va a apostar por un <strong>tono totalmente austero y emocional<\/strong>.<\/p>\n<p>\u00abEs muy duro darse cuenta de que la gente no es como t\u00fa quieres\u00bb, arranca la voz en off. Y, en apenas dos minutos de tr\u00e1iler, se alternan im\u00e1genes del Springsteen arrollador sobre el escenario con carreteras vac\u00edas de Nueva Jersey, <strong>noches componiendo en su habitaci\u00f3n, charlas con su m\u00e1nager sobre el futuro<\/strong> y sesiones de estudio. Quiz\u00e1s, una de las cosas m\u00e1s llamativas de este avance son <strong>los flashbacks con su padre, interpretado por Stephen Graham<\/strong>, quien pasa por su mejor momento tras haber ganado sus dos Emmys por la serie Adolescence de Netflix.<\/p>\n<p>De fondo <strong>suena Atlantic City, uno de los temas m\u00e1s ic\u00f3nicos de Nebraska<\/strong>, detalle que para los seguidores de Bruce seguramente sea toda una declaraci\u00f3n de intenciones. En el a\u00f1o <strong>1982<\/strong>, cuando su discogr\u00e1fica quer\u00eda repetir \u00abla f\u00f3rmula del \u00e9xito\u00bb, Bruce no estaba dispuesto a aprovechar el tir\u00f3n: \u00e9l <strong>quer\u00eda hacer canciones distintas y con sentido<\/strong>, aun sabiendo que era una jugada comercial arriesgada que pod\u00eda poner en jaque su carrera. Ese es el esp\u00edritu que, cuatro d\u00e9cadas despu\u00e9s, rescata esta pel\u00edcula.<\/p>\n<p>\u00danete a la conversaci\u00f3n<\/p>\n","protected":false},"excerpt":{"rendered":"El biopic nos muestra al \u00abBoss\u00bb en plena crisis creativa y personal, durante la gestaci\u00f3n de su m\u00edtico&hellip;\n","protected":false},"author":2,"featured_media":118395,"comment_status":"","ping_status":"","sticky":false,"template":"","format":"standard","meta":{"footnotes":""},"categories":[169],"tags":[177,146,147,25,24,176,175,23],"class_list":{"0":"post-118394","1":"post","2":"type-post","3":"status-publish","4":"format-standard","5":"has-post-thumbnail","7":"category-cine","8":"tag-cine","9":"tag-entertainment","10":"tag-entretenimiento","11":"tag-es","12":"tag-espana","13":"tag-film","14":"tag-movies","15":"tag-spain"},"share_on_mastodon":{"url":"","error":""},"_links":{"self":[{"href":"https:\/\/www.europesays.com\/es\/wp-json\/wp\/v2\/posts\/118394","targetHints":{"allow":["GET"]}}],"collection":[{"href":"https:\/\/www.europesays.com\/es\/wp-json\/wp\/v2\/posts"}],"about":[{"href":"https:\/\/www.europesays.com\/es\/wp-json\/wp\/v2\/types\/post"}],"author":[{"embeddable":true,"href":"https:\/\/www.europesays.com\/es\/wp-json\/wp\/v2\/users\/2"}],"replies":[{"embeddable":true,"href":"https:\/\/www.europesays.com\/es\/wp-json\/wp\/v2\/comments?post=118394"}],"version-history":[{"count":0,"href":"https:\/\/www.europesays.com\/es\/wp-json\/wp\/v2\/posts\/118394\/revisions"}],"wp:featuredmedia":[{"embeddable":true,"href":"https:\/\/www.europesays.com\/es\/wp-json\/wp\/v2\/media\/118395"}],"wp:attachment":[{"href":"https:\/\/www.europesays.com\/es\/wp-json\/wp\/v2\/media?parent=118394"}],"wp:term":[{"taxonomy":"category","embeddable":true,"href":"https:\/\/www.europesays.com\/es\/wp-json\/wp\/v2\/categories?post=118394"},{"taxonomy":"post_tag","embeddable":true,"href":"https:\/\/www.europesays.com\/es\/wp-json\/wp\/v2\/tags?post=118394"}],"curies":[{"name":"wp","href":"https:\/\/api.w.org\/{rel}","templated":true}]}}