{"id":118406,"date":"2025-09-16T08:57:08","date_gmt":"2025-09-16T08:57:08","guid":{"rendered":"https:\/\/www.europesays.com\/es\/118406\/"},"modified":"2025-09-16T08:57:08","modified_gmt":"2025-09-16T08:57:08","slug":"israel-lanza-operacion-terrestre-contra-ciudad-de-gaza-dw-16-09-2025","status":"publish","type":"post","link":"https:\/\/www.europesays.com\/es\/118406\/","title":{"rendered":"Israel lanza operaci\u00f3n terrestre contra Ciudad de Gaza \u2013 DW \u2013 16\/09\/2025"},"content":{"rendered":"<p>Medios locales informan de que el primer ministro israel\u00ed, <a class=\"internal-link\" href=\"https:\/\/www.dw.com\/es\/netanyahu-benjam\u00edn\/t-17409566\" rel=\"nofollow noopener\" target=\"_blank\">Benjam\u00edn Netanyahu<\/a>, aludi\u00f3\u00a0al inicio de una <a class=\"internal-link\" href=\"https:\/\/www.dw.com\/es\/ej\u00e9rcito-israel\u00ed-ordena-evacuar-toda-la-ciudad-de-gaza\/a-73926626\" rel=\"nofollow noopener\" target=\"_blank\">operaci\u00f3n intensiva<\/a>\u00a0.\u00a0\u00abHemos iniciado una poderosa operaci\u00f3n en la Ciudad de Gaza\u00bb, dijo Netanyahu\u00a0antes del comienzo de la sesi\u00f3n de este martes, 16 de septiembre de 2025,\u00a0de su juicio por corrupci\u00f3n, inform\u00f3 el diario Yedioth Ahronot.<\/p>\n<p>Advertencias del Ej\u00e9rcito a la poblaci\u00f3n<\/p>\n<p>Poco antes, un vocero\u00a0del Ej\u00e9rcito israel\u00ed escribi\u00f3 en X que Israel hab\u00eda comenzado a destruir la infraestructura de la organizaci\u00f3n terrorista islamista Ham\u00e1s en ese enclave.\u00a0\u00abEl Ej\u00e9rcito ha comenzado a desmantelar infraestructura terrorista en la Ciudad de Gaza\u00bb, dijo\u00a0Avichay Adraee\u00a0en un comunicado en la red social X.<\/p>\n<p>Seg\u00fan el vocero en \u00e1rabe del Ej\u00e9rcito de <a class=\"internal-link\" href=\"https:\/\/www.dw.com\/es\/israel\/t-17412656\" rel=\"nofollow noopener\" target=\"_blank\">Israel<\/a>, Ciudad de Gaza es una \u00abpeligrosa zona de combate\u00bb y advirti\u00f3 a su poblaci\u00f3n: \u00abPermanecer en la ciudad les pone en peligro\u00bb.\u00a0Durante la noche, el Ej\u00e9rcito\u00a0<a class=\"internal-link\" href=\"https:\/\/www.dw.com\/es\/gaza-est\u00e1-en-llamas-tras-intensos-bombardeos-dice-israel\/a-74006098\" rel=\"nofollow noopener\" target=\"_blank\">intensific\u00f3 enormemente sus ataques<\/a>\u00a0contra el lugar. Seg\u00fan la agencia de noticias palestina Wafa, hubo decenas de v\u00edctimas mortales.<\/p>\n<p>MS (dpa\/efe)<\/p>\n<p>\u00a0<\/p>\n","protected":false},"excerpt":{"rendered":"Medios locales informan de que el primer ministro israel\u00ed, Benjam\u00edn Netanyahu, aludi\u00f3\u00a0al inicio de una operaci\u00f3n intensiva\u00a0.\u00a0\u00abHemos iniciado&hellip;\n","protected":false},"author":2,"featured_media":118407,"comment_status":"","ping_status":"","sticky":false,"template":"","format":"standard","meta":{"footnotes":""},"categories":[42],"tags":[17,18,13,14,11,61,62,63,64,19,20,9,10,15,16,12,21,22,65,66,67],"class_list":{"0":"post-118406","1":"post","2":"type-post","3":"status-publish","4":"format-standard","5":"has-post-thumbnail","7":"category-internacional","8":"tag-breaking-news","9":"tag-breakingnews","10":"tag-featured-news","11":"tag-featurednews","12":"tag-headlines","13":"tag-internacional","14":"tag-international","15":"tag-international-news","16":"tag-internationalnews","17":"tag-latest-news","18":"tag-latestnews","19":"tag-news","20":"tag-noticias","21":"tag-noticias-destacadas","22":"tag-noticiasdestacadas","23":"tag-titulares","24":"tag-ultimas-noticias","25":"tag-ultimasnoticias","26":"tag-world","27":"tag-world-news","28":"tag-worldnews"},"share_on_mastodon":{"url":"","error":""},"_links":{"self":[{"href":"https:\/\/www.europesays.com\/es\/wp-json\/wp\/v2\/posts\/118406","targetHints":{"allow":["GET"]}}],"collection":[{"href":"https:\/\/www.europesays.com\/es\/wp-json\/wp\/v2\/posts"}],"about":[{"href":"https:\/\/www.europesays.com\/es\/wp-json\/wp\/v2\/types\/post"}],"author":[{"embeddable":true,"href":"https:\/\/www.europesays.com\/es\/wp-json\/wp\/v2\/users\/2"}],"replies":[{"embeddable":true,"href":"https:\/\/www.europesays.com\/es\/wp-json\/wp\/v2\/comments?post=118406"}],"version-history":[{"count":0,"href":"https:\/\/www.europesays.com\/es\/wp-json\/wp\/v2\/posts\/118406\/revisions"}],"wp:featuredmedia":[{"embeddable":true,"href":"https:\/\/www.europesays.com\/es\/wp-json\/wp\/v2\/media\/118407"}],"wp:attachment":[{"href":"https:\/\/www.europesays.com\/es\/wp-json\/wp\/v2\/media?parent=118406"}],"wp:term":[{"taxonomy":"category","embeddable":true,"href":"https:\/\/www.europesays.com\/es\/wp-json\/wp\/v2\/categories?post=118406"},{"taxonomy":"post_tag","embeddable":true,"href":"https:\/\/www.europesays.com\/es\/wp-json\/wp\/v2\/tags?post=118406"}],"curies":[{"name":"wp","href":"https:\/\/api.w.org\/{rel}","templated":true}]}}