{"id":118410,"date":"2025-09-16T08:59:08","date_gmt":"2025-09-16T08:59:08","guid":{"rendered":"https:\/\/www.europesays.com\/es\/118410\/"},"modified":"2025-09-16T08:59:08","modified_gmt":"2025-09-16T08:59:08","slug":"carnero-refuerza-el-hermanamiento-de-valladolid-con-ahmedabad-ciudades-que-aunan-historia-patrimonio-e-innovacion","status":"publish","type":"post","link":"https:\/\/www.europesays.com\/es\/118410\/","title":{"rendered":"Carnero refuerza el hermanamiento de Valladolid con Ahmedabad, ciudades que a\u00fanan historia, patrimonio e innovaci\u00f3n"},"content":{"rendered":"<p>Descripci\u00f3n<\/p>\n<ul>\n<li>\nEl alcalde ha destacado que \u00abeste hermanamiento no es solo un acuerdo entre dos ayuntamientos, sino un puente cultural y humano que abre oportunidades en educaci\u00f3n, ciencia, arte y patrimonio, contribuyendo a un futuro compartido en beneficio de nuestros ciudadanos\u00bb.\n<\/li>\n<li>\nCon esta visita, Valladolid y Ahmedabad consolidan su relaci\u00f3n institucional y sientan las bases para que el plan de acci\u00f3n bilateral se convierta en uno de los ejes que vertebren el programa del a\u00f1o dual 2026 Espa\u00f1a-India de la Cultura, el Turismo y la Inteligencia Artificial.\n<\/li>\n<\/ul>\n<p class=\"cmParagraph cmAlignjustify\">El alcalde de Valladolid, Jes\u00fas Julio Carnero, en su visita oficial a la India, ha renovado el Protocolo de Hermanamiento que une Ahmedabad con Valladolid desde 2017. Este acuerdo, firmado junto a la alcaldesa de la ciudad asi\u00e1tica, Pratibhaben Jain, supone un nuevo impulso a la cooperaci\u00f3n cultural, educativa, tecnol\u00f3gica y social entre dos comunidades que, pese a la distancia geogr\u00e1fica, comparten un fuerte compromiso con la cultura, la innovaci\u00f3n y el desarrollo sostenible.<\/p>\n<p class=\"cmParagraph cmAlignjustify\">Durante la ceremonia de firma, celebrada en el Ayuntamiento de Ahmedabad, Carnero ha destacado \u00abla relevancia de este v\u00ednculo institucional que refuerza los lazos hist\u00f3ricos y culturales entre Espa\u00f1a e India. Valladolid, sede de la Fundaci\u00f3n Casa de la India desde 2003, ha mantenido una relaci\u00f3n especialmente cercana con Ahmedabad, ciudad que en 2009 don\u00f3 un hist\u00f3rico haveli (fachada hist\u00f3rica) para su sede, s\u00edmbolo tangible de amistad y cooperaci\u00f3n\u00bb.<\/p>\n<p class=\"cmParagraph cmAlignjustify\">Adem\u00e1s, el alcalde ha subrayado que \u00abeste hermanamiento no es solo un acuerdo entre dos ayuntamientos, sino un puente cultural y humano que abre oportunidades en educaci\u00f3n, ciencia, arte y patrimonio, contribuyendo a un futuro compartido en beneficio de nuestros ciudadanos\u00bb, a lo que ha a\u00f1adido que \u00abambas ciudades son cuna de personajes esenciales en la historia de sus pa\u00edses (Gandhi, Col\u00f3n, Cervantes, etc.) y no solo miran al pasado sino que est\u00e1n en primera l\u00ednea de la tecnolog\u00eda, la gastronom\u00eda y la IA\u00bb.<\/p>\n<p class=\"cmParagraph cmAlignjustify\"><strong>Una colaboraci\u00f3n con proyecci\u00f3n internacional<\/strong><\/p>\n<p class=\"cmParagraph cmAlignjustify\">El inicio del hermanamiento data de octubre de 2008, cuando, con Francisco Javier Le\u00f3n de la Riva al frente del Ayuntamiento, ya se firm\u00f3 un Protocolo de Amistad que inclu\u00eda el intercambio de experiencias en materia de conservaci\u00f3n de patrimonio y promoci\u00f3n de turismo tras recibir a una delegaci\u00f3n de la ciudad india de Ahmedabad.<\/p>\n<p class=\"cmParagraph cmAlignjustify\">Ahora, el Protocolo renovado contempla nuevas l\u00edneas de trabajo en \u00e1mbitos tan diversos como el intercambio de estudiantes, el desarrollo urbano sostenible, la digitalizaci\u00f3n cultural, la creaci\u00f3n de startups tecnol\u00f3gicas, as\u00ed como la celebraci\u00f3n de festivales gastron\u00f3micos y culturales que acerquen las tradiciones de Valladolid y Ahmedabad a ambos pueblos.<\/p>\n<p class=\"cmParagraph cmAlignjustify\">Entre las iniciativas destacadas figuran:<\/p>\n<ul class=\" cmAlignjustify\">\n<li>Viajes anuales de estudiantes de secundaria y universitarios entre ambas ciudades.<\/li>\n<li>Proyectos conjuntos sobre medio ambiente, movilidad y gesti\u00f3n del patrimonio.<\/li>\n<li>Organizaci\u00f3n de ferias y encuentros culturales, con especial protagonismo de la danza, la m\u00fasica, la gastronom\u00eda y el cine.<\/li>\n<li>Talleres de formaci\u00f3n e intercambio de experiencias para funcionarios y t\u00e9cnicos municipales.<\/li>\n<\/ul>\n<p class=\"cmParagraph cmAlignjustify\">Con estas acciones, ambas ciudades reafirman su compromiso de trabajar juntas por la sostenibilidad, la innovaci\u00f3n y la promoci\u00f3n de su patrimonio cultural.<\/p>\n<p class=\"cmParagraph cmAlignjustify\"><strong>Novedades respecto a la renovaci\u00f3n del hermanamiento<\/strong><\/p>\n<p class=\"cmParagraph cmAlignjustify\">La renovaci\u00f3n del hermanamiento incorpora nuevas \u00e1reas estrat\u00e9gicas que refuerzan la cooperaci\u00f3n y ampl\u00edan las oportunidades de colaboraci\u00f3n:<\/p>\n<p><\/p>\n<ul class=\" cmAlignjustify\">\n<li><strong>En el \u00e1mbito tecnol\u00f3gico<\/strong>, se potencia la innovaci\u00f3n mediante proyectos conjuntos para el desarrollo de start-ups en inteligencia artificial, la creaci\u00f3n de laboratorios compartidos, as\u00ed como iniciativas relacionadas con contenidos digitales y soluciones de movilidad.<\/li>\n<li><strong>En el \u00e1mbito cultural<\/strong>, se abre paso a la digitalizaci\u00f3n, con el objetivo de preservar, difundir y poner en valor el patrimonio y las manifestaciones art\u00edsticas de ambas ciudades en entornos virtuales accesibles a la ciudadan\u00eda.<\/li>\n<li><strong>En el \u00e1mbito tur\u00edstico<\/strong>, se incorpora la gastronom\u00eda como eje de intercambio, promoviendo festivales, encuentros y actividades que permitan descubrir y disfrutar la riqueza culinaria de Valladolid y Ahmedabad como parte de su identidad cultural.<\/li>\n<\/ul>\n<p class=\"cmParagraph cmAlignjustify\">Con estas incorporaciones, el hermanamiento se consolida como un espacio din\u00e1mico de colaboraci\u00f3n internacional que combina tradici\u00f3n y modernidad, fortaleciendo los lazos entre ambas ciudades y proyect\u00e1ndolos hacia el futuro.<\/p>\n<p class=\"cmParagraph cmAlignjustify\"><strong>Un puente cultural entre Espa\u00f1a e India<\/strong><\/p>\n<p class=\"cmParagraph cmAlignjustify\">La renovaci\u00f3n de este hermanamiento no solo fortalece las relaciones institucionales, sino que tambi\u00e9n contribuye a la asociaci\u00f3n estrat\u00e9gica entre Espa\u00f1a e India, creando nuevas oportunidades de cooperaci\u00f3n en turismo, arte, dise\u00f1o, arquitectura, ciencia y tecnolog\u00eda.<\/p>\n<p class=\"cmParagraph cmAlignjustify\">Con esta visita, Valladolid y Ahmedabad consolidan su relaci\u00f3n institucional y adem\u00e1s sientan las bases para que el plan de acci\u00f3n bilateral se convierte en uno de los ejes que vertebren el programa del a\u00f1o dual 2026 Espa\u00f1a-India de la Cultura, el Turismo y la Inteligencia Artificial.<\/p>\n","protected":false},"excerpt":{"rendered":"Descripci\u00f3n El alcalde ha destacado que \u00abeste hermanamiento no es solo un acuerdo entre dos ayuntamientos, sino un&hellip;\n","protected":false},"author":2,"featured_media":118411,"comment_status":"","ping_status":"","sticky":false,"template":"","format":"standard","meta":{"footnotes":""},"categories":[5],"tags":[4115,4109,249,1250,17,18,4107,4114,777,4110,25,24,13,14,260,11,19,20,4108,9,4112,10,15,16,4111,4116,4113,23,12,21,22,1607],"class_list":{"0":"post-118410","1":"post","2":"type-post","3":"status-publish","4":"format-standard","5":"has-post-thumbnail","7":"category-titulares","8":"tag-agendas","9":"tag-alcaldia","10":"tag-ayudas","11":"tag-ayuntamiento","12":"tag-breaking-news","13":"tag-breakingnews","14":"tag-castilla","15":"tag-centros","16":"tag-ciudad","17":"tag-corporacion","18":"tag-es","19":"tag-espana","20":"tag-featured-news","21":"tag-featurednews","22":"tag-gente","23":"tag-headlines","24":"tag-latest-news","25":"tag-latestnews","26":"tag-leon","27":"tag-news","28":"tag-normativas","29":"tag-noticias","30":"tag-noticias-destacadas","31":"tag-noticiasdestacadas","32":"tag-presupuestos","33":"tag-publicaciones","34":"tag-servicios","35":"tag-spain","36":"tag-titulares","37":"tag-ultimas-noticias","38":"tag-ultimasnoticias","39":"tag-valladolid"},"share_on_mastodon":{"url":"","error":""},"_links":{"self":[{"href":"https:\/\/www.europesays.com\/es\/wp-json\/wp\/v2\/posts\/118410","targetHints":{"allow":["GET"]}}],"collection":[{"href":"https:\/\/www.europesays.com\/es\/wp-json\/wp\/v2\/posts"}],"about":[{"href":"https:\/\/www.europesays.com\/es\/wp-json\/wp\/v2\/types\/post"}],"author":[{"embeddable":true,"href":"https:\/\/www.europesays.com\/es\/wp-json\/wp\/v2\/users\/2"}],"replies":[{"embeddable":true,"href":"https:\/\/www.europesays.com\/es\/wp-json\/wp\/v2\/comments?post=118410"}],"version-history":[{"count":0,"href":"https:\/\/www.europesays.com\/es\/wp-json\/wp\/v2\/posts\/118410\/revisions"}],"wp:featuredmedia":[{"embeddable":true,"href":"https:\/\/www.europesays.com\/es\/wp-json\/wp\/v2\/media\/118411"}],"wp:attachment":[{"href":"https:\/\/www.europesays.com\/es\/wp-json\/wp\/v2\/media?parent=118410"}],"wp:term":[{"taxonomy":"category","embeddable":true,"href":"https:\/\/www.europesays.com\/es\/wp-json\/wp\/v2\/categories?post=118410"},{"taxonomy":"post_tag","embeddable":true,"href":"https:\/\/www.europesays.com\/es\/wp-json\/wp\/v2\/tags?post=118410"}],"curies":[{"name":"wp","href":"https:\/\/api.w.org\/{rel}","templated":true}]}}