{"id":118414,"date":"2025-09-16T09:02:10","date_gmt":"2025-09-16T09:02:10","guid":{"rendered":"https:\/\/www.europesays.com\/es\/118414\/"},"modified":"2025-09-16T09:02:10","modified_gmt":"2025-09-16T09:02:10","slug":"ilia-topuria-deja-clara-su-opinion-sobre-los-ataques-de-israel-a-gaza","status":"publish","type":"post","link":"https:\/\/www.europesays.com\/es\/118414\/","title":{"rendered":"Ilia Topuria deja clara su opini\u00f3n sobre los ataques de Israel a Gaza"},"content":{"rendered":"<p data-mrf-recirculation=\"Links P\u00e1rrafos\" class=\"ue-c-article__paragraph paragraph\"><a href=\"https:\/\/www.marca.com\/combates-ufc\/illia-topuria.html\" rel=\"nofollow noopener\" target=\"_blank\"><strong>Ilia Topuria<\/strong><\/a>, campe\u00f3n del mundo del peso ligero de la Ultimate Fighting Championship (UFC) o artes marciales mixtas,\u00a0 expres\u00f3 toda su <strong>solidaridad con el pueblo de Gaza<\/strong> e <strong>hizo un llamamiento para que Israel detenga la guerra<\/strong> y evite m\u00e1s muertes al subrayar que no est\u00e1 de acuerdo con la operaci\u00f3n militar en el territorio palestino.<\/p>\n<blockquote class=\"ue-c-article__blockquote\">\n<p>Si tuviera la oportunidad de hacer algo, parar\u00eda esa guerra ahora mismo porque no la acepto<\/p>\n<p>Ilia Topuria<\/p><\/blockquote>\n<p data-mrf-recirculation=\"Links P\u00e1rrafos\" class=\"ue-c-article__paragraph paragraph\">\u00abSi tuviera la oportunidad de hacer algo, parar\u00eda esa guerra ahora mismo porque no la acepto\u00bb, asegur\u00f3 Topuria en un desayuno informativo organizado por el <strong>Foro de la Nueva Econom\u00eda<\/strong> celebrado en el Real Casino Gran C\u00edrculo de Madrid.<\/p>\n<blockquote class=\"ue-c-article__blockquote\">\n<p>Nunca queremos que nadie muera en el mundo, sino lo contrario. Siempre queremos que a nadie le falte nada, que todo el mundo tenga agua para beber y pan para comer<\/p>\n<p>Ilia Topuria<\/p><\/blockquote>\n<p data-mrf-recirculation=\"Links P\u00e1rrafos\" class=\"ue-c-article__paragraph paragraph\">Para el p\u00fagil hispanogeorgiano, <strong>\u00abnunca se puede apoyar este tipo de causas\u00bb<\/strong>, en referencia a la <strong>respuesta militar llevada a cabo por Israel como respuesta a los atentados del grupo terrorista Ham\u00e1s cometidos el 7 de octubre de 2023<\/strong>: \u00abNunca queremos que nadie muera en el mundo, sino lo contrario. Siempre queremos que a nadie le falte nada, que todo el mundo tenga agua para beber y pan para comer\u00bb.<\/p>\n<p><img decoding=\"async\" width=\"1980\" height=\"1320\" class=\"ue-c-article__image lazyload\" alt=\"Ilia Topuria rechaza la respuesta de Israel en Gaza: &quot;Parar\u00eda la guerra porque no la acepto&quot;\" loading=\"lazy\" src=\"https:\/\/www.europesays.com\/es\/wp-content\/uploads\/2025\/09\/68c92443c08f1.jpeg\"\/><\/p>\n<p>Ilia Topuria rechaza la respuesta de Israel en Gaza: \u00abParar\u00eda la guerra porque no la acepto\u00bbEFE<\/p>\n<p data-mrf-recirculation=\"Links P\u00e1rrafos\" class=\"ue-c-article__paragraph paragraph\">\u00abDesde aqu\u00ed, a toda las familias de Gaza le mandamos todo el apoyo y estamos con vosotros\u00bb, a\u00f1adi\u00f3 Topuria en el <strong>acto al que asistieron varios dirigentes de Vox, como Javier Ortega Smith y Pepa Mill\u00e1n<\/strong>.<\/p>\n<p>Arturo Guill\u00e9n, presidente de WOW: \u00abAlguna vez nos han intentado hacer tomar partido\u00bb<\/p>\n<p data-mrf-recirculation=\"Links P\u00e1rrafos\" class=\"ue-c-article__paragraph paragraph\">Tambi\u00e9n intervino desde la tribuna <strong>Arturo Guill\u00e9n<\/strong>, el presidente de WOW, la promotora en Espa\u00f1a de los eventos de UFC.<\/p>\n<p><img decoding=\"async\" width=\"3000\" height=\"2000\" class=\"ue-c-article__image lazyload\" alt=\"Arturo Guill\u00e9n, presidente de WOW: &quot;Alguna vez nos han intentado hacer tomar partido&quot;, presidente de WOW: &quot;Alguna vez nos han intentado hacer tomar partido&quot;\" loading=\"lazy\" src=\"https:\/\/www.europesays.com\/es\/wp-content\/uploads\/2025\/09\/68c92495b1e58.jpeg\"\/><\/p>\n<p>Arturo Guill\u00e9n, presidente de WOW: \u00abAlguna vez nos han intentado hacer tomar partido\u00bb, presidente de WOW: \u00abAlguna vez nos han intentado hacer tomar partido\u00bbEFE<\/p>\n<p data-mrf-recirculation=\"Links P\u00e1rrafos\" class=\"ue-c-article__paragraph paragraph\">Preguntado sobre si est\u00e1 a favor del veto a los deportistas israel\u00edes como respuesta a lo que est\u00e1 ocurriendo en Gaza, Guill\u00e9n se mostr\u00f3 en contra de esta medida porque \u00abla pol\u00edtica y el deporte tienen que est\u00e1n completamente separados\u00bb.<\/p>\n<p data-mrf-recirculation=\"Links P\u00e1rrafos\" class=\"ue-c-article__paragraph paragraph\">\u00abAlguna vez nos han intentado hacer tomar partido. Somos agn\u00f3sticos, respetamos a todo el mundo e intentamos ayudar a todo el mundo. Hemos contado con muchos pol\u00edticos en nuestros eventos y estamos encantados de recibirlos a todos\u00bb, se\u00f1al\u00f3 el directivo de WOW.\u00a0<\/p>\n","protected":false},"excerpt":{"rendered":"Ilia Topuria, campe\u00f3n del mundo del peso ligero de la Ultimate Fighting Championship (UFC) o artes marciales mixtas,\u00a0&hellip;\n","protected":false},"author":2,"featured_media":118415,"comment_status":"","ping_status":"","sticky":false,"template":"","format":"standard","meta":{"footnotes":""},"categories":[276],"tags":[168,25,24,23,167,343],"class_list":{"0":"post-118414","1":"post","2":"type-post","3":"status-publish","4":"format-standard","5":"has-post-thumbnail","7":"category-ufc","8":"tag-deportes","9":"tag-es","10":"tag-espana","11":"tag-spain","12":"tag-sports","13":"tag-ufc"},"share_on_mastodon":{"url":"","error":""},"_links":{"self":[{"href":"https:\/\/www.europesays.com\/es\/wp-json\/wp\/v2\/posts\/118414","targetHints":{"allow":["GET"]}}],"collection":[{"href":"https:\/\/www.europesays.com\/es\/wp-json\/wp\/v2\/posts"}],"about":[{"href":"https:\/\/www.europesays.com\/es\/wp-json\/wp\/v2\/types\/post"}],"author":[{"embeddable":true,"href":"https:\/\/www.europesays.com\/es\/wp-json\/wp\/v2\/users\/2"}],"replies":[{"embeddable":true,"href":"https:\/\/www.europesays.com\/es\/wp-json\/wp\/v2\/comments?post=118414"}],"version-history":[{"count":0,"href":"https:\/\/www.europesays.com\/es\/wp-json\/wp\/v2\/posts\/118414\/revisions"}],"wp:featuredmedia":[{"embeddable":true,"href":"https:\/\/www.europesays.com\/es\/wp-json\/wp\/v2\/media\/118415"}],"wp:attachment":[{"href":"https:\/\/www.europesays.com\/es\/wp-json\/wp\/v2\/media?parent=118414"}],"wp:term":[{"taxonomy":"category","embeddable":true,"href":"https:\/\/www.europesays.com\/es\/wp-json\/wp\/v2\/categories?post=118414"},{"taxonomy":"post_tag","embeddable":true,"href":"https:\/\/www.europesays.com\/es\/wp-json\/wp\/v2\/tags?post=118414"}],"curies":[{"name":"wp","href":"https:\/\/api.w.org\/{rel}","templated":true}]}}