{"id":118416,"date":"2025-09-16T09:04:07","date_gmt":"2025-09-16T09:04:07","guid":{"rendered":"https:\/\/www.europesays.com\/es\/118416\/"},"modified":"2025-09-16T09:04:07","modified_gmt":"2025-09-16T09:04:07","slug":"alcaraz-a-punto-se-prepara-para-la-laver-cup","status":"publish","type":"post","link":"https:\/\/www.europesays.com\/es\/118416\/","title":{"rendered":"Alcaraz, a punto, se prepara para la Laver Cup"},"content":{"rendered":"<p class=\"ft-text\"><a class=\"ft-link ft-link--decoration\" href=\"https:\/\/www.laopiniondemurcia.es\/tags\/carlos-alcaraz\/\" rel=\"nofollow noopener\" target=\"_blank\">Carlos Alcaraz<\/a> regres\u00f3 este pasado fin de semana a las pistas.<strong> El murciano, reci\u00e9n proclamado campe\u00f3n del US Open, se ejercit\u00f3 bajo el techo cubierto de su academia ubicada en El Palmar<\/strong>,<strong> a fin de preparar la Laver Cup<\/strong>: competici\u00f3n intrenacional por equipos que albergar\u00e1 su octava edici\u00f3n, del 19 al 21 de septiembre, en San Francisco (Estados Unidos).<\/p>\n<p class=\"ft-text\"><a class=\"ft-link ft-link--decoration\" href=\"https:\/\/www.laopiniondemurcia.es\/deportes\/2025\/09\/08\/carlos-alcaraz-rozar-perfeccion-mantiene-121365088.html\" rel=\"nofollow noopener\" target=\"_blank\">Tras conquistar su sexto Grand Slam en Flushing Meadows<\/a> y no disputar la fase previa de la Copa Davis, el tenista murciano viaj\u00f3 ayer a tierras norteamericanas.<strong> All\u00ed, acompa\u00f1ado de Samuel L\u00f3pez y no de Juan Carlos Ferrero, tratar\u00e1 de repetir el \u00e9xito de la temporada pasada<\/strong>, cuand\u00f3 llev\u00f3 al \u2018Team Europa\u2019 el a\u00f1o pasado a lograr su quinto t\u00edtulo en esta competici\u00f3n.<\/p>\n<p class=\"ft-text\">De esta forma, el murciano liderar\u00e1 de nuevo el conjunto europeo que est\u00e1 formado por los seis mejores tenistas actuales del \u2018viejo continente\u2019. Para esta campa\u00f1a, los jugadores que lo conforman son los siguientes:<strong> Carlos Alcaraz (1), Alexander Zverev (3), Holger Rune (11), Casper Ruud (12), Jakub Mensik (17) y Flavio Cobolli (25)<\/strong>. Por su parte, el \u2018Team World\u2019 estar\u00e1 compuesto por: Taylor Fritz (5), Alex de Mi\u00f1aur (8), Francisco Cer\u00fandolo (21), Joao Fonseca (42), Alex Michelsen (32) y Reilly Opelka (62).<\/p>\n<p class=\"ft-text\">Adem\u00e1s de los jugadores, a partir de este curso la Laver Cup tambi\u00e9n cuenta con novedades en sus capitanes: <strong>Yannick Noah reemplazar\u00e1 a Bjorn Borg como m\u00e1ximo responsable del \u2018Team Europe\u2019<\/strong>, y Tim Henman ser\u00e1 el vicecapit\u00e1n; mientras que Andr\u00e9 Agassi sustituir\u00e1 a John McEnroe en el \u2018Team World\u2019; Patrick Rafter ser\u00e1 el vicecapit\u00e1n. Unas modificaciones que no alteran, sin embargo, el formato y puntuaci\u00f3n inicial del torneo, desde que se cre\u00f3 en 2017.<\/p>\n<p class=\"ft-text\"><strong>Todos los encuentros se jugar\u00e1n a tres sets y, en caso de empate, se jugar\u00e1 un super tie-break al mejor de diez puntos. <\/strong>No obstante, la competici\u00f3n no otorga el mismo valor a cada uno de los triunfos que consigan los equipos: las victorias obtenidas el viernes supondr\u00e1n un punto, mientras que las del s\u00e1bado dos; y las del domingo tres. De esta forma, el primer elenco que llegu\u00e9 a 13 puntos ser\u00e1 el ganador de la octava edici\u00f3n de la Laver Cup.<\/p>\n<p class=\"ft-text\">Una vez superado este campeonato, Alcaraz continuar\u00e1 su periplo por el circuito con el objetivo de mantener la condici\u00f3n de n\u00famero uno del mundo. El murciano defiende 500 puntos en Pek\u00edn y recalar\u00eda m\u00e1s tarde a finales de octubre en el Masters 1000 de Par\u00eds-Bercy: t\u00edtulo que todav\u00eda no ha conseguido. Ya, m\u00e1s tarde, el tenista espa\u00f1ol contar\u00eda en su <a class=\"ft-link ft-link--decoration\" href=\"https:\/\/www.sport.es\/es\/motor\/moto-gp\/calendario\/\" target=\"_blank\" rel=\"nofollow noopener\">calendario<\/a> c<strong>on la Copa de Maestros en las ATP Finals de Tur\u00edn en noviembre. <\/strong>Durante ese mes, jugar\u00e1 la <a class=\"ft-link ft-link--decoration\" href=\"https:\/\/www.laopiniondemurcia.es\/deportes\/2025\/09\/14\/copa-davis-pablo-carreno-elmer-moeller-121566042.html\" rel=\"nofollow noopener\" target=\"_blank\">Copa Davis<\/a>, despu\u00e9s de que el combinado de David Ferrer cerrase este domingo su billete para disputar las Finales en Bolonia. n<\/p>\n","protected":false},"excerpt":{"rendered":"Carlos Alcaraz regres\u00f3 este pasado fin de semana a las pistas. El murciano, reci\u00e9n proclamado campe\u00f3n del US&hellip;\n","protected":false},"author":2,"featured_media":118417,"comment_status":"","ping_status":"","sticky":false,"template":"","format":"standard","meta":{"footnotes":""},"categories":[274],"tags":[4736,1691,545,4842,13877,5393,168,25,24,25573,5936,2320,23,167,327,326],"class_list":{"0":"post-118416","1":"post","2":"type-post","3":"status-publish","4":"format-standard","5":"has-post-thumbnail","7":"category-tenis","8":"tag-alcaraz","9":"tag-atp","10":"tag-carlos-alcaraz","11":"tag-competicion","12":"tag-copa-davis","13":"tag-cup","14":"tag-deportes","15":"tag-es","16":"tag-espana","17":"tag-laver","18":"tag-prepara","19":"tag-punto","20":"tag-spain","21":"tag-sports","22":"tag-tenis","23":"tag-tennis"},"share_on_mastodon":{"url":"","error":""},"_links":{"self":[{"href":"https:\/\/www.europesays.com\/es\/wp-json\/wp\/v2\/posts\/118416","targetHints":{"allow":["GET"]}}],"collection":[{"href":"https:\/\/www.europesays.com\/es\/wp-json\/wp\/v2\/posts"}],"about":[{"href":"https:\/\/www.europesays.com\/es\/wp-json\/wp\/v2\/types\/post"}],"author":[{"embeddable":true,"href":"https:\/\/www.europesays.com\/es\/wp-json\/wp\/v2\/users\/2"}],"replies":[{"embeddable":true,"href":"https:\/\/www.europesays.com\/es\/wp-json\/wp\/v2\/comments?post=118416"}],"version-history":[{"count":0,"href":"https:\/\/www.europesays.com\/es\/wp-json\/wp\/v2\/posts\/118416\/revisions"}],"wp:featuredmedia":[{"embeddable":true,"href":"https:\/\/www.europesays.com\/es\/wp-json\/wp\/v2\/media\/118417"}],"wp:attachment":[{"href":"https:\/\/www.europesays.com\/es\/wp-json\/wp\/v2\/media?parent=118416"}],"wp:term":[{"taxonomy":"category","embeddable":true,"href":"https:\/\/www.europesays.com\/es\/wp-json\/wp\/v2\/categories?post=118416"},{"taxonomy":"post_tag","embeddable":true,"href":"https:\/\/www.europesays.com\/es\/wp-json\/wp\/v2\/tags?post=118416"}],"curies":[{"name":"wp","href":"https:\/\/api.w.org\/{rel}","templated":true}]}}