{"id":118418,"date":"2025-09-16T09:05:07","date_gmt":"2025-09-16T09:05:07","guid":{"rendered":"https:\/\/www.europesays.com\/es\/118418\/"},"modified":"2025-09-16T09:05:07","modified_gmt":"2025-09-16T09:05:07","slug":"va-a-marcar-un-antes-y-un-despues","status":"publish","type":"post","link":"https:\/\/www.europesays.com\/es\/118418\/","title":{"rendered":"&#8216;Va a marcar un antes y un despu\u00e9s&#8217;"},"content":{"rendered":"<p>El nuevo colaborador del programa de Ma\u00f1aneros <b>Pedro Piqueras ha repasado durante su intervenci\u00f3n en el programa de TVE <\/b>todo lo que se vivi\u00f3 este domingo en Madrid con<a href=\"https:\/\/www.huffingtonpost.es\/deporte\/la-organizacion-vuelta-modifica-recorrido-ultima-etapa-80-kilometros-meta-madrid.html\" target=\"_blank\" rel=\"nofollow noopener\"> la suspensi\u00f3n de la \u00faltima etapa de La Vuelta Ciclista a Espa\u00f1a.<\/a><\/p>\n<p><b>\u00abHa habido una gran protesta que va a marcar un antes y un despu\u00e9s de lo que est\u00e1 ocurriendo en Gaza<\/b>. Violentos los hay siempre que hay una gran concentraci\u00f3n y algo de enfado e ira tambi\u00e9n, pero ha habido miles de personas que se han manifestado contra la matanza sistem\u00e1tica que est\u00e1 habiendo en Gaza de hombres, mujeres y ni\u00f1os\u00bb, ha sentenciado el periodista.<\/p>\n<p>El expresentador de Informativos Telecinco ha recordado que Israel hizo una operaci\u00f3n contra lo ocurrido el 7 de octubre de hace dos a\u00f1os, que fue \u00abmuy injusto\u00bb y que es algo que tiene una respuesta: \u00abEn aquella matanza todo el mundo se puso en contra de Ham\u00e1s y <b>ahora Israel se ha pasado a todos los niveles y esto es un antes y un despu\u00e9s\u00bb.\u00a0<\/b><\/p>\n<p>Preguntado por si todo lo que ocurri\u00f3 en Madrid se puede comparar a la guerra de Sarajevo, ha sentenciado que afirmaciones de ese estilo son \u00abincre\u00edbles\u00bb. <b>\u00abCreo que se est\u00e1 produciendo una corrupci\u00f3n del lenguaje en general.<\/b> Tengo amigos jud\u00edos que viven en Israel y otros en Espa\u00f1a, algunos est\u00e1n del lado de Netanyahu y otros que no, que ven una aberraci\u00f3n lo que est\u00e1n haciendo. \u00bfSon antisemitas los jud\u00edos que no est\u00e1n de acuerdo con su pol\u00edtico o son proHam\u00e1s los que lo critican? No, en general est\u00e1n en contra de esa agresi\u00f3n permanente\u00bb.\u00a0<\/p>\n<p>\u00abLo que estamos en contra muchas personas es de ver esas im\u00e1genes de hombres, mujeres y ni\u00f1os destrozados, que van m\u00e1s de 67.000 v\u00edctimas. Adem\u00e1s de eso y de una corrupci\u00f3n del lenguaje <b>hay un doble rasero en muchas cosas y hay una gran diferencia en el trato entre Israel y Rusia<\/b>\u00ab, ha a\u00f1adido.<\/p>\n<p>Entonces Piqueras ha recordado que \u00ab<b>Rusia, por su guerra en Ucrania, ha sido apartada de muchas competiciones internacionales <\/b>e Israel s\u00ed que est\u00e1 en todas porque tiene mucha fuerza seguro por el apoyo de Estados Unidos para estar en todas partes\u00bb.<\/p>\n<p>Finalmente, ha acabado insistiendo en que <b>\u00abcomparar lo de este domingo con Sarajevo o con ETA me parece un exceso absoluto<\/b> y lo saben hasta los que lo pronuncian, pero que sirven para aumentar la tensi\u00f3n pol\u00edtica\u00bb.<\/p>\n<p>\u00abEn Madrid ocurri\u00f3 algo que fue que hubo personas que interrumpieron la carrera, hubo violencia y cargas policiales, pero <b>comparar eso con Sarajevos es absurdo<\/b>. Los que interrumpieron la carrera no fueron la mayor\u00eda de personas que estaban ah\u00ed protestando por el genocidio o matanza\u00bb, ha rematado Piqueras.<\/p>\n","protected":false},"excerpt":{"rendered":"El nuevo colaborador del programa de Ma\u00f1aneros Pedro Piqueras ha repasado durante su intervenci\u00f3n en el programa de&hellip;\n","protected":false},"author":2,"featured_media":118419,"comment_status":"","ping_status":"","sticky":false,"template":"","format":"standard","meta":{"footnotes":""},"categories":[273],"tags":[313,7807,312,168,1053,25,24,4596,25407,23,167,19678],"class_list":{"0":"post-118418","1":"post","2":"type-post","3":"status-publish","4":"format-standard","5":"has-post-thumbnail","7":"category-ciclismo","8":"tag-ciclismo","9":"tag-claro","10":"tag-cycling","11":"tag-deportes","12":"tag-domingo","13":"tag-es","14":"tag-espana","15":"tag-habla","16":"tag-piqueras","17":"tag-spain","18":"tag-sports","19":"tag-vivio"},"share_on_mastodon":{"url":"","error":""},"_links":{"self":[{"href":"https:\/\/www.europesays.com\/es\/wp-json\/wp\/v2\/posts\/118418","targetHints":{"allow":["GET"]}}],"collection":[{"href":"https:\/\/www.europesays.com\/es\/wp-json\/wp\/v2\/posts"}],"about":[{"href":"https:\/\/www.europesays.com\/es\/wp-json\/wp\/v2\/types\/post"}],"author":[{"embeddable":true,"href":"https:\/\/www.europesays.com\/es\/wp-json\/wp\/v2\/users\/2"}],"replies":[{"embeddable":true,"href":"https:\/\/www.europesays.com\/es\/wp-json\/wp\/v2\/comments?post=118418"}],"version-history":[{"count":0,"href":"https:\/\/www.europesays.com\/es\/wp-json\/wp\/v2\/posts\/118418\/revisions"}],"wp:featuredmedia":[{"embeddable":true,"href":"https:\/\/www.europesays.com\/es\/wp-json\/wp\/v2\/media\/118419"}],"wp:attachment":[{"href":"https:\/\/www.europesays.com\/es\/wp-json\/wp\/v2\/media?parent=118418"}],"wp:term":[{"taxonomy":"category","embeddable":true,"href":"https:\/\/www.europesays.com\/es\/wp-json\/wp\/v2\/categories?post=118418"},{"taxonomy":"post_tag","embeddable":true,"href":"https:\/\/www.europesays.com\/es\/wp-json\/wp\/v2\/tags?post=118418"}],"curies":[{"name":"wp","href":"https:\/\/api.w.org\/{rel}","templated":true}]}}