{"id":118426,"date":"2025-09-16T09:09:13","date_gmt":"2025-09-16T09:09:13","guid":{"rendered":"https:\/\/www.europesays.com\/es\/118426\/"},"modified":"2025-09-16T09:09:13","modified_gmt":"2025-09-16T09:09:13","slug":"javier-cansado-69-anos-anuncia-que-tiene-cancer-y-se-retira-de-la-vida-publica-varios-meses","status":"publish","type":"post","link":"https:\/\/www.europesays.com\/es\/118426\/","title":{"rendered":"Javier Cansado (69 a\u00f1os) anuncia que tiene c\u00e1ncer y se retira de la vida p\u00fablica \u201cvarios meses\u201d"},"content":{"rendered":"<p><img alt=\"JAVIER CANSADO EN LOS PREMIOS\" class=\"global-image\" decoding=\"async\" fetchpriority=\"high\" height=\"1080\" loading=\"eager\" src=\"https:\/\/www.europesays.com\/es\/wp-content\/uploads\/2025\/09\/IYKAESPYQBEVJGE4SKZ4AASKMU.jpg\" width=\"1920\"\/>JAVIER CANSADO EN LOS PREMIOS ILUSTRES IGNORANTES. (EUROPA PRESS).<\/p>\n<p class=\"paragraph\">El humorista y locutor de radio <b>Javier Cansado<\/b>, de 69 a\u00f1os, ha comunicado este lunes que atraviesa <a href=\"https:\/\/www.infobae.com\/espana\/2025\/09\/15\/quien-es-lidia-santos-la-nueva-camarera-de-first-dates-modelo-de-pasarela-miss-malaga-y-concursante-de-supervivientes\/\" target=\"_blank\" rel=\"noreferrer nofollow noopener\" title=\"https:\/\/www.infobae.com\/espana\/2025\/09\/15\/quien-es-lidia-santos-la-nueva-camarera-de-first-dates-modelo-de-pasarela-miss-malaga-y-concursante-de-supervivientes\/\">un delicado momento de salud<\/a>. A trav\u00e9s de un breve mensaje en la red social X, ha explicado que este verano le detectaron<b> un tumor, fue operado <\/b>y en los pr\u00f3ximos d\u00edas comenzar\u00e1 un tratamiento que le obligar\u00e1 a apartarse de su actividad profesional durante varios meses.<\/p>\n<p class=\"paragraph\">\u201cMe puse enfermo, un tumor era el culpable. Me han operado y esta semana empiezo el tratamiento, as\u00ed que estar\u00e9 varios meses sin participar en mis movidas\u201d, ha compartido el c\u00f3mico <a href=\"https:\/\/www.infobae.com\/espana\/2025\/09\/15\/la-reina-letizia-no-lucira-su-querida-tiara-en-la-visita-de-estado-de-egipto-el-motivo-de-la-decision-de-casa-real\/\" target=\"_blank\" rel=\"noreferrer nofollow noopener\" title=\"https:\/\/www.infobae.com\/espana\/2025\/09\/15\/la-reina-letizia-no-lucira-su-querida-tiara-en-la-visita-de-estado-de-egipto-el-motivo-de-la-decision-de-casa-real\/\">en su cuenta personal.<\/a> Poco despu\u00e9s, y tras recibir miles de mensajes de \u00e1nimo, regresaba a la plataforma para agradecer las muestras de cari\u00f1o: \u201cMuchas gracias. \u00a1\u00a1\u00a1Despu\u00e9s de leeros no me queda otra que curarme!!!!\u201d.<\/p>\n<p class=\"paragraph\">Las reacciones de compa\u00f1eros de profesi\u00f3n y seguidores no se han hecho esperar. El actor y humorista <b>Dani Rovira<\/b>, que super\u00f3 un linfoma de Hodgkin en 2020, le ha escrito: \u201cTe esperamos a la vuelta\u201d, <a href=\"https:\/\/www.infobae.com\/espana\/2025\/09\/15\/un-cirujano-plastico-analiza-el-nuevo-rostro-de-jorge-javier-vazquez-no-se-mueven-bien-los-musculos-de-la-cara\/\" target=\"_blank\" rel=\"noreferrer nofollow noopener\" title=\"https:\/\/www.infobae.com\/espana\/2025\/09\/15\/un-cirujano-plastico-analiza-el-nuevo-rostro-de-jorge-javier-vazquez-no-se-mueven-bien-los-musculos-de-la-cara\/\">acompa\u00f1ado de un coraz\u00f3n. <\/a>El presentador <b>I\u00f1aki L\u00f3pez<\/b> le ha mandado \u201c\u00a1Un abrazo enorme y mucha suerte, maestro!\u201d, mientras que el c\u00f3mico <b>J.J. Vaquero<\/b> ha optado por un contundente \u201c\u00c1nimo y fuerza, tit\u00e1n\u201d. Tambi\u00e9n el escritor <b>Javier Castillo<\/b> le ha dejado un mensaje afectuoso: \u201cCu\u00eddate mucho, Javier\u201d. La noticia ha conmovido al panorama cultural, donde Cansado es considerado una figura esencial del humor espa\u00f1ol. <\/p>\n<p class=\"paragraph\">Nacido en el barrio madrile\u00f1o de Carabanchel en 1957, Javier Cansado alcanz\u00f3 la popularidad en los a\u00f1os ochenta gracias al d\u00fao <b>Faemino y Cansado<\/b>, junto a<a href=\"https:\/\/www.infobae.com\/espana\/2025\/09\/15\/chenoa-se-afianza-como-presentadora-de-ot-y-no-cierra-las-puertas-a-supervivientes-o-gh-todo-me-parece-interesante-me-gusta-comunicar\/\" target=\"_blank\" rel=\"noreferrer nofollow noopener\" title=\"https:\/\/www.infobae.com\/espana\/2025\/09\/15\/chenoa-se-afianza-como-presentadora-de-ot-y-no-cierra-las-puertas-a-supervivientes-o-gh-todo-me-parece-interesante-me-gusta-comunicar\/\"> su inseparable compa\u00f1ero Carlos Faemino<\/a>. Ambos comenzaron actuando en la calle con un estilo espont\u00e1neo e ir\u00f3nico que pronto conquist\u00f3 al p\u00fablico. Su salto a la televisi\u00f3n lleg\u00f3 con La bola de cristal, a la que siguieron otros espacios como Cr\u00f3nicas Marcianas.<\/p>\n<p class=\"paragraph\">Con los a\u00f1os, el d\u00fao consolid\u00f3 una trayectoria que les llev\u00f3 tambi\u00e9n al teatro y al cine, con apariciones en pel\u00edculas como Torrente, el brazo tonto de la ley (1998). Actualmente, estaban inmersos en la gira 17 veces, reloaded, cancelada \u201chasta nuevo aviso\u201d debido a la situaci\u00f3n de salud del c\u00f3mico.<\/p>\n<p><img alt=\"PREMIOS ILUSTRES IGNORANTES. (Europa Press\" class=\"global-image\" decoding=\"async\" fetchpriority=\"low\" height=\"1994\" loading=\"lazy\" src=\"https:\/\/www.europesays.com\/es\/wp-content\/uploads\/2025\/09\/2CHI4AYKXVFKRH2OKNWC55B44U.jpg\" width=\"2928\"\/>PREMIOS ILUSTRES IGNORANTES. (Europa Press Reportajes \/ Europa Press).<\/p>\n<p class=\"paragraph\">Paralelamente, Cansado ha desarrollado una intensa actividad individual. Ha trabajado en la radio en programas como La Ventana u Oh! My LOL, y ha explorado su faceta literaria con el libro C\u00f3mo acabar con los libros de c\u00f3mo, publicado en 1992 bajo el seud\u00f3nimo Rudy Cansado. Tambi\u00e9n ha tenido incursiones en el cine, participando en la comedia Airbag.<\/p>\n<p class=\"paragraph\">En televisi\u00f3n, su presencia ha sido constante en espacios como El intermedio o El fin de la comedia. Pero sobre todo se le identifica en los \u00faltimos a\u00f1os como colaborador de <b>Ilustres Ignorantes<\/b>, el programa de Movistar+ que conduce Javier Coronas. Adem\u00e1s, forma parte del p\u00f3dcast Todopoderosos, junto a Rodrigo Cort\u00e9s, Arturo Gonz\u00e1lez-Campos y Juan G\u00f3mez-Jurado, donde despliega su pasi\u00f3n por la cultura y el cine.<\/p>\n<p class=\"paragraph\">Su humor absurdo y l\u00facido<a href=\"https:\/\/www.infobae.com\/espana\/2025\/09\/15\/noemi-galera-directora-de-la-academia-de-ot-intentamos-que-la-gente-les-conozca-como-artistas-lo-que-ocurra-despues-no-depende-de-nosotros\/\" target=\"_blank\" rel=\"noreferrer nofollow noopener\" title=\"https:\/\/www.infobae.com\/espana\/2025\/09\/15\/noemi-galera-directora-de-la-academia-de-ot-intentamos-que-la-gente-les-conozca-como-artistas-lo-que-ocurra-despues-no-depende-de-nosotros\/\"> ha dejado huella en varias generaciones<\/a>. Sin embargo, Cansado nunca ha ocultado su inter\u00e9s por reflexionar sobre la vida. Durante la pandemia, en una entrevista, admit\u00eda con iron\u00eda que ya ve\u00eda \u201clas orejas al lobo\u201d y que cuidaba m\u00e1s su salud practicando h\u00e1bitos como la autofagia.<\/p>\n","protected":false},"excerpt":{"rendered":"JAVIER CANSADO EN LOS PREMIOS ILUSTRES IGNORANTES. (EUROPA PRESS). El humorista y locutor de radio Javier Cansado, de&hellip;\n","protected":false},"author":2,"featured_media":118427,"comment_status":"","ping_status":"","sticky":false,"template":"","format":"standard","meta":{"footnotes":""},"categories":[174],"tags":[9395,255,146,147,25,24,256,23],"class_list":{"0":"post-118426","1":"post","2":"type-post","3":"status-publish","4":"format-standard","5":"has-post-thumbnail","7":"category-famosos","8":"tag-category_code_sho","9":"tag-celebrities","10":"tag-entertainment","11":"tag-entretenimiento","12":"tag-es","13":"tag-espana","14":"tag-famosos","15":"tag-spain"},"share_on_mastodon":{"url":"","error":""},"_links":{"self":[{"href":"https:\/\/www.europesays.com\/es\/wp-json\/wp\/v2\/posts\/118426","targetHints":{"allow":["GET"]}}],"collection":[{"href":"https:\/\/www.europesays.com\/es\/wp-json\/wp\/v2\/posts"}],"about":[{"href":"https:\/\/www.europesays.com\/es\/wp-json\/wp\/v2\/types\/post"}],"author":[{"embeddable":true,"href":"https:\/\/www.europesays.com\/es\/wp-json\/wp\/v2\/users\/2"}],"replies":[{"embeddable":true,"href":"https:\/\/www.europesays.com\/es\/wp-json\/wp\/v2\/comments?post=118426"}],"version-history":[{"count":0,"href":"https:\/\/www.europesays.com\/es\/wp-json\/wp\/v2\/posts\/118426\/revisions"}],"wp:featuredmedia":[{"embeddable":true,"href":"https:\/\/www.europesays.com\/es\/wp-json\/wp\/v2\/media\/118427"}],"wp:attachment":[{"href":"https:\/\/www.europesays.com\/es\/wp-json\/wp\/v2\/media?parent=118426"}],"wp:term":[{"taxonomy":"category","embeddable":true,"href":"https:\/\/www.europesays.com\/es\/wp-json\/wp\/v2\/categories?post=118426"},{"taxonomy":"post_tag","embeddable":true,"href":"https:\/\/www.europesays.com\/es\/wp-json\/wp\/v2\/tags?post=118426"}],"curies":[{"name":"wp","href":"https:\/\/api.w.org\/{rel}","templated":true}]}}