{"id":11843,"date":"2025-07-29T14:47:10","date_gmt":"2025-07-29T14:47:10","guid":{"rendered":"https:\/\/www.europesays.com\/es\/11843\/"},"modified":"2025-07-29T14:47:10","modified_gmt":"2025-07-29T14:47:10","slug":"daniel-luque-un-torero-que-bate-records-en-azpeitia","status":"publish","type":"post","link":"https:\/\/www.europesays.com\/es\/11843\/","title":{"rendered":"Daniel Luque, un torero que bate r\u00e9cords en Azpeitia"},"content":{"rendered":"<p><strong>Daniel Luque<\/strong> se sube al trono en San Ignacio. Con once actuaciones, el diestro de Gerena hace historia este a\u00f1o en <strong>Azpeitia<\/strong> y se convierte en el matador de toros que m\u00e1s tardes ha toreado en esta plaza, igualando a <strong>Juan Antonio Ruiz \u201cEspartaco\u201d<\/strong> y <strong>Manuel Jes\u00fas \u201cEl Cid\u201d.<\/strong> Tres sevillanos, historia de Azpeitia. Cosas del toreo y de la vida. Los tres con once pase\u00edllos encabezan la lista de toreros que m\u00e1s tardes han hecho el pase\u00edllo en esta plaza. Tras ellos, <strong>V\u00edctor M\u00e9ndez, C\u00e9sar Rinc\u00f3n, Pep\u00edn Liria <\/strong>y<strong> Antonio Ferrera<\/strong>, con siete tardes cada uno.<\/p>\n<p>A diferencia de <strong>Espartaco<\/strong> y <strong>El Cid, Daniel Luque<\/strong> es el torero con m\u00e1s orejas cortadas en esta plaza con un total de 15, hasta ahora, en 10 pase\u00edllos, desde su presentaci\u00f3n el 2 de agosto de 2008 frente a reses de <strong>Ana Romero.<\/strong> Y un total de 5 salidas a hombros. En su segunda tarde en Azpeitia, el 2 de agosto de 2009, <strong>Luque<\/strong> abri\u00f3 por vez primera la puerta grande y se meti\u00f3 en el coraz\u00f3n de la afici\u00f3n azpeitiarra.<\/p>\n<p>Volvi\u00f3 a salir a hombros del coso el 31 de julio de 2019 tras cortar dos orejas de un ejemplar de <strong>Ana Romero<\/strong> y repiti\u00f3 triunfo el 1 de agosto de 2022 al desorejar a un toro de <strong>La Palmosilla.<\/strong><\/p>\n<p>Las dos \u00faltimas ferias de San Ignacio, <strong>Daniel Luque<\/strong> ha arrollado con triunfos de peso y calado. En 2023 cort\u00f3 tres orejas, un trofeo de un ejemplar de <strong>Ana Romero<\/strong> y las dos de un toro de <strong>La<\/strong> <strong>Palmosilla<\/strong>, saliendo de nuevo a hombros en una tarde para el recuerdo. Y ahora hace un a\u00f1o, en 2024, el de <strong>Gerena<\/strong> cumpli\u00f3 dos pase\u00edllos en Azpeitia y logr\u00f3 un hito al conseguir dos salidas a hombros consecutivas: dos orejas de un toro de <strong>Loreto Charro<\/strong> el 31 de julio y tres de tres ejemplares de <strong>Ana Romero<\/strong> el 1 de agosto.<\/p>\n<p>Este a\u00f1o, <strong>Luque<\/strong> abre feria el pr\u00f3ximo 31 de julio, junto a <strong>Morante de la Puebla<\/strong> y <strong>Juan Ortega<\/strong> y ejemplares de <strong>Loreto Charro <\/strong>y <strong>Vellosino.<\/strong><\/p>\n","protected":false},"excerpt":{"rendered":"Daniel Luque se sube al trono en San Ignacio. Con once actuaciones, el diestro de Gerena hace historia&hellip;\n","protected":false},"author":2,"featured_media":11844,"comment_status":"","ping_status":"","sticky":false,"template":"","format":"standard","meta":{"footnotes":""},"categories":[277],"tags":[7055,373,8115,168,25,24,23,167,374,444],"class_list":{"0":"post-11843","1":"post","2":"type-post","3":"status-publish","4":"format-standard","5":"has-post-thumbnail","7":"category-toreo","8":"tag-azpeitia","9":"tag-bullfighting","10":"tag-daniel-luque","11":"tag-deportes","12":"tag-es","13":"tag-espana","14":"tag-spain","15":"tag-sports","16":"tag-toreo","17":"tag-toros"},"share_on_mastodon":{"url":"","error":""},"_links":{"self":[{"href":"https:\/\/www.europesays.com\/es\/wp-json\/wp\/v2\/posts\/11843","targetHints":{"allow":["GET"]}}],"collection":[{"href":"https:\/\/www.europesays.com\/es\/wp-json\/wp\/v2\/posts"}],"about":[{"href":"https:\/\/www.europesays.com\/es\/wp-json\/wp\/v2\/types\/post"}],"author":[{"embeddable":true,"href":"https:\/\/www.europesays.com\/es\/wp-json\/wp\/v2\/users\/2"}],"replies":[{"embeddable":true,"href":"https:\/\/www.europesays.com\/es\/wp-json\/wp\/v2\/comments?post=11843"}],"version-history":[{"count":0,"href":"https:\/\/www.europesays.com\/es\/wp-json\/wp\/v2\/posts\/11843\/revisions"}],"wp:featuredmedia":[{"embeddable":true,"href":"https:\/\/www.europesays.com\/es\/wp-json\/wp\/v2\/media\/11844"}],"wp:attachment":[{"href":"https:\/\/www.europesays.com\/es\/wp-json\/wp\/v2\/media?parent=11843"}],"wp:term":[{"taxonomy":"category","embeddable":true,"href":"https:\/\/www.europesays.com\/es\/wp-json\/wp\/v2\/categories?post=11843"},{"taxonomy":"post_tag","embeddable":true,"href":"https:\/\/www.europesays.com\/es\/wp-json\/wp\/v2\/tags?post=11843"}],"curies":[{"name":"wp","href":"https:\/\/api.w.org\/{rel}","templated":true}]}}