{"id":118430,"date":"2025-09-16T09:11:05","date_gmt":"2025-09-16T09:11:05","guid":{"rendered":"https:\/\/www.europesays.com\/es\/118430\/"},"modified":"2025-09-16T09:11:05","modified_gmt":"2025-09-16T09:11:05","slug":"libros-cafe-y-musica-para-compartir-mas-que-libros","status":"publish","type":"post","link":"https:\/\/www.europesays.com\/es\/118430\/","title":{"rendered":"libros, caf\u00e9 y m\u00fasica para compartir m\u00e1s que libros"},"content":{"rendered":"<p>\t\t\t\t\t\t\t\t\t\t\t\t\t\t\t\t\t\t\t\t\t\t<img decoding=\"async\" fetchpriority=\"high\" src=\"https:\/\/www.europesays.com\/es\/wp-content\/uploads\/2025\/09\/fiestas-lectura-buenos-aires-1024x683.jpg\" class=\"img-fluid\" alt=\"fiestas de lectura buenos aires\" width=\"1024\" height=\"683\"\/><br \/>\n\t\t\t\t\t\t\t\t\t\t\t\t\t\t\t\t\t\t\t\t\t\tFoto: https:\/\/www.instagram.com\/fiestasdelectura.std\/p\/DN4G7m_D50s\/?img_index=5<\/p>\n<p>\u00bfQu\u00e9 pasa en una <strong>fiesta de lectura<\/strong>? Mucho m\u00e1s de lo que imaginas. Las <strong>fiestas de lectura<\/strong> se expanden y lo que empez\u00f3 en <strong>Buenos Aires<\/strong> ya se extendi\u00f3 y sigue creciendo. Te contamos <strong>qu\u00e9 son las fiestas de lectura y d\u00f3nde sumarte a la pr\u00f3xima.<\/strong><\/p>\n<p> Una vez por mes Buenos Aires celebra las Fiestas de Lectura: libros, caf\u00e9 y m\u00fasica para compartir m\u00e1s que libros <\/p>\n<p>Una vez por mes, Buenos Aires es una de las sedes de este <strong>evento literario<\/strong> que empieza con personas en silencio y termina con m\u00fasica y personas que charlan como si se conocieran de toda la vida. Las fiestas de lectura con encuentros para hacer justamente eso: leer. Actualmente, las fiestas de la lectura se celebran en <strong>Buenos Aires<\/strong>, pero tambi\u00e9n en<strong> Montevideo y Vi\u00f1a del Mar en Chile. <\/strong><\/p>\n<p>Cada <strong>fiesta de lectura<\/strong> transforma una cafeter\u00eda en un espacio de encuentro alrededor de los libros. La din\u00e1mica es simple pero poderosa\u2026<\/p>\n<p> C\u00f3mo funciona una fiesta de la lectura <\/p>\n<p>Primero, lleg\u00e1s al <strong>bar<\/strong> asignado y eleg\u00eds una mesa en la que sentarte con tu libro. Eso es importante:<strong> ten\u00e9s que llevar tu propio libro<\/strong>, el que vos quieras, y le vas a dedicar<strong> 40 a 50 minutos a la lectura silenciosa de tu propio libro<\/strong>. Te vas a encontrar rodeado de gente en silencio haciendo lo mismo que vos: simplemente leer algo que les gusta.<\/p>\n<blockquote class=\"instagram-media\" data-instgrm-permalink=\"https:\/\/www.instagram.com\/fiestasdelectura.std\/reel\/DOZIxBlDHSK\/?utm_source=ig_embed&amp;utm_campaign=loading\" data-instgrm-version=\"14\" style=\" background:#FFF; border:0; border-radius:3px; box-shadow:0 0 1px 0 rgba(0,0,0,0.5),0 1px 10px 0 rgba(0,0,0,0.15); margin: 1px; max-width:540px; min-width:326px; padding:0; width:99.375%; width:-webkit-calc(100% - 2px); width:calc(100% - 2px);\"><\/blockquote>\n<p><strong>No importa el g\u00e9nero ni el autor<\/strong>: cada uno lleva el suyo y se sumerge en la historia. Luego, la lectura da paso a la <strong>conversaci\u00f3n<\/strong>: los compa\u00f1eros de mesa comparten <strong>impresiones sobre sus lecturas, recomiendan autores<\/strong> y, muchas veces, terminan hablando simplemente de la vida. Muchos de quienes participan en las fiestas de lectura llegan sin conocer a nadie y se van con nuevos amigos y la promesa de encontrarse, como m\u00ednimo, en la pr\u00f3xima reuni\u00f3n.<\/p>\n<p>Las <strong>fiestas de lectura en Buenos Aires<\/strong> re\u00fanen a personas de todas las edades. Adem\u00e1s, pod\u00e9s leer mientras<strong> disfrut\u00e1s de algo rico para comer o tomar, y al cierre suele haber piano en vivo o un DJ set<\/strong>, para despedir la jornada con m\u00fasica. Si despu\u00e9s de leer y charlar, te dan ganas de cantar o bailar, est\u00e1s en el lugar indicado.<\/p>\n<p>Las fiestas de lectura son una propuesta \u00edntima y diferente que combina <strong>libros, di\u00e1logo y comunidad.<\/strong> Una verdadera fiesta para los amantes de la lectura.<\/p>\n<p>Para conocer las <strong>fechas<\/strong> de las<strong> pr\u00f3ximas fiestas<\/strong> de lectura de cada ciudad, s\u00f3lo ten\u00e9s que fijarte en el <strong>IG<\/strong> de <a href=\"https:\/\/www.instagram.com\/fiestaslectura.std\/\" rel=\"nofollow noopener noreferrer\" target=\"_blank\" class=\"shortcode-outbound-link\" data-has-ga=\"true\" data-ga-type=\"click\" data-label=\"https:\/\/www.instagram.com\/fiestaslectura.std\/\" data-action=\"text_cta_0\" data-category=\"click_non_sales\">@fiestasdelalectura.std<\/a><\/p>\n<p>\t\t\t\t<script async src=\"\/\/www.instagram.com\/embed.js\"><\/script><\/p>\n","protected":false},"excerpt":{"rendered":"Foto: https:\/\/www.instagram.com\/fiestasdelectura.std\/p\/DN4G7m_D50s\/?img_index=5 \u00bfQu\u00e9 pasa en una fiesta de lectura? Mucho m\u00e1s de lo que imaginas. Las fiestas de&hellip;\n","protected":false},"author":2,"featured_media":118431,"comment_status":"","ping_status":"","sticky":false,"template":"","format":"standard","meta":{"footnotes":""},"categories":[172],"tags":[224,146,147,25,24,39399,225,23],"class_list":{"0":"post-118430","1":"post","2":"type-post","3":"status-publish","4":"format-standard","5":"has-post-thumbnail","7":"category-libros","8":"tag-books","9":"tag-entertainment","10":"tag-entretenimiento","11":"tag-es","12":"tag-espana","13":"tag-lectura-literatura","14":"tag-libros","15":"tag-spain"},"share_on_mastodon":{"url":"","error":""},"_links":{"self":[{"href":"https:\/\/www.europesays.com\/es\/wp-json\/wp\/v2\/posts\/118430","targetHints":{"allow":["GET"]}}],"collection":[{"href":"https:\/\/www.europesays.com\/es\/wp-json\/wp\/v2\/posts"}],"about":[{"href":"https:\/\/www.europesays.com\/es\/wp-json\/wp\/v2\/types\/post"}],"author":[{"embeddable":true,"href":"https:\/\/www.europesays.com\/es\/wp-json\/wp\/v2\/users\/2"}],"replies":[{"embeddable":true,"href":"https:\/\/www.europesays.com\/es\/wp-json\/wp\/v2\/comments?post=118430"}],"version-history":[{"count":0,"href":"https:\/\/www.europesays.com\/es\/wp-json\/wp\/v2\/posts\/118430\/revisions"}],"wp:featuredmedia":[{"embeddable":true,"href":"https:\/\/www.europesays.com\/es\/wp-json\/wp\/v2\/media\/118431"}],"wp:attachment":[{"href":"https:\/\/www.europesays.com\/es\/wp-json\/wp\/v2\/media?parent=118430"}],"wp:term":[{"taxonomy":"category","embeddable":true,"href":"https:\/\/www.europesays.com\/es\/wp-json\/wp\/v2\/categories?post=118430"},{"taxonomy":"post_tag","embeddable":true,"href":"https:\/\/www.europesays.com\/es\/wp-json\/wp\/v2\/tags?post=118430"}],"curies":[{"name":"wp","href":"https:\/\/api.w.org\/{rel}","templated":true}]}}