{"id":118442,"date":"2025-09-16T09:17:08","date_gmt":"2025-09-16T09:17:08","guid":{"rendered":"https:\/\/www.europesays.com\/es\/118442\/"},"modified":"2025-09-16T09:17:08","modified_gmt":"2025-09-16T09:17:08","slug":"la-emotiva-carta-de-marina-romero-que-confirma-su-enfermedad-y-el-apoyo-incondicional-de-javier-tudela-vamos-con-todo","status":"publish","type":"post","link":"https:\/\/www.europesays.com\/es\/118442\/","title":{"rendered":"La emotiva carta de Marina Romero que confirma su enfermedad y el apoyo incondicional de Javier Tudela: \u00abVamos con todo\u00bb"},"content":{"rendered":"<p>Hace unas semanas, <strong>Makoke <\/strong>anunci\u00f3 que<a href=\"https:\/\/www.libertaddigital.com\/chic\/corazon\/2025-08-24\/makoke-se-rompe-tras-cancelar-su-boda-ha-sido-un-palo-yo-hasta-el-martes-era-la-persona-mas-feliz-del-mundo-7288368\/\" rel=\"nofollow noopener\" target=\"_blank\"><strong> pospon\u00eda su boda <\/strong>debido a la <strong>enfermedad de un familiar <\/strong>cercano<\/a>, sin desvelar entonces de qui\u00e9n se trataba ni especificar el diagn\u00f3stico, aunque los rumores no tardaron en aparecer.<\/p>\n<p>La noticia se ha confirmado cuando <strong>Marina Romero<\/strong>, nuera de Makoke, le ha dedicado una <strong>emotiva carta a su pareja Javier Tudela<\/strong>, con quien mantiene una relaci\u00f3n de ocho a\u00f1os y dos hijos en com\u00fan \u2013 de cuatro y un a\u00f1o \u2013, agradeci\u00e9ndole por estar a su lado en este momento tan complicado de su vida y dejando entrever su enfermedad.<\/p>\n<p>\u00abEstos d\u00edas<strong> han sido los m\u00e1s dif\u00edciles de nuestro camino juntos<\/strong>, pero ah\u00ed est\u00e1s t\u00fa, sin soltarme la mano ni un segundo, cuidando de m\u00ed y de todo,\u2028Y aun as\u00ed encontrando fuerzas para hacerme sonre\u00edr cuando m\u00e1s lo necesito\u00bb, escribi\u00f3 junto a una serie de fotograf\u00edas en las que aparec\u00eda con Javier, sus hijos y una imagen desde el hospital.<\/p>\n<p>En sus palabras la influencer subrayaba que, a pesar de la dureza de esta etapa, hab\u00eda descubierto la importancia del <strong>amor en los gestos cotidianos<\/strong>. \u00abS\u00e9 que nos esperan d\u00edas dif\u00edciles, pero tambi\u00e9n s\u00e9 qu<strong>e contigo a mi lado no hay batalla que no podamos ganar<\/strong>\u00ab, escribe.<\/p>\n<p>El mensaje de Javier Tudela<\/p>\n<p>Tras varios d\u00edas alejados de las redes sociales, la influencer y el hijo de Makoke han reaparecido con motivo de su aniversario, compartiendo p\u00fablicamente el amor y la complicidad que los une.<\/p>\n<p>Javier Tudela se ha pronunciado sobre la enfermedad de su pareja agradeciendo el apoyo recibido tras anunciar la noticia. \u00ab<strong>Muchas gracias, vamos con todo y a por todo<\/strong>\u00ab, comunicaba con un mensaje corto y claro. Sin embargo, por su celebraci\u00f3n como pareja tambi\u00e9n ha compartido un video, \u00abMesario 14\u00bb, con los momentos de estos a\u00f1os juntos y escenas familiares.<\/p>\n<p>El duro fin de semana de Makoke<\/p>\n<p>Makoke ha expresado p\u00fablicamente su cari\u00f1o con un mensaje directo: \u00abOs quiero tant\u00edsimo\u00bb. Adem\u00e1s, la colaboradora se ha sentado en Fiesta y ha compartido sus sentimientos durante los \u00faltimos d\u00edas: \u00abHa sido un fin de semana complicado. Deber\u00eda estar cas\u00e1ndome, ahora deber\u00edamos estar comiendo. No se merece nadie esto. Mi hijo est\u00e1 fuerte\u00bb.<\/p>\n<p>\u00abHay cosas que no han salido, hay momentos muy duros y \u00e9l le hace re\u00edr. En alg\u00fan momento explotar\u00e1 porque est\u00e1 teniendo fuerza, risa con los ni\u00f1os y todos. Nos est\u00e1 dando un ejemplo incre\u00edble, no sab\u00eda que mi hijo ten\u00eda esa fuerza. Estoy muy sensible. Exploto, ten\u00eda que explotar. Llevamos tres semanas que es un no parar. <strong>Cuando Marina lo ha contado\u2026 ha sido ella, he explotado porque yo no quer\u00eda que se hiciera p\u00fablico<\/strong>\u00ab, ha comunicado en el plat\u00f3.<\/p>\n<p>Los seguidores de la pareja han enviado mensajes de fuerza y apoyo a la joven por la manera en la que est\u00e1 afrontando la enfermedad.<\/p>\n","protected":false},"excerpt":{"rendered":"Hace unas semanas, Makoke anunci\u00f3 que pospon\u00eda su boda debido a la enfermedad de un familiar cercano, sin&hellip;\n","protected":false},"author":2,"featured_media":118443,"comment_status":"","ping_status":"","sticky":false,"template":"","format":"standard","meta":{"footnotes":""},"categories":[91],"tags":[39400,2996,146,147,25,24,38146,15187,38148,23],"class_list":{"0":"post-118442","1":"post","2":"type-post","3":"status-publish","4":"format-standard","5":"has-post-thumbnail","7":"category-entretenimiento","8":"tag-apoyo-incondicional","9":"tag-enfermedad","10":"tag-entertainment","11":"tag-entretenimiento","12":"tag-es","13":"tag-espana","14":"tag-javier-tudela","15":"tag-makoke","16":"tag-marina-romero","17":"tag-spain"},"share_on_mastodon":{"url":"","error":""},"_links":{"self":[{"href":"https:\/\/www.europesays.com\/es\/wp-json\/wp\/v2\/posts\/118442","targetHints":{"allow":["GET"]}}],"collection":[{"href":"https:\/\/www.europesays.com\/es\/wp-json\/wp\/v2\/posts"}],"about":[{"href":"https:\/\/www.europesays.com\/es\/wp-json\/wp\/v2\/types\/post"}],"author":[{"embeddable":true,"href":"https:\/\/www.europesays.com\/es\/wp-json\/wp\/v2\/users\/2"}],"replies":[{"embeddable":true,"href":"https:\/\/www.europesays.com\/es\/wp-json\/wp\/v2\/comments?post=118442"}],"version-history":[{"count":0,"href":"https:\/\/www.europesays.com\/es\/wp-json\/wp\/v2\/posts\/118442\/revisions"}],"wp:featuredmedia":[{"embeddable":true,"href":"https:\/\/www.europesays.com\/es\/wp-json\/wp\/v2\/media\/118443"}],"wp:attachment":[{"href":"https:\/\/www.europesays.com\/es\/wp-json\/wp\/v2\/media?parent=118442"}],"wp:term":[{"taxonomy":"category","embeddable":true,"href":"https:\/\/www.europesays.com\/es\/wp-json\/wp\/v2\/categories?post=118442"},{"taxonomy":"post_tag","embeddable":true,"href":"https:\/\/www.europesays.com\/es\/wp-json\/wp\/v2\/tags?post=118442"}],"curies":[{"name":"wp","href":"https:\/\/api.w.org\/{rel}","templated":true}]}}