{"id":118444,"date":"2025-09-16T09:18:08","date_gmt":"2025-09-16T09:18:08","guid":{"rendered":"https:\/\/www.europesays.com\/es\/118444\/"},"modified":"2025-09-16T09:18:08","modified_gmt":"2025-09-16T09:18:08","slug":"apple-explica-que-ios-26-va-a-afectar-a-la-duracion-de-la-bateria-de-tu-iphone-y-no-para-bien","status":"publish","type":"post","link":"https:\/\/www.europesays.com\/es\/118444\/","title":{"rendered":"Apple explica que iOS 26 va a afectar a la duraci\u00f3n de la bater\u00eda de tu iPhone. Y no para bien"},"content":{"rendered":"\n<ul class=\"bodyList bodyList--unordered\">\n<li class=\"bodyList__item\"><a href=\"https:\/\/www.elconfidencial.com\/tecnologia\/2025-09-15\/iphone-compatibles-ios-26-1qrt_4209031\/\" target=\"_self\" rel=\"nofollow noopener\">IOS 26 llega hoy: descubre aqu\u00ed si tu iPhone es compatible o si no recibir\u00e1 la actualizaci\u00f3n<\/a><\/li>\n<li class=\"bodyList__item\"><a href=\"https:\/\/www.elconfidencial.com\/tecnologia\/2025-06-09\/apple-cambio-visual-ia-2025-1hms_4147794\/\" target=\"_self\" rel=\"nofollow noopener\">Apple cambia el iPhone de arriba a abajo con el nuevo iOS y promete mucha IA<\/a><\/li>\n<\/ul>\n<p> <a href=\"https:\/\/support.apple.com\/en-us\/125039\" target=\"_blank\" rel=\"nofollow noopener\">Apple ha advertido<\/a> que la instalaci\u00f3n de iOS 26 puede repercutir en la autonom\u00eda de la bater\u00eda del iPhone. La compa\u00f1\u00eda reconoce que, tras aplicar la actualizaci\u00f3n, es posible que <strong>el dispositivo consuma m\u00e1s energ\u00eda y eleve su temperatura<\/strong> durante los primeros d\u00edas de uso. <\/p>\n<p> El motivo principal se encuentra en los <strong>procesos de ajuste que se ejecutan en segundo plano despu\u00e9s de una gran actualizaci\u00f3n<\/strong>. El sistema operativo reorganiza datos, indexa archivos para mejorar la b\u00fasqueda, descarga nuevos elementos gr\u00e1ficos y adapta las aplicaciones a la versi\u00f3n m\u00e1s reciente, lo que incrementa la <a href=\"https:\/\/www.elconfidencial.com\/tecnologia\/2023-06-01\/bateria-iphone-dura-menos-carga-lenta-averia_3657439\/\" target=\"_self\" rel=\"nofollow noopener\">demanda energ\u00e9tica<\/a>. <\/p>\n<p>            Impacto m\u00e1s all\u00e1 del periodo inicial           <\/p>\n<p> Seg\u00fan Apple, no todas las consecuencias se limitan al proceso de configuraci\u00f3n. Algunas funciones incluidas en iOS 26<strong> requieren recursos adicionales de manera continua<\/strong>, lo que puede afectar a largo plazo tanto al rendimiento como a la <a href=\"https:\/\/www.elconfidencial.com\/tecnologia\/2024-03-22\/truco-bateria-iphone-100-por-ciento_3853662\/\" target=\"_self\" rel=\"nofollow noopener\">duraci\u00f3n de la bater\u00eda<\/a>. Este efecto depender\u00e1 del nivel de uso que cada persona haga de dichas prestaciones. <\/p>\n<blockquote class=\"twitter-tweet\">\n<p lang=\"en\" dir=\"ltr\">Upsy! So battery drain will be a real problem&#8230; <a href=\"https:\/\/twitter.com\/hashtag\/ios26?src=hash&amp;ref_src=twsrc%5Etfw\" rel=\"nofollow noopener\" target=\"_blank\">#ios26<\/a> <a href=\"https:\/\/t.co\/8MkRenePx5\" rel=\"nofollow\">https:\/\/t.co\/8MkRenePx5<\/a> <a href=\"https:\/\/t.co\/uUD0NFZSJg\" rel=\"nofollow\">pic.twitter.com\/uUD0NFZSJg<\/a><\/p>\n<p>\u2014 Ionut Balan (@balanionut) <a href=\"https:\/\/twitter.com\/balanionut\/status\/1967662202825138393?ref_src=twsrc%5Etfw\" rel=\"nofollow noopener\" target=\"_blank\">September 15, 2025<\/a><\/p><\/blockquote>\n<p> La compa\u00f1\u00eda explica que su objetivo es ofrecer<strong> caracter\u00edsticas m\u00e1s completas y experiencias m\u00e1s din\u00e1micas<\/strong>, aunque reconoce que algunas de estas <a href=\"https:\/\/www.elconfidencial.com\/tecnologia\/2024-07-23\/funcion-ahorro-bateria-iphone_3876153\/\" target=\"_self\" rel=\"nofollow noopener\">innovaciones<\/a>, especialmente las relacionadas con la interfaz y la experiencia visual, consumen m\u00e1s energ\u00eda de forma constante. <\/p>\n<p> El fabricante destaca que <strong>el comportamiento de la bater\u00eda no ser\u00e1 id\u00e9ntico en todos los casos<\/strong>. Quienes utilicen con frecuencia las funciones m\u00e1s exigentes notar\u00e1n un mayor desgaste, mientras que <a href=\"https:\/\/www.elconfidencial.com\/tecnologia\/2024-04-26\/funcion-ios-174-salud-bateria-comprobar_3873989\/\" target=\"_self\" rel=\"nofollow noopener\">otros usuarios apenas percibir\u00e1n cambios<\/a> tras superar la etapa inicial de optimizaci\u00f3n. <\/p>\n<p>              <img decoding=\"async\" class=\"inTextNews__img\" alt=\"Foto: estereotipo-corea-sur-iphone-air-censura-1qrt\" src=\"https:\/\/www.europesays.com\/es\/wp-content\/uploads\/2025\/09\/f.elconfidencial.com\/original\/f9d\/04f\/8fb\/f9d04f8fbbd86948b92a894603db247d.jpg\"  \/>     <\/p>\n<p>TE PUEDE INTERESAR<\/p>\n<p>      <a class=\"inTextNews__title\" href=\"https:\/\/www.elconfidencial.com\/tecnologia\/2025-09-15\/estereotipo-corea-sur-iphone-air-censura-1qrt_4209268\/\" onclick=\"window.ECCO.emit(&#039;amplitude&#039;, { dataEventName: &#039;click_related_article_module&#039;, data: { related_article_url: &#039;https:\/\/www.elconfidencial.com\/tecnologia\/2025-09-15\/estereotipo-corea-sur-iphone-air-censura-1qrt_4209268\/&#039;, related_article_author: &#039;R. Badillo&#039;, related_article_section: &#039;tecnologia&#039; } })\" rel=\"nofollow noopener\" target=\"_blank\"> Un estereotipo sobre el tama\u00f1o del pene obliga a Apple a censurar el anuncio del iPhone Air en Corea del Sur. Y no es broma <\/a>   <\/p>\n<p>    R. Badillo   <\/p>\n<p> Adem\u00e1s, Apple subraya que continuar\u00e1 ajustando el software en futuras versiones menores de iOS 26, con el fin de<strong> reducir el consumo y equilibrar la incorporaci\u00f3n de novedades<\/strong> con una experiencia de uso fluida y estable. <\/p>\n<p>         <script async src=\"https:\/\/platform.twitter.com\/widgets.js\" charset=\"utf-8\"><\/script><\/p>\n","protected":false},"excerpt":{"rendered":"IOS 26 llega hoy: descubre aqu\u00ed si tu iPhone es compatible o si no recibir\u00e1 la actualizaci\u00f3n Apple&hellip;\n","protected":false},"author":2,"featured_media":118445,"comment_status":"","ping_status":"","sticky":false,"template":"","format":"standard","meta":{"footnotes":""},"categories":[81],"tags":[119,123,124,25,24,117,121,122,23,118,120],"class_list":{"0":"post-118444","1":"post","2":"type-post","3":"status-publish","4":"format-standard","5":"has-post-thumbnail","7":"category-ciencia-y-tecnologia","8":"tag-ciencia","9":"tag-ciencia-y-tecnologia","10":"tag-cienciaytecnologia","11":"tag-es","12":"tag-espana","13":"tag-science","14":"tag-science-and-technology","15":"tag-scienceandtechnology","16":"tag-spain","17":"tag-technology","18":"tag-tecnologia"},"share_on_mastodon":{"url":"","error":""},"_links":{"self":[{"href":"https:\/\/www.europesays.com\/es\/wp-json\/wp\/v2\/posts\/118444","targetHints":{"allow":["GET"]}}],"collection":[{"href":"https:\/\/www.europesays.com\/es\/wp-json\/wp\/v2\/posts"}],"about":[{"href":"https:\/\/www.europesays.com\/es\/wp-json\/wp\/v2\/types\/post"}],"author":[{"embeddable":true,"href":"https:\/\/www.europesays.com\/es\/wp-json\/wp\/v2\/users\/2"}],"replies":[{"embeddable":true,"href":"https:\/\/www.europesays.com\/es\/wp-json\/wp\/v2\/comments?post=118444"}],"version-history":[{"count":0,"href":"https:\/\/www.europesays.com\/es\/wp-json\/wp\/v2\/posts\/118444\/revisions"}],"wp:featuredmedia":[{"embeddable":true,"href":"https:\/\/www.europesays.com\/es\/wp-json\/wp\/v2\/media\/118445"}],"wp:attachment":[{"href":"https:\/\/www.europesays.com\/es\/wp-json\/wp\/v2\/media?parent=118444"}],"wp:term":[{"taxonomy":"category","embeddable":true,"href":"https:\/\/www.europesays.com\/es\/wp-json\/wp\/v2\/categories?post=118444"},{"taxonomy":"post_tag","embeddable":true,"href":"https:\/\/www.europesays.com\/es\/wp-json\/wp\/v2\/tags?post=118444"}],"curies":[{"name":"wp","href":"https:\/\/api.w.org\/{rel}","templated":true}]}}