{"id":118452,"date":"2025-09-16T09:22:07","date_gmt":"2025-09-16T09:22:07","guid":{"rendered":"https:\/\/www.europesays.com\/es\/118452\/"},"modified":"2025-09-16T09:22:07","modified_gmt":"2025-09-16T09:22:07","slug":"renfe-lidera-la-movilidad-sostenible-en-espana","status":"publish","type":"post","link":"https:\/\/www.europesays.com\/es\/118452\/","title":{"rendered":"Renfe lidera la movilidad sostenible en Espa\u00f1a"},"content":{"rendered":"<ul>\n<li><b>En 2024 la compa\u00f1\u00eda logr\u00f3 su m\u00ednimo hist\u00f3rico de emisiones de gases de efecto invernadero, con 3,79 gramos de CO\u2082 por unidad de transporte, un 89% menos que en 2005<\/b><\/li>\n<\/ul>\n<ul>\n<li><b>El ferrocarril sigue siendo el modo de transporte motorizado que menos emisiones genera a la atm\u00f3sfera, con un impacto clim\u00e1tico entre 25 y 35 veces inferior al autom\u00f3vil<\/b><\/li>\n<\/ul>\n<ul>\n<li><b>Todos los tr\u00e1ficos el\u00e9ctricos de viajeros y mercanc\u00edas cuentan con el certificado \u2018Carbono Neutro\u2019 de AENOR, que garantiza la ausencia de emisiones de CO2 directas e indirectas<\/b><\/li>\n<\/ul>\n<p>Con motivo de la Semana Europea de la Movilidad, Renfe reafirma su posici\u00f3n como la empresa de transporte de viajeros y mercanc\u00edas m\u00e1s eficiente energ\u00e9ticamente en Espa\u00f1a y un referente en movilidad sostenible.<\/p>\n<p>En este sentido, en los dos \u00faltimos a\u00f1os la compa\u00f1\u00eda ha logrado reducir en un 13% el consumo energ\u00e9tico unitario y disminuir un 20% su huella de carbono.<\/p>\n<p>En 2024 el Grupo Renfe redujo sus emisiones de gases de efecto invernadero hasta 3,79 gramos de CO\u2082 por unidad de transporte (viajero o tonelada de mercanc\u00eda transportada). Un valor hasta 35 veces inferior comparado con el autom\u00f3vil, de acuerdo con los datos de la Oficina Espa\u00f1ola de Cambio Clim\u00e1tico.<\/p>\n<p>Esta cifra representa el m\u00ednimo hist\u00f3rico de emisiones alcanzado por la compa\u00f1\u00eda, con una reducci\u00f3n del 89% con respecto a 2005, a\u00f1o en que Renfe-Operadora comenz\u00f3 sus funciones de forma separada del Administrador de Infraestructuras Adif. Adem\u00e1s, este valor supera ampliamente el objetivo de reducci\u00f3n del 55% respecto a 2005 que el Plan Nacional Integrado de Energ\u00eda y Clima (PNIEC) establece para 2030.<\/p>\n<p>Unos valores que posicionan a Renfe como referente en el sector del transporte y pone de relieve su papel en la transici\u00f3n hacia una movilidad m\u00e1s limpia y responsable. Actualmente, m\u00e1s del 90% de los kil\u00f3metros recorridos por los trenes de Renfe se hacen mediante trenes el\u00e9ctricos bajo energ\u00eda 100% renovable.<\/p>\n<p>De esta forma, todos los tr\u00e1ficos el\u00e9ctricos de viajeros al igual que de mercanc\u00edas cuentan con el certificado \u2018Carbono Neutro\u2019 de AENOR, garantizando a los clientes la ausencia total de emisiones de CO\u2082, tanto directas como indirectas en origen, de acuerdo con las normas PAS 2060 y GHG Protocol, est\u00e1ndares internacionales para la verificaci\u00f3n de neutralidad de carbono.<\/p>\n<p><b>Medidas para la descarbonizaci\u00f3n del transporte<\/b><\/p>\n<p>La modernizaci\u00f3n de la flota y la sustituci\u00f3n progresiva del material di\u00e9sel por trenes el\u00e9ctricos ha sido uno de los factores determinantes para reducir el consumo energ\u00e9tico. Los nuevos modelos, que se suman a los sistemas de conducci\u00f3n eficiente, permiten optimizar el consumo energ\u00e9tico en cada trayecto.<\/p>\n<p>Gracias a la aplicaci\u00f3n de estas t\u00e9cnicas por parte de los 5.200 maquinistas de Renfe, el consumo energ\u00e9tico se ha reducido en un 30%, mientras que el uso del freno regenerativo permite recuperar y devolver a la red hasta un 40% de la energ\u00eda en los servicios de Cercan\u00edas.<\/p>\n<p>Asimismo, Renfe ha puesto en marcha diversas iniciativas para reducir el consumo energ\u00e9tico y avanzar en sostenibilidad en las \u00e1reas de mantenimiento y mercanc\u00edas. Entre ellas se encuentra la instalaci\u00f3n de paneles fotovoltaicos en 14 bases de mantenimiento para autoconsumo el\u00e9ctrico. En el \u00e1mbito de mercanc\u00edas, Renfe ha incorporado 12 locomotoras el\u00e9ctricas de gran potencia para operar en ancho ib\u00e9rico.<\/p>\n<p>\u00a0<\/p>\n","protected":false},"excerpt":{"rendered":"En 2024 la compa\u00f1\u00eda logr\u00f3 su m\u00ednimo hist\u00f3rico de emisiones de gases de efecto invernadero, con 3,79 gramos&hellip;\n","protected":false},"author":2,"featured_media":118453,"comment_status":"","ping_status":"","sticky":false,"template":"","format":"standard","meta":{"footnotes":""},"categories":[5],"tags":[17,18,25,24,13,14,3015,11,19,20,9,10,15,16,23,12,21,22],"class_list":{"0":"post-118452","1":"post","2":"type-post","3":"status-publish","4":"format-standard","5":"has-post-thumbnail","7":"category-titulares","8":"tag-breaking-news","9":"tag-breakingnews","10":"tag-es","11":"tag-espana","12":"tag-featured-news","13":"tag-featurednews","14":"tag-general","15":"tag-headlines","16":"tag-latest-news","17":"tag-latestnews","18":"tag-news","19":"tag-noticias","20":"tag-noticias-destacadas","21":"tag-noticiasdestacadas","22":"tag-spain","23":"tag-titulares","24":"tag-ultimas-noticias","25":"tag-ultimasnoticias"},"share_on_mastodon":{"url":"","error":""},"_links":{"self":[{"href":"https:\/\/www.europesays.com\/es\/wp-json\/wp\/v2\/posts\/118452","targetHints":{"allow":["GET"]}}],"collection":[{"href":"https:\/\/www.europesays.com\/es\/wp-json\/wp\/v2\/posts"}],"about":[{"href":"https:\/\/www.europesays.com\/es\/wp-json\/wp\/v2\/types\/post"}],"author":[{"embeddable":true,"href":"https:\/\/www.europesays.com\/es\/wp-json\/wp\/v2\/users\/2"}],"replies":[{"embeddable":true,"href":"https:\/\/www.europesays.com\/es\/wp-json\/wp\/v2\/comments?post=118452"}],"version-history":[{"count":0,"href":"https:\/\/www.europesays.com\/es\/wp-json\/wp\/v2\/posts\/118452\/revisions"}],"wp:featuredmedia":[{"embeddable":true,"href":"https:\/\/www.europesays.com\/es\/wp-json\/wp\/v2\/media\/118453"}],"wp:attachment":[{"href":"https:\/\/www.europesays.com\/es\/wp-json\/wp\/v2\/media?parent=118452"}],"wp:term":[{"taxonomy":"category","embeddable":true,"href":"https:\/\/www.europesays.com\/es\/wp-json\/wp\/v2\/categories?post=118452"},{"taxonomy":"post_tag","embeddable":true,"href":"https:\/\/www.europesays.com\/es\/wp-json\/wp\/v2\/tags?post=118452"}],"curies":[{"name":"wp","href":"https:\/\/api.w.org\/{rel}","templated":true}]}}