{"id":118457,"date":"2025-09-16T09:27:08","date_gmt":"2025-09-16T09:27:08","guid":{"rendered":"https:\/\/www.europesays.com\/es\/118457\/"},"modified":"2025-09-16T09:27:08","modified_gmt":"2025-09-16T09:27:08","slug":"sinner-lo-espera-musetti-marcha-seguro-hacia-su-debut-en-turin-atp-tour","status":"publish","type":"post","link":"https:\/\/www.europesays.com\/es\/118457\/","title":{"rendered":"Sinner lo espera: Musetti marcha seguro hacia su debut en Tur\u00edn | ATP Tour"},"content":{"rendered":"<p>        ATP Tour<br \/>\n    Sinner lo espera: Musetti marcha seguro hacia su debut en Tur\u00edn<\/p>\n<p>As\u00ed va la clasificaci\u00f3n hacia las Nitto ATP Finals<\/p>\n<p>September 15, 2025<\/p>\n<p>            <img decoding=\"async\" src=\"https:\/\/www.europesays.com\/es\/wp-content\/uploads\/2025\/09\/musetti-live-race-to-turin-2025-september.jpg\" alt=\"Lorenzo Musetti es octavo en la PIF ATP Live Race To Turin.\"\/><\/p>\n<p>Corinne Dubreuil\/ATP Tour<\/p>\n<p>        Lorenzo Musetti es octavo en la PIF ATP Live Race To Turin.<br \/>\n        By Redacci\u00f3n ATP <\/p>\n<p>\u00bfPodr\u00eda Italia contar no con uno, sino con dos de sus jugadores en el cuadro individual de las prestigiosas <a href=\"https:\/\/www.atptour.com\/es\/tournaments\/nitto-atp-finals\/605\/overview\" rel=\"nofollow noopener\" target=\"_blank\">Nitto ATP Finals<\/a>?<br \/>\u00a0<br \/><a href=\"https:\/\/www.atptour.com\/es\/players\/jannik-sinner\/s0ag\/overview\" rel=\"nofollow noopener\" target=\"_blank\">Jannik Sinner<\/a> ya ha asegurado su plaza para el torneo de final de temporada, mientras que su compatriota <a href=\"https:\/\/www.atptour.com\/es\/players\/lorenzo-musetti\/m0ej\/overview\" rel=\"nofollow noopener\" target=\"_blank\">Lorenzo Musetti<\/a> ocupa el octavo puesto en la Carrera a Tur\u00edn. Los pr\u00f3ximos dos meses ser\u00e1n decisivos para el italiano de 23 a\u00f1os, que lucha por su debut en el evento de fin de a\u00f1o en su tierra natal.<br \/>\u00a0<br \/>Musetti lidera el cuadro en el <a href=\"https:\/\/www.atptour.com\/es\/tournaments\/chengdu\/7581\/overview\" rel=\"nofollow noopener\" target=\"_blank\">Chengdu Open<\/a> de esta semana, donde lleg\u00f3 a la final el a\u00f1o pasado antes de caer ante el favorito local, Shang Juncheng. Los mejores resultados de Musetti esta temporada incluyen su primera final ATP Masters 1000 en Montecarlo, seguida de semifinales en Madrid, Roma y <a href=\"https:\/\/www.atptour.com\/es\/tournaments\/roland-garros\/520\/overview\" rel=\"nofollow noopener\" target=\"_blank\">Roland Garros<\/a>. El dos veces campe\u00f3n del circuito lleg\u00f3 a cuartos de final del <a href=\"https:\/\/www.atptour.com\/es\/tournaments\/us-open\/560\/overview\" rel=\"nofollow noopener\" target=\"_blank\">US Open<\/a>, donde Sinner lo elimin\u00f3.<\/p>\n<p><strong><a href=\"https:\/\/www.atptour.com\/en\/rankings\/singles-race-to-turin\" target=\"_self\" rel=\"nofollow noopener\">PIF ATP Live Race To Turin<\/a><\/strong><\/p>\n<p> Si Musetti se une a Sinner en Tur\u00edn, ser\u00eda la primera vez que dos italianos se clasifican para las <a href=\"https:\/\/www.atptour.com\/es\/tournaments\/nitto-atp-finals\/605\/overview\" rel=\"nofollow noopener\" target=\"_blank\">Nitto ATP Finals<\/a>. En 2021, <a href=\"https:\/\/www.atptour.com\/es\/players\/matteo-berrettini\/bk40\/overview\" rel=\"nofollow noopener\" target=\"_blank\">Matteo Berrettini<\/a> se clasific\u00f3 para el evento, pero se retir\u00f3 tras un partido debido a una lesi\u00f3n abdominal. Sinner, el primer suplente, reemplaz\u00f3 a Berrettini. Sinner, de 24 a\u00f1os, se ha clasificado por m\u00e9ritos propios las dos \u00faltimas temporadas. El a\u00f1o pasado, gan\u00f3 el evento sin perder un solo set.<br \/>\u00a0<br \/>Alcaraz y Sinner son los \u00fanicos clasificados en individuales hasta la fecha. Shelton y Musetti aspiran a debutar en las <a href=\"https:\/\/www.atptour.com\/es\/tournaments\/nitto-atp-finals\/605\/overview\" rel=\"nofollow noopener\" target=\"_blank\">Nitto ATP Finals<\/a>. <a href=\"https:\/\/www.atptour.com\/es\/players\/andrey-rublev\/re44\/overview\" rel=\"nofollow noopener\" target=\"_blank\">Andrey Rublev<\/a> (11.\u00ba) y <a href=\"https:\/\/www.atptour.com\/es\/players\/alexander-bublik\/bk92\/overview\" rel=\"nofollow noopener\" target=\"_blank\">Alexander Bublik<\/a> (15.\u00ba) se encuentran entre los que juegan esta semana en el Lynk &amp; Co Hangzhou Open intentando entrar en la contienda.<\/p>\n<p><a rel=\"noopener noreferrer nofollow\" href=\"https:\/\/www.atptour.com\/en\/news\/it-all-adds-up-hub\" target=\"_blank\"><img decoding=\"async\" alt=\"It All Adds Up\" src=\"https:\/\/www.europesays.com\/es\/wp-content\/uploads\/2025\/09\/1758014828_755_it-all-adds-up-banner.jpg\"\/><\/a><\/p>\n<p> En el dobles tambi\u00e9n podr\u00edan participar italianos, lo que animar\u00e1 al p\u00fablico turin\u00e9s. En sexto lugar de la Carrera a Tur\u00edn por equipos, se encuentran <a href=\"https:\/\/www.atptour.com\/es\/players\/simone-bolelli\/ba98\/overview\" rel=\"nofollow noopener\" target=\"_blank\">Simone Bolelli<\/a> y <a href=\"https:\/\/www.atptour.com\/es\/players\/andrea-vavassori\/va08\/overview\" rel=\"nofollow noopener\" target=\"_blank\">Andrea Vavassori<\/a>, quienes han conseguido cuatro t\u00edtulos del circuito esta temporada: Adelaida, R\u00f3terdam, Hamburgo y Washington. Tambi\u00e9n alcanzaron la final del Abierto de Australia y el partido por el t\u00edtulo en Halle.<br \/>\u00a0<br \/>La dupla brit\u00e1nica formada por <a href=\"https:\/\/www.atptour.com\/es\/players\/julian-cash\/ci96\/overview\" rel=\"nofollow noopener\" target=\"_blank\">Julian Cash<\/a> y <a href=\"https:\/\/www.atptour.com\/es\/players\/lloyd-glasspool\/gd08\/overview\" rel=\"nofollow noopener\" target=\"_blank\">Lloyd Glasspool<\/a> lideran la Carrera. Mantienen una ventaja de 830 puntos sobre los segundos clasificados, <a href=\"https:\/\/www.atptour.com\/es\/players\/marcel-granollers\/g710\/overview\" rel=\"nofollow noopener\" target=\"_blank\">Marcel Granollers<\/a> y <a href=\"https:\/\/www.atptour.com\/es\/players\/horacio-zeballos\/z184\/overview\" rel=\"nofollow noopener\" target=\"_blank\">Horacio Zeballos<\/a>, quienes ganaron el <a href=\"https:\/\/www.atptour.com\/es\/tournaments\/us-open\/560\/overview\" rel=\"nofollow noopener\" target=\"_blank\">US Open<\/a> luego de salvar tres puntos de campeonato para derrotar a <a href=\"https:\/\/www.atptour.com\/es\/players\/neal-skupski\/sl22\/overview\" rel=\"nofollow noopener\" target=\"_blank\">Neal Skupski<\/a> y <a href=\"https:\/\/www.atptour.com\/es\/players\/joe-salisbury\/so70\/overview\" rel=\"nofollow noopener\" target=\"_blank\">Joe Salisbury<\/a> en una emocionante final.<\/p>\n<p><strong><a href=\"https:\/\/www.atptour.com\/en\/rankings\/doubles-team-rankings\" rel=\"nofollow noopener\" target=\"_blank\">PIF ATP Live Doubles Teams Rankings<\/a><\/strong><\/p>\n<p><br class=\"t-last-br\"\/><\/p>\n","protected":false},"excerpt":{"rendered":"ATP Tour Sinner lo espera: Musetti marcha seguro hacia su debut en Tur\u00edn As\u00ed va la clasificaci\u00f3n hacia&hellip;\n","protected":false},"author":2,"featured_media":118458,"comment_status":"","ping_status":"","sticky":false,"template":"","format":"standard","meta":{"footnotes":""},"categories":[274],"tags":[168,25,24,23,167,327,326],"class_list":{"0":"post-118457","1":"post","2":"type-post","3":"status-publish","4":"format-standard","5":"has-post-thumbnail","7":"category-tenis","8":"tag-deportes","9":"tag-es","10":"tag-espana","11":"tag-spain","12":"tag-sports","13":"tag-tenis","14":"tag-tennis"},"share_on_mastodon":{"url":"","error":""},"_links":{"self":[{"href":"https:\/\/www.europesays.com\/es\/wp-json\/wp\/v2\/posts\/118457","targetHints":{"allow":["GET"]}}],"collection":[{"href":"https:\/\/www.europesays.com\/es\/wp-json\/wp\/v2\/posts"}],"about":[{"href":"https:\/\/www.europesays.com\/es\/wp-json\/wp\/v2\/types\/post"}],"author":[{"embeddable":true,"href":"https:\/\/www.europesays.com\/es\/wp-json\/wp\/v2\/users\/2"}],"replies":[{"embeddable":true,"href":"https:\/\/www.europesays.com\/es\/wp-json\/wp\/v2\/comments?post=118457"}],"version-history":[{"count":0,"href":"https:\/\/www.europesays.com\/es\/wp-json\/wp\/v2\/posts\/118457\/revisions"}],"wp:featuredmedia":[{"embeddable":true,"href":"https:\/\/www.europesays.com\/es\/wp-json\/wp\/v2\/media\/118458"}],"wp:attachment":[{"href":"https:\/\/www.europesays.com\/es\/wp-json\/wp\/v2\/media?parent=118457"}],"wp:term":[{"taxonomy":"category","embeddable":true,"href":"https:\/\/www.europesays.com\/es\/wp-json\/wp\/v2\/categories?post=118457"},{"taxonomy":"post_tag","embeddable":true,"href":"https:\/\/www.europesays.com\/es\/wp-json\/wp\/v2\/tags?post=118457"}],"curies":[{"name":"wp","href":"https:\/\/api.w.org\/{rel}","templated":true}]}}