{"id":118459,"date":"2025-09-16T09:28:09","date_gmt":"2025-09-16T09:28:09","guid":{"rendered":"https:\/\/www.europesays.com\/es\/118459\/"},"modified":"2025-09-16T09:28:09","modified_gmt":"2025-09-16T09:28:09","slug":"pone-el-foco-donde-nadie-lo-ha-hecho","status":"publish","type":"post","link":"https:\/\/www.europesays.com\/es\/118459\/","title":{"rendered":"pone el foco donde nadie lo ha hecho"},"content":{"rendered":"<p><a href=\"https:\/\/www.huffingtonpost.es\/sociedad\/vuelta-mundo-reaccion-prensa-internacionalfinal-inedito-carrera.html\" target=\"_blank\" rel=\"nofollow noopener\">El actor Guillermo Toledo ha estado este lunes en Malas Lenguas y ha dejado clara su postura sobre lo ocurrido La Vuelta ciclista a Espa\u00f1a<\/a>, donde miles de personas han protestado por el \u00abgenocidio\u00bb en Gaza perpetrado por Israel.\u00a0<\/p>\n<p>Jes\u00fas Cintora ha puesto sobre la mesa, por ejemplo, las palabras de Isabel D\u00edaz Ayuso, que compar\u00f3 Madrid con Sarajevo. <a href=\"https:\/\/www.huffingtonpost.es\/virales\/hiba-abouk-responde-dos-palabras-mas-demoledoras-ana-rosa-palabras-sobre-protestas-vuelta.html\" target=\"_blank\" rel=\"nofollow noopener\">\u00abLo primero que me gustar\u00eda decir es que <b>es un s\u00edntoma claro de la deshumanizaci\u00f3n a la que estamos asistiendo en el planeta<\/b><\/a> cuando estamos poniendo en la misma balanza un genocidio que est\u00e1 siendo perpetrado delante del mundo entero y en el otro lado una carrera de bicicletas\u00bb, ha afirmado el actor.\u00a0<\/p>\n<p>No entiende Toledo que se discuta si es leg\u00edtimo que millones de personas en todo el mundo muestre su horror y su frustraci\u00f3n por lo que est\u00e1 ocurriendo en Gaza, donde han sido asesinados m\u00e1s de 70.000 civiles.\u00a0<\/p>\n<p>Ha a\u00f1adido el int\u00e9rprete que no entiende que se est\u00e9 planteando si es o no leg\u00edtimo parar <b>\u00abuna carrera ciclista para protestar por un genocidio que se est\u00e1 dando ante nuestros ojos\u00bb.\u00a0<\/b><\/p>\n<p>El actor ha puesto el foco en el due\u00f1o del equipo ciclista de Israel, que seg\u00fan <b>ha contado Toledo es \u00ab\u00edntimo amigo de Netanyahu\u00bb<\/b> y que \u00e9l mismo ha declarado que con ese equipo pretende \u00abutilizar el deporte para legitimar y lavarle la cara al r\u00e9gimen fascista y sionista de Israel\u00bb.<\/p>\n<p>\u00ab\u00bfNo es leg\u00edtimo por parte del pueblo detener una carrera ciclista en la que participa un equipo que pura y dura propaganda del genocidio? No lo digo yo, lo dice el due\u00f1o de este equipo\u00bb, ha a\u00f1adido.\u00a0<\/p>\n<p>\u00abPobrecitos los ciclistas. No miremos a las decenas de miles de ni\u00f1os que est\u00e1n siendo masacrados con el apoyo del due\u00f1o de ese equipo. Est\u00e1n ustedes participando en un equipo que est\u00e1 pensado para legitimar un genocidio. V\u00e1yanse a otro equipo\u00bb, ha apostillado sobre la labor de los ciclistas ya que s\u00f3lo uno de los siete es israel\u00ed.\u00a0<\/p>\n<p>Por \u00faltimo ha afirmado que Alemania es \u00abcolaborador necesario\u00bb del genocidio y ha planteado que si esto ocurriese en Alemania, en B\u00e9lgica o en EEUU la gente no estar\u00eda pensando en siete ciclistas que no han podido realizar la carrera.\u00a0<\/p>\n","protected":false},"excerpt":{"rendered":"El actor Guillermo Toledo ha estado este lunes en Malas Lenguas y ha dejado clara su postura sobre&hellip;\n","protected":false},"author":2,"featured_media":118460,"comment_status":"","ping_status":"","sticky":false,"template":"","format":"standard","meta":{"footnotes":""},"categories":[273],"tags":[313,312,168,25,24,694,74,23,167,39401],"class_list":{"0":"post-118459","1":"post","2":"type-post","3":"status-publish","4":"format-standard","5":"has-post-thumbnail","7":"category-ciclismo","8":"tag-ciclismo","9":"tag-cycling","10":"tag-deportes","11":"tag-es","12":"tag-espana","13":"tag-gaza","14":"tag-israel","15":"tag-spain","16":"tag-sports","17":"tag-willy-toledo"},"share_on_mastodon":{"url":"","error":""},"_links":{"self":[{"href":"https:\/\/www.europesays.com\/es\/wp-json\/wp\/v2\/posts\/118459","targetHints":{"allow":["GET"]}}],"collection":[{"href":"https:\/\/www.europesays.com\/es\/wp-json\/wp\/v2\/posts"}],"about":[{"href":"https:\/\/www.europesays.com\/es\/wp-json\/wp\/v2\/types\/post"}],"author":[{"embeddable":true,"href":"https:\/\/www.europesays.com\/es\/wp-json\/wp\/v2\/users\/2"}],"replies":[{"embeddable":true,"href":"https:\/\/www.europesays.com\/es\/wp-json\/wp\/v2\/comments?post=118459"}],"version-history":[{"count":0,"href":"https:\/\/www.europesays.com\/es\/wp-json\/wp\/v2\/posts\/118459\/revisions"}],"wp:featuredmedia":[{"embeddable":true,"href":"https:\/\/www.europesays.com\/es\/wp-json\/wp\/v2\/media\/118460"}],"wp:attachment":[{"href":"https:\/\/www.europesays.com\/es\/wp-json\/wp\/v2\/media?parent=118459"}],"wp:term":[{"taxonomy":"category","embeddable":true,"href":"https:\/\/www.europesays.com\/es\/wp-json\/wp\/v2\/categories?post=118459"},{"taxonomy":"post_tag","embeddable":true,"href":"https:\/\/www.europesays.com\/es\/wp-json\/wp\/v2\/tags?post=118459"}],"curies":[{"name":"wp","href":"https:\/\/api.w.org\/{rel}","templated":true}]}}