{"id":118471,"date":"2025-09-16T09:36:31","date_gmt":"2025-09-16T09:36:31","guid":{"rendered":"https:\/\/www.europesays.com\/es\/118471\/"},"modified":"2025-09-16T09:36:31","modified_gmt":"2025-09-16T09:36:31","slug":"radiohead-2025-guia-de-supervivencia-para-fans-sin-entradas","status":"publish","type":"post","link":"https:\/\/www.europesays.com\/es\/118471\/","title":{"rendered":"Radiohead 2025: gu\u00eda de supervivencia para fans sin entradas"},"content":{"rendered":"<p>Si fuiste uno de los miles que se quedaron sin entradas para ver a <strong>Radiohead<\/strong> en su esperad\u00edsima gira europea de 2025, no todo est\u00e1 perdido. La banda brit\u00e1nica ha anunciado una <strong>reventa oficial<\/strong> que comenzar\u00e1 el <strong>13 de octubre<\/strong>, exclusivamente para fans que se hayan registrado previamente en su web.<\/p>\n<p>Este sistema busca evitar la especulaci\u00f3n y el fraude: solo quienes se inscribieron antes del 7 de septiembre recibir\u00e1n un c\u00f3digo que les permitir\u00e1 acceder a la reventa. <strong>Radiohead<\/strong> ha sido tajante: \u201cNo compr\u00e9is en plataformas de terceros. Esas entradas no son reales\u201d.<\/p>\n<p>La gira, la primera en siete a\u00f1os, arranca el <strong>4 de noviembre en Madrid<\/strong>, con cuatro fechas consecutivas en el Movistar Arena. Despu\u00e9s pasar\u00e1n por <strong>Bolonia<\/strong>, <strong>Londres<\/strong> (con cuatro noches en The O2), <strong>Copenhague<\/strong> y <strong>Berl\u00edn<\/strong>, sumando un total de 20 conciertos.<\/p>\n<p>Recordemos que las entradas para Madrid, que se agotaron en minutos, solo pod\u00edan comprarse a trav\u00e9s del sistema de venta oficial, obteniendo un c\u00f3digo repartido de forma aleatoria a los registrados en la web de la banda, con verificaci\u00f3n de identidad y limitaci\u00f3n a cuatro tickets por persona y por fecha.<\/p>\n<p>Si compraste las entradas, enhorabuena, y si te quedaste fuera, a\u00fan tienes una oportunidad leg\u00edtima de ver a <strong>Radiohead<\/strong> en directo. Marca el 13 de octubre en tu calendario y mantente atento a tu correo. La espera puede valer cada segundo.<\/p>\n<p><strong>Radiohead: tres d\u00e9cadas de reinvenci\u00f3n sonora y resistencia creativa<\/strong><\/p>\n<p>Desde su debut en 1993 con Pablo Honey, <strong>Radiohead<\/strong> ha recorrido un camino que pocos grupos pueden igualar. Formada por <strong>Thom Yorke<\/strong>, <strong>Jonny Greenwood<\/strong>, <strong>Ed O\u2019Brien<\/strong>, <strong>Colin Greenwood<\/strong> y <strong>Phil Selway<\/strong>, la banda brit\u00e1nica pas\u00f3 de ser una promesa del rock alternativo a convertirse en un referente global de la m\u00fasica experimental. Tras el \u00e9xito inesperado de Creep, su evoluci\u00f3n fue vertiginosa: The Bends (1995) consolid\u00f3 su madurez mel\u00f3dica, mientras que OK Computer (1997) redefini\u00f3 el sonido de los noventa con una cr\u00edtica feroz a la alienaci\u00f3n tecnol\u00f3gica. Luego llegaron los giros radicales: Kid A (2000) y Amnesiac (2001) abandonaron las guitarras para abrazar la electr\u00f3nica, el jazz y la abstracci\u00f3n, desafiando las convenciones del mainstream.<\/p>\n<p>A lo largo de nueve \u00e1lbumes de estudio, <strong>Radiohead<\/strong> ha mantenido una coherencia art\u00edstica basada en la exploraci\u00f3n y el riesgo. Hail to the Thief (2003) mezcl\u00f3 lo pol\u00edtico con lo sonoro; In Rainbows (2007) revolucion\u00f3 la industria al permitir que los fans pagaran lo que quisieran por descargarlo; The King of Limbs (2011) apost\u00f3 por la textura y el ritmo; y A Moon Shaped Pool (2016) cerr\u00f3 el ciclo con una obra introspectiva y orquestal. Adem\u00e1s, han publicado seis EPs, un \u00e1lbum en directo (I Might Be Wrong), y m\u00faltiples recopilatorios y singles que completan una discograf\u00eda tan diversa como influyente. Su legado no solo se mide en discos vendidos, sino en c\u00f3mo han expandido los l\u00edmites de lo que puede ser una banda de rock en el siglo XXI.<\/p>\n<p>Comparte tus opiniones en\u00a0<strong><a href=\"https:\/\/crazyminds.es\/\" target=\"_blank\" rel=\"noreferrer noopener nofollow\">CrazyMinds<\/a><\/strong>, nuestras redes sociales (<strong><a href=\"https:\/\/www.instagram.com\/crazymindsweb\" target=\"_blank\" rel=\"noreferrer noopener nofollow\">Instagram<\/a>,\u00a0<a href=\"https:\/\/www.twitter.com\/crazymindsweb\" target=\"_blank\" rel=\"noreferrer noopener nofollow\">Twitter<\/a><\/strong>\u00a0o\u00a0<strong><a href=\"https:\/\/bsky.app\/profile\/crazyminds.bsky.social\" target=\"_blank\" rel=\"noreferrer noopener nofollow\">Bluesky<\/a><\/strong>) o nuestro\u00a0<strong><a href=\"https:\/\/whatsapp.com\/channel\/0029Va7wSQd65yD3lCz3N81e\" target=\"_blank\" rel=\"noreferrer noopener nofollow\">canal oficial de Whatsapp<\/a><\/strong>.<\/p>\n<p><script async src=\"https:\/\/platform.twitter.com\/widgets.js\" charset=\"utf-8\"><\/script><script async src=\"\/\/www.instagram.com\/embed.js\"><\/script><\/p>\n","protected":false},"excerpt":{"rendered":"Si fuiste uno de los miles que se quedaron sin entradas para ver a Radiohead en su esperad\u00edsima&hellip;\n","protected":false},"author":2,"featured_media":118472,"comment_status":"","ping_status":"","sticky":false,"template":"","format":"standard","meta":{"footnotes":""},"categories":[170],"tags":[146,147,25,24,184,185,23],"class_list":{"0":"post-118471","1":"post","2":"type-post","3":"status-publish","4":"format-standard","5":"has-post-thumbnail","7":"category-musica","8":"tag-entertainment","9":"tag-entretenimiento","10":"tag-es","11":"tag-espana","12":"tag-music","13":"tag-musica","14":"tag-spain"},"share_on_mastodon":{"url":"","error":""},"_links":{"self":[{"href":"https:\/\/www.europesays.com\/es\/wp-json\/wp\/v2\/posts\/118471","targetHints":{"allow":["GET"]}}],"collection":[{"href":"https:\/\/www.europesays.com\/es\/wp-json\/wp\/v2\/posts"}],"about":[{"href":"https:\/\/www.europesays.com\/es\/wp-json\/wp\/v2\/types\/post"}],"author":[{"embeddable":true,"href":"https:\/\/www.europesays.com\/es\/wp-json\/wp\/v2\/users\/2"}],"replies":[{"embeddable":true,"href":"https:\/\/www.europesays.com\/es\/wp-json\/wp\/v2\/comments?post=118471"}],"version-history":[{"count":0,"href":"https:\/\/www.europesays.com\/es\/wp-json\/wp\/v2\/posts\/118471\/revisions"}],"wp:featuredmedia":[{"embeddable":true,"href":"https:\/\/www.europesays.com\/es\/wp-json\/wp\/v2\/media\/118472"}],"wp:attachment":[{"href":"https:\/\/www.europesays.com\/es\/wp-json\/wp\/v2\/media?parent=118471"}],"wp:term":[{"taxonomy":"category","embeddable":true,"href":"https:\/\/www.europesays.com\/es\/wp-json\/wp\/v2\/categories?post=118471"},{"taxonomy":"post_tag","embeddable":true,"href":"https:\/\/www.europesays.com\/es\/wp-json\/wp\/v2\/tags?post=118471"}],"curies":[{"name":"wp","href":"https:\/\/api.w.org\/{rel}","templated":true}]}}