{"id":118473,"date":"2025-09-16T09:37:07","date_gmt":"2025-09-16T09:37:07","guid":{"rendered":"https:\/\/www.europesays.com\/es\/118473\/"},"modified":"2025-09-16T09:37:07","modified_gmt":"2025-09-16T09:37:07","slug":"stallone-trabajo-en-una-precuela-de-rambo-con-ia-pero-fue-cancelada-asi-era-el-proyecto","status":"publish","type":"post","link":"https:\/\/www.europesays.com\/es\/118473\/","title":{"rendered":"Stallone trabaj\u00f3 en una precuela de \u2018Rambo\u2019 con IA, pero fue cancelada: as\u00ed era el proyecto"},"content":{"rendered":"<p class=\"\"><a href=\"https:\/\/as.com\/meristation\/cine\/sylvester-stallone-y-harrison-ford-comparten-este-record-casi-imposible-de-superar-n\/\" target=\"_self\" rel=\"nofollow noopener\" title=\"https:\/\/as.com\/meristation\/cine\/sylvester-stallone-y-harrison-ford-comparten-este-record-casi-imposible-de-superar-n\/\">Sylvester Stallone<\/a> estuvo involucrado en una nueva<a href=\"https:\/\/as.com\/meristation\/cine\/sylvester-stallone-rodo-rambo-en-tenerife-y-adopto-una-costumbre-muy-espanola-mientras-grababa-n\/\" target=\"_self\" rel=\"nofollow noopener\" title=\"https:\/\/as.com\/meristation\/cine\/sylvester-stallone-rodo-rambo-en-tenerife-y-adopto-una-costumbre-muy-espanola-mientras-grababa-n\/\"> pel\u00edcula de \u2018Rambo\u2019<\/a>, un filme que iba a centrarse en una versi\u00f3n joven del personaje, pero con una particularidad:<b> <\/b>la idea era hacerla utilizando la inteligencia artificial. As\u00ed lo ha revelado el propio actor en entrevista con <a href=\"https:\/\/screenrant.com\/sylvester-stallone-reveals-ai-rambo-prequel\/\" target=\"_blank\" rel=\"nofollow noopener\" title=\"https:\/\/screenrant.com\/sylvester-stallone-reveals-ai-rambo-prequel\/\">ScreenRant<\/a>, donde ha explicado <b>que quer\u00eda usar la IA para recrear a Rambo en su juventud<\/b>, al estilo \u2018The Mandalorian\u2019 o \u2018Indiana Jones y el dial del destino.<\/p>\n<p class=\"\">Sin embargo, <b>el proyecto no sali\u00f3 adelante<\/b>, por lo que Stallone no volver\u00e1 a interpretar a Rambo de momento. <\/p>\n<p><img decoding=\"async\" src=\"https:\/\/www.europesays.com\/es\/wp-content\/uploads\/2025\/09\/Y3MXLFHJT5FHLPJCNH5U4M6KKE.jpg\" alt=\"La transformaci\u00f3n f\u00edsica de Sylvester Stallone a lo largo de toda su carrera en el cine\" class=\"mm__img\"   width=\"1200\" height=\"675\" loading=\"lazy\"\/><\/p>\n<p>Ampliar<\/p>\n<p>As\u00ed iba a ser la precuela de \u2018Rambo\u2019 echa con IA<\/p>\n<p class=\"\">\u201cDeseaba hacer la primera con IA&#8230; no de forma retroactiva&#8230; pero quer\u00eda reescribir la historia del primer Rambo porque <b>me apetec\u00eda que Rambo fuera el chico m\u00e1s simp\u00e1tico del instituto<\/b>, el mejor estudiante, el rey del baile y todo eso\u201d, ha explicado.<\/p>\n<p class=\"\">\u201cY cuando va a Vietnam, piensa que va a ser una operaci\u00f3n r\u00e1pida de tres semanas, pero<b> lo ves siendo torturado y capturado, sus amigos asesinados<\/b>, una cosa tras otra, y [su] vida en Saig\u00f3n. Y as\u00ed fue como me convert\u00ed en lo que soy, pero originalmente yo era un bon vivant, ese tipo de persona. Y pens\u00e9: \u2018Podr\u00edamos hacer esto con IA\u2019, pero [nosotros] lo dejamos para m\u00e1s tarde demasiado tiempo y ellos se adelantaron, y bueno, espero que les vaya bien\u00bb.<\/p>\n<p class=\"\">Se refiere a la <a href=\"https:\/\/as.com\/meristation\/cine\/ya-se-sabe-quien-sera-rambo-en-la-nueva-pelicula-de-la-saga-este-es-el-sustituto-de-sylvester-stallone-n\/\" target=\"_self\" rel=\"nofollow noopener\" title=\"https:\/\/as.com\/meristation\/cine\/ya-se-sabe-quien-sera-rambo-en-la-nueva-pelicula-de-la-saga-este-es-el-sustituto-de-sylvester-stallone-n\/\">nueva pel\u00edcula<\/a> de \u2018Rambo\u2019, una precuela dirigida por Jalmari Helander y escrita por Rory Haines y Sohrab Noshirvani. Seg\u00fan desvel\u00f3 Deadline, <b>Noah Centineo<\/b> <b>ha sido elegido para ser Rambo<\/b>. Sylvester Stallone no est\u00e1 involucrado en el proyecto.<\/p>\n<p>Noticias relacionadas<\/p>\n<p class=\"\">Suscr\u00edbete al <a href=\"https:\/\/www.youtube.com\/@meristation\" target=\"_self\" rel=\"nofollow noopener\" title=\"https:\/\/www.youtube.com\/@meristation\">canal de MeriStation en YouTube<\/a>, tu web de videojuegos y entretenimiento para conocer todas las noticias y novedades sobre el mundo del videojuego, cine, series, manga y anime. An\u00e1lisis, entrevistas, tr\u00e1ileres, gameplays, p\u00f3dcast y mucho m\u00e1s. Tambi\u00e9n te animamos a seguir <a href=\"https:\/\/www.tiktok.com\/@meristation\" rel=\"nofollow noopener\" title=\"https:\/\/www.tiktok.com\/@meristation\" target=\"_blank\">nuestra cuenta de TikTok<\/a>. <\/p>\n<p class=\"\">\u00a1S\u00edguenos en ambas y, si est\u00e1s interesado en licenciar este contenido, pincha <a href=\"https:\/\/profesional.elpais.com\/soluciones-sindicacion?utm_medium=interno&amp;utm_source=crosslinking&amp;utm_campaign=sindicacion_as_pie_articulos\" target=\"_blank\" rel=\"nofollow noopener\" title=\"https:\/\/profesional.elpais.com\/soluciones-sindicacion?utm_medium=interno&amp;utm_source=crosslinking&amp;utm_campaign=sindicacion_as_pie_articulos\">aqu\u00ed<\/a>!<\/p>\n<p><script async src=\"\/\/www.tiktok.com\/embed.js\"><\/script><\/p>\n","protected":false},"excerpt":{"rendered":"Sylvester Stallone estuvo involucrado en una nueva pel\u00edcula de \u2018Rambo\u2019, un filme que iba a centrarse en una&hellip;\n","protected":false},"author":2,"featured_media":118474,"comment_status":"","ping_status":"","sticky":false,"template":"","format":"standard","meta":{"footnotes":""},"categories":[169],"tags":[177,146,147,25,24,176,175,23],"class_list":{"0":"post-118473","1":"post","2":"type-post","3":"status-publish","4":"format-standard","5":"has-post-thumbnail","7":"category-cine","8":"tag-cine","9":"tag-entertainment","10":"tag-entretenimiento","11":"tag-es","12":"tag-espana","13":"tag-film","14":"tag-movies","15":"tag-spain"},"share_on_mastodon":{"url":"","error":""},"_links":{"self":[{"href":"https:\/\/www.europesays.com\/es\/wp-json\/wp\/v2\/posts\/118473","targetHints":{"allow":["GET"]}}],"collection":[{"href":"https:\/\/www.europesays.com\/es\/wp-json\/wp\/v2\/posts"}],"about":[{"href":"https:\/\/www.europesays.com\/es\/wp-json\/wp\/v2\/types\/post"}],"author":[{"embeddable":true,"href":"https:\/\/www.europesays.com\/es\/wp-json\/wp\/v2\/users\/2"}],"replies":[{"embeddable":true,"href":"https:\/\/www.europesays.com\/es\/wp-json\/wp\/v2\/comments?post=118473"}],"version-history":[{"count":0,"href":"https:\/\/www.europesays.com\/es\/wp-json\/wp\/v2\/posts\/118473\/revisions"}],"wp:featuredmedia":[{"embeddable":true,"href":"https:\/\/www.europesays.com\/es\/wp-json\/wp\/v2\/media\/118474"}],"wp:attachment":[{"href":"https:\/\/www.europesays.com\/es\/wp-json\/wp\/v2\/media?parent=118473"}],"wp:term":[{"taxonomy":"category","embeddable":true,"href":"https:\/\/www.europesays.com\/es\/wp-json\/wp\/v2\/categories?post=118473"},{"taxonomy":"post_tag","embeddable":true,"href":"https:\/\/www.europesays.com\/es\/wp-json\/wp\/v2\/tags?post=118473"}],"curies":[{"name":"wp","href":"https:\/\/api.w.org\/{rel}","templated":true}]}}