{"id":118494,"date":"2025-09-16T09:51:08","date_gmt":"2025-09-16T09:51:08","guid":{"rendered":"https:\/\/www.europesays.com\/es\/118494\/"},"modified":"2025-09-16T09:51:08","modified_gmt":"2025-09-16T09:51:08","slug":"pello-bilbao-arremete-contra-la-hipocresia-de-la-uci-respecto-al-genocidio-de-gaza-ciclismo","status":"publish","type":"post","link":"https:\/\/www.europesays.com\/es\/118494\/","title":{"rendered":"Pello Bilbao arremete contra \u00abla hipocres\u00eda de la UCI\u00bb respecto al \u00abgenocidio de Gaza\u00bb | Ciclismo"},"content":{"rendered":"<p>        <img decoding=\"async\" alt=\"Pello Bilbao, durante una contrarreloj por carreteras vascas. \" height=\"1000\" loading=\"lazy\"  src=\"https:\/\/www.europesays.com\/es\/wp-content\/uploads\/2025\/09\/bilbao.jpg\"  width=\"1500\"\/>Pello Bilbao, durante una contrarreloj por carreteras vascas.  (Gorka RUBIO | FOKU)<\/p>\n<p><a href=\"https:\/\/www.naiz.eus\/eu\/info\/noticia\/20250914\/la-vuelta-cancela-la-ultima-etapa-en-madrid-por-las-protestas-masivas-en-favor-de-palestina\" rel=\"nofollow noopener\" target=\"_blank\">Terminada una Vuelta<\/a> en la que \u00e9l esta vez no ha participado, el ciclista gernikarra del Bahrain Pello Bilbao se ha mostrado muy cr\u00edtico con la \u00abhipocres\u00eda de la UCI\u00bb, que en su d\u00eda no tuvo reparos en vetar al equipo ruso Gazprom pero que no toma la misma decisi\u00f3n respecto al Israel Premier Tech, a pesar de que \u00ablo de Gaza es un genocidio\u00bb.<\/p>\n<p>En una entrevista con \u2018El Peri\u00f3dico\u2019, el vizcaino, una de las voces m\u00e1s respetadas del pelot\u00f3n a sus 35 a\u00f1os,\u00a0afirma que es \u00abbastante radical en este tema\u00bb, por lo que usa sus redes para dar visibilidad a lo que sucede en la Franja. \u00abLo de Gaza es un genocidio y as\u00ed lo considero desde hace mucho tiempo. Ahora, afortunadamente, la gente se est\u00e1 convenciendo de ello. El Gobierno espa\u00f1ol ha sido uno de los primeros en dar el paso y denunciarlo a la Uni\u00f3n Europea. Parece que ahora se empiezan a tomar algunas medidas efectivas\u00bb.<\/p>\n<p>A su juicio, \u00absi se hubiese tomado una decisi\u00f3n antes de comenzar la Vuelta se pod\u00edan haber evitado las protestas\u00bb, y pone la pelota en el tejado de \u00ablos jueces de carrera, la UCI o el propio Gobierno, que es el que garantiza la seguridad en carrera\u00bb.<\/p>\n<p>Preguntado por los manifestantes, el de Gernika se\u00f1ala en el rotativo catal\u00e1n que \u00abmenos mal que hay gente que tiene conciencia y visibiliza este problema, porque en Gaza est\u00e1 muriendo gente inocente, entre ellos ni\u00f1os y periodistas. Hay que hacer ruido y dar las gracias a las personas que salen a la calle o se embarcan en una flotilla y se juegan el pellejo para llevar alimentos y romper el bloqueo a Palestina\u00bb.<\/p>\n<p>\u00abSe para una carrera, pero no el mundo entero. Esto no debe ser la discusi\u00f3n principal cuando hay m\u00e1s de 60.000 civiles muertos en Gaza; 20.000 de ellos han sido ni\u00f1os. \u00bfQu\u00e9 culpa tienen de haber nacido en Palestina? \u00a1Es que no tienen ni la posibilidad de huir!\u00bb, subraya.<\/p>\n<p><strong>\u00abSituaci\u00f3n muy complicada\u00bb<\/strong><\/p>\n<p>Respecto a la participaci\u00f3n del equipo Israel en las competiciones, reconoce que es una situaci\u00f3n complicada porque \u00abtengo a excompa\u00f1eros y gente conocida all\u00ed dentro con los que me llevo bien y s\u00e9 que trabajan duro en el equipo. Es una situaci\u00f3n muy complicada y ellos sufren tambi\u00e9n\u00bb. Adem\u00e1s, no est\u00e1n faltando las cr\u00edticas a su propia \u00abhipocres\u00eda\u00bb, ya que milita en un equipo, el Barhain, que representa a otro pa\u00eds con conocidas carencias en el respeto a los derechos humanos. <\/p>\n<p>En este contexto, Pello Bilbao recuerda el caso del Gazprom ruso y se pregunta \u00ab\u00bfpor qu\u00e9 unos s\u00ed y otros no? No s\u00e9 si creen que se solucionar\u00e1 el problema si Israel y Sylvan Adams salen del equipo y se queda solo Premier Tech como escuadra canadiense. Igual es una l\u00ednea intermedia\u00bb.<\/p>\n<p>El ciclista de Gernika se\u00f1ala que esta Vuelta ha puesto en evidencia \u00abla debilidad del ciclismo\u00bb, ya que \u00abes imposible controlar una carrera que recorre kil\u00f3metros y m\u00e1s kil\u00f3metros, por lo que es muy f\u00e1cil boicotearla\u00bb. Bilbao asegura que \u00aben el pelot\u00f3n hay muchos compa\u00f1eros que piensan igual. Yo dir\u00eda que es la mayor\u00eda, pero nadie lo dice tan claro como yo, as\u00ed que lo m\u00e1s sencillo es no pronunciarse y evitar situaciones inc\u00f3modas\u00bb.<\/p>\n","protected":false},"excerpt":{"rendered":"Pello Bilbao, durante una contrarreloj por carreteras vascas. (Gorka RUBIO | FOKU) Terminada una Vuelta en la que&hellip;\n","protected":false},"author":2,"featured_media":118495,"comment_status":"","ping_status":"","sticky":false,"template":"","format":"standard","meta":{"footnotes":""},"categories":[273],"tags":[16360,2601,313,19913,312,168,25,24,694,79,39404,12609,16367,23,167,11214],"class_list":{"0":"post-118494","1":"post","2":"type-post","3":"status-publish","4":"format-standard","5":"has-post-thumbnail","7":"category-ciclismo","8":"tag-arremete","9":"tag-bilbao","10":"tag-ciclismo","11":"tag-contra","12":"tag-cycling","13":"tag-deportes","14":"tag-es","15":"tag-espana","16":"tag-gaza","17":"tag-genocidio","18":"tag-hipocresia","19":"tag-pello","20":"tag-respecto","21":"tag-spain","22":"tag-sports","23":"tag-uci"},"share_on_mastodon":{"url":"","error":""},"_links":{"self":[{"href":"https:\/\/www.europesays.com\/es\/wp-json\/wp\/v2\/posts\/118494","targetHints":{"allow":["GET"]}}],"collection":[{"href":"https:\/\/www.europesays.com\/es\/wp-json\/wp\/v2\/posts"}],"about":[{"href":"https:\/\/www.europesays.com\/es\/wp-json\/wp\/v2\/types\/post"}],"author":[{"embeddable":true,"href":"https:\/\/www.europesays.com\/es\/wp-json\/wp\/v2\/users\/2"}],"replies":[{"embeddable":true,"href":"https:\/\/www.europesays.com\/es\/wp-json\/wp\/v2\/comments?post=118494"}],"version-history":[{"count":0,"href":"https:\/\/www.europesays.com\/es\/wp-json\/wp\/v2\/posts\/118494\/revisions"}],"wp:featuredmedia":[{"embeddable":true,"href":"https:\/\/www.europesays.com\/es\/wp-json\/wp\/v2\/media\/118495"}],"wp:attachment":[{"href":"https:\/\/www.europesays.com\/es\/wp-json\/wp\/v2\/media?parent=118494"}],"wp:term":[{"taxonomy":"category","embeddable":true,"href":"https:\/\/www.europesays.com\/es\/wp-json\/wp\/v2\/categories?post=118494"},{"taxonomy":"post_tag","embeddable":true,"href":"https:\/\/www.europesays.com\/es\/wp-json\/wp\/v2\/tags?post=118494"}],"curies":[{"name":"wp","href":"https:\/\/api.w.org\/{rel}","templated":true}]}}